{"id":1062,"date":"2018-04-13T08:27:20","date_gmt":"2018-04-13T11:27:20","guid":{"rendered":"http:\/\/www.tcuentaslp.gob.ar\/?p=1062"},"modified":"2018-04-25T11:32:54","modified_gmt":"2018-04-25T14:32:54","slug":"autoridades-participaron-de-la-reunion-del-secretariado-permanente-de-tdec-de-la-argentina","status":"publish","type":"post","link":"https:\/\/www.tcuentaslp.gob.ar\/?p=1062","title":{"rendered":"Autoridades participaron de la reuni\u00f3n del Secretariado Permanente de Tribunales de Cuentas"},"content":{"rendered":"<p>La presidente del Tribunal de Cuentas de La Pampa, CPN Mar\u00eda Alejandra Mac Allister, y el vocal Francisco Garc\u00eda, participaron de la primer reuni\u00f3n anual del Secretariado Permanente de TdeC, \u00d3rganos y Organismos P\u00fablicos de Control Externo de la Rep\u00fablica Argentina. El encuentro se desarroll\u00f3 en Mendoza el 4, 5 y 6 de abril.<\/p>\n<p>En paralelo se desarroll\u00f3 tambi\u00e9n la Primer Reuni\u00f3n Anual de ASUR (Asociaci\u00f3n de Entidades Oficiales de Control P\u00fablico del Mercosur), a la que asistieron\u00a0 representantes del Centro de Coordena\u00e7\u00e3o dos Tribunais de Contas do Brasil. Mac Allister integra ese organismo internacional como Secretaria de Relaciones Institucionales.<\/p>\n","protected":false},"excerpt":{"rendered":"<p>La presidente del Tribunal de Cuentas de La Pampa, CPN Mar\u00eda Alejandra Mac Allister, y el vocal Francisco Garc\u00eda, participaron &#8230; <a title=\"Autoridades participaron de la reuni\u00f3n del Secretariado Permanente de Tribunales de Cuentas\" class=\"read-more\" href=\"https:\/\/www.tcuentaslp.gob.ar\/?p=1062\">Leer m\u00e1s&#8230;<\/a><\/p>\n","protected":false},"author":2,"featured_media":1063,"comment_status":"closed","ping_status":"closed","sticky":false,"template":"","format":"standard","meta":{"generate_page_header":""},"categories":[5],"tags":[37,77,38],"yoast_head":"<!-- This site is optimized with the Yoast SEO plugin v20.12 - https:\/\/yoast.com\/wordpress\/plugins\/seo\/ -->\n<title>Autoridades participaron de la reuni\u00f3n del Secretariado Permanente de Tribunales de Cuentas -<\/title>\n<meta name=\"robots\" content=\"index, follow, max-snippet:-1, max-image-preview:large, max-video-preview:-1\" \/>\n<link rel=\"canonical\" href=\"https:\/\/www.tcuentaslp.gob.ar\/?p=1062\" \/>\n<meta property=\"og:locale\" content=\"es_ES\" \/>\n<meta property=\"og:type\" content=\"article\" \/>\n<meta property=\"og:title\" content=\"Autoridades participaron de la reuni\u00f3n del Secretariado Permanente de Tribunales de Cuentas -\" \/>\n<meta property=\"og:description\" content=\"La presidente del Tribunal de Cuentas de La Pampa, CPN Mar\u00eda Alejandra Mac Allister, y el vocal Francisco Garc\u00eda, participaron ... Leer m\u00e1s...\" \/>\n<meta property=\"og:url\" content=\"https:\/\/www.tcuentaslp.gob.ar\/?p=1062\" \/>\n<meta property=\"article:publisher\" content=\"https:\/\/es-la.facebook.com\/TdeCLaPampa\/\" \/>\n<meta property=\"article:published_time\" content=\"2018-04-13T11:27:20+00:00\" \/>\n<meta property=\"article:modified_time\" content=\"2018-04-25T14:32:54+00:00\" \/>\n<meta property=\"og:image\" content=\"https:\/\/www.tcuentaslp.gob.ar\/wp-content\/uploads\/2018\/04\/Marita-en-Mendoza-3.jpg\" \/>\n\t<meta property=\"og:image:width\" content=\"726\" \/>\n\t<meta property=\"og:image:height\" content=\"532\" \/>\n\t<meta property=\"og:image:type\" content=\"image\/jpeg\" \/>\n<meta name=\"author\" content=\"Norberto Asquini\" \/>\n<meta name=\"twitter:card\" content=\"summary_large_image\" \/>\n<meta name=\"twitter:label1\" content=\"Escrito por\" \/>\n\t<meta name=\"twitter:data1\" content=\"Norberto Asquini\" \/>\n\t<meta name=\"twitter:label2\" content=\"Tiempo de lectura\" \/>\n\t<meta name=\"twitter:data2\" content=\"1 minuto\" \/>\n<script type=\"application\/ld+json\" class=\"yoast-schema-graph\">{\"@context\":\"https:\/\/schema.org\",\"@graph\":[{\"@type\":\"Article\",\"@id\":\"https:\/\/www.tcuentaslp.gob.ar\/?p=1062#article\",\"isPartOf\":{\"@id\":\"https:\/\/www.tcuentaslp.gob.ar\/?p=1062\"},\"author\":{\"name\":\"Norberto Asquini\",\"@id\":\"https:\/\/www.tcuentaslp.gob.ar\/#\/schema\/person\/6a478debd9d3d6faf9bc9b0029cbb15d\"},\"headline\":\"Autoridades participaron de la reuni\u00f3n del Secretariado Permanente de Tribunales de Cuentas\",\"datePublished\":\"2018-04-13T11:27:20+00:00\",\"dateModified\":\"2018-04-25T14:32:54+00:00\",\"mainEntityOfPage\":{\"@id\":\"https:\/\/www.tcuentaslp.gob.ar\/?p=1062\"},\"wordCount\":120,\"publisher\":{\"@id\":\"https:\/\/www.tcuentaslp.gob.ar\/#organization\"},\"keywords\":[\"eventos\",\"Francisco Garc\u00eda\",\"Mar\u00eda Alejandra Mac Allister\"],\"articleSection\":[\"Noticias\"],\"inLanguage\":\"es-AR\"},{\"@type\":\"WebPage\",\"@id\":\"https:\/\/www.tcuentaslp.gob.ar\/?p=1062\",\"url\":\"https:\/\/www.tcuentaslp.gob.ar\/?p=1062\",\"name\":\"Autoridades participaron de la reuni\u00f3n del Secretariado Permanente de Tribunales de Cuentas -\",\"isPartOf\":{\"@id\":\"https:\/\/www.tcuentaslp.gob.ar\/#website\"},\"datePublished\":\"2018-04-13T11:27:20+00:00\",\"dateModified\":\"2018-04-25T14:32:54+00:00\",\"breadcrumb\":{\"@id\":\"https:\/\/www.tcuentaslp.gob.ar\/?p=1062#breadcrumb\"},\"inLanguage\":\"es-AR\",\"potentialAction\":[{\"@type\":\"ReadAction\",\"target\":[\"https:\/\/www.tcuentaslp.gob.ar\/?p=1062\"]}]},{\"@type\":\"BreadcrumbList\",\"@id\":\"https:\/\/www.tcuentaslp.gob.ar\/?p=1062#breadcrumb\",\"itemListElement\":[{\"@type\":\"ListItem\",\"position\":1,\"name\":\"Inicio\",\"item\":\"https:\/\/www.tcuentaslp.gob.ar\/\"},{\"@type\":\"ListItem\",\"position\":2,\"name\":\"Autoridades participaron de la reuni\u00f3n del Secretariado Permanente de Tribunales de Cuentas\"}]},{\"@type\":\"WebSite\",\"@id\":\"https:\/\/www.tcuentaslp.gob.ar\/#website\",\"url\":\"https:\/\/www.tcuentaslp.gob.ar\/\",\"name\":\"Tribunal de Cuentas de La Pampa\",\"description\":\"\",\"publisher\":{\"@id\":\"https:\/\/www.tcuentaslp.gob.ar\/#organization\"},\"potentialAction\":[{\"@type\":\"SearchAction\",\"target\":{\"@type\":\"EntryPoint\",\"urlTemplate\":\"https:\/\/www.tcuentaslp.gob.ar\/?s={search_term_string}\"},\"query-input\":\"required name=search_term_string\"}],\"inLanguage\":\"es-AR\"},{\"@type\":\"Organization\",\"@id\":\"https:\/\/www.tcuentaslp.gob.ar\/#organization\",\"name\":\"Tribunal de Cuentas de La Pampa\",\"url\":\"https:\/\/www.tcuentaslp.gob.ar\/\",\"logo\":{\"@type\":\"ImageObject\",\"inLanguage\":\"es-AR\",\"@id\":\"https:\/\/www.tcuentaslp.gob.ar\/#\/schema\/logo\/image\/\",\"url\":\"http:\/\/www.tcuentaslp.gob.ar\/wp-content\/uploads\/2017\/10\/logo_tribunal.png\",\"contentUrl\":\"http:\/\/www.tcuentaslp.gob.ar\/wp-content\/uploads\/2017\/10\/logo_tribunal.png\",\"width\":200,\"height\":204,\"caption\":\"Tribunal de Cuentas de La Pampa\"},\"image\":{\"@id\":\"https:\/\/www.tcuentaslp.gob.ar\/#\/schema\/logo\/image\/\"},\"sameAs\":[\"https:\/\/es-la.facebook.com\/TdeCLaPampa\/\"]},{\"@type\":\"Person\",\"@id\":\"https:\/\/www.tcuentaslp.gob.ar\/#\/schema\/person\/6a478debd9d3d6faf9bc9b0029cbb15d\",\"name\":\"Norberto Asquini\"}]}<\/script>\n<!-- \/ Yoast SEO plugin. -->","yoast_head_json":{"title":"Autoridades participaron de la reuni\u00f3n del Secretariado Permanente de Tribunales de Cuentas -","robots":{"index":"index","follow":"follow","max-snippet":"max-snippet:-1","max-image-preview":"max-image-preview:large","max-video-preview":"max-video-preview:-1"},"canonical":"https:\/\/www.tcuentaslp.gob.ar\/?p=1062","og_locale":"es_ES","og_type":"article","og_title":"Autoridades participaron de la reuni\u00f3n del Secretariado Permanente de Tribunales de Cuentas -","og_description":"La presidente del Tribunal de Cuentas de La Pampa, CPN Mar\u00eda Alejandra Mac Allister, y el vocal Francisco Garc\u00eda, participaron ... Leer m\u00e1s...","og_url":"https:\/\/www.tcuentaslp.gob.ar\/?p=1062","article_publisher":"https:\/\/es-la.facebook.com\/TdeCLaPampa\/","article_published_time":"2018-04-13T11:27:20+00:00","article_modified_time":"2018-04-25T14:32:54+00:00","og_image":[{"width":726,"height":532,"url":"https:\/\/www.tcuentaslp.gob.ar\/wp-content\/uploads\/2018\/04\/Marita-en-Mendoza-3.jpg","type":"image\/jpeg"}],"author":"Norberto Asquini","twitter_card":"summary_large_image","twitter_misc":{"Escrito por":"Norberto Asquini","Tiempo de lectura":"1 minuto"},"schema":{"@context":"https:\/\/schema.org","@graph":[{"@type":"Article","@id":"https:\/\/www.tcuentaslp.gob.ar\/?p=1062#article","isPartOf":{"@id":"https:\/\/www.tcuentaslp.gob.ar\/?p=1062"},"author":{"name":"Norberto Asquini","@id":"https:\/\/www.tcuentaslp.gob.ar\/#\/schema\/person\/6a478debd9d3d6faf9bc9b0029cbb15d"},"headline":"Autoridades participaron de la reuni\u00f3n del Secretariado Permanente de Tribunales de Cuentas","datePublished":"2018-04-13T11:27:20+00:00","dateModified":"2018-04-25T14:32:54+00:00","mainEntityOfPage":{"@id":"https:\/\/www.tcuentaslp.gob.ar\/?p=1062"},"wordCount":120,"publisher":{"@id":"https:\/\/www.tcuentaslp.gob.ar\/#organization"},"keywords":["eventos","Francisco Garc\u00eda","Mar\u00eda Alejandra Mac Allister"],"articleSection":["Noticias"],"inLanguage":"es-AR"},{"@type":"WebPage","@id":"https:\/\/www.tcuentaslp.gob.ar\/?p=1062","url":"https:\/\/www.tcuentaslp.gob.ar\/?p=1062","name":"Autoridades participaron de la reuni\u00f3n del Secretariado Permanente de Tribunales de Cuentas -","isPartOf":{"@id":"https:\/\/www.tcuentaslp.gob.ar\/#website"},"datePublished":"2018-04-13T11:27:20+00:00","dateModified":"2018-04-25T14:32:54+00:00","breadcrumb":{"@id":"https:\/\/www.tcuentaslp.gob.ar\/?p=1062#breadcrumb"},"inLanguage":"es-AR","potentialAction":[{"@type":"ReadAction","target":["https:\/\/www.tcuentaslp.gob.ar\/?p=1062"]}]},{"@type":"BreadcrumbList","@id":"https:\/\/www.tcuentaslp.gob.ar\/?p=1062#breadcrumb","itemListElement":[{"@type":"ListItem","position":1,"name":"Inicio","item":"https:\/\/www.tcuentaslp.gob.ar\/"},{"@type":"ListItem","position":2,"name":"Autoridades participaron de la reuni\u00f3n del Secretariado Permanente de Tribunales de Cuentas"}]},{"@type":"WebSite","@id":"https:\/\/www.tcuentaslp.gob.ar\/#website","url":"https:\/\/www.tcuentaslp.gob.ar\/","name":"Tribunal de Cuentas de La Pampa","description":"","publisher":{"@id":"https:\/\/www.tcuentaslp.gob.ar\/#organization"},"potentialAction":[{"@type":"SearchAction","target":{"@type":"EntryPoint","urlTemplate":"https:\/\/www.tcuentaslp.gob.ar\/?s={search_term_string}"},"query-input":"required name=search_term_string"}],"inLanguage":"es-AR"},{"@type":"Organization","@id":"https:\/\/www.tcuentaslp.gob.ar\/#organization","name":"Tribunal de Cuentas de La Pampa","url":"https:\/\/www.tcuentaslp.gob.ar\/","logo":{"@type":"ImageObject","inLanguage":"es-AR","@id":"https:\/\/www.tcuentaslp.gob.ar\/#\/schema\/logo\/image\/","url":"http:\/\/www.tcuentaslp.gob.ar\/wp-content\/uploads\/2017\/10\/logo_tribunal.png","contentUrl":"http:\/\/www.tcuentaslp.gob.ar\/wp-content\/uploads\/2017\/10\/logo_tribunal.png","width":200,"height":204,"caption":"Tribunal de Cuentas de La Pampa"},"image":{"@id":"https:\/\/www.tcuentaslp.gob.ar\/#\/schema\/logo\/image\/"},"sameAs":["https:\/\/es-la.facebook.com\/TdeCLaPampa\/"]},{"@type":"Person","@id":"https:\/\/www.tcuentaslp.gob.ar\/#\/schema\/person\/6a478debd9d3d6faf9bc9b0029cbb15d","name":"Norberto Asquini"}]}},"_links":{"self":[{"href":"https:\/\/www.tcuentaslp.gob.ar\/index.php?rest_route=\/wp\/v2\/posts\/1062"}],"collection":[{"href":"https:\/\/www.tcuentaslp.gob.ar\/index.php?rest_route=\/wp\/v2\/posts"}],"about":[{"href":"https:\/\/www.tcuentaslp.gob.ar\/index.php?rest_route=\/wp\/v2\/types\/post"}],"author":[{"embeddable":true,"href":"https:\/\/www.tcuentaslp.gob.ar\/index.php?rest_route=\/wp\/v2\/users\/2"}],"replies":[{"embeddable":true,"href":"https:\/\/www.tcuentaslp.gob.ar\/index.php?rest_route=%2Fwp%2Fv2%2Fcomments&post=1062"}],"version-history":[{"count":4,"href":"https:\/\/www.tcuentaslp.gob.ar\/index.php?rest_route=\/wp\/v2\/posts\/1062\/revisions"}],"predecessor-version":[{"id":1091,"href":"https:\/\/www.tcuentaslp.gob.ar\/index.php?rest_route=\/wp\/v2\/posts\/1062\/revisions\/1091"}],"wp:featuredmedia":[{"embeddable":true,"href":"https:\/\/www.tcuentaslp.gob.ar\/index.php?rest_route=\/wp\/v2\/media\/1063"}],"wp:attachment":[{"href":"https:\/\/www.tcuentaslp.gob.ar\/index.php?rest_route=%2Fwp%2Fv2%2Fmedia&parent=1062"}],"wp:term":[{"taxonomy":"category","embeddable":true,"href":"https:\/\/www.tcuentaslp.gob.ar\/index.php?rest_route=%2Fwp%2Fv2%2Fcategories&post=1062"},{"taxonomy":"post_tag","embeddable":true,"href":"https:\/\/www.tcuentaslp.gob.ar\/index.php?rest_route=%2Fwp%2Fv2%2Ftags&post=1062"}],"curies":[{"name":"wp","href":"https:\/\/api.w.org\/{rel}","templated":true}]}}