{"id":1077,"date":"2016-08-23T12:17:33","date_gmt":"2016-08-23T15:17:33","guid":{"rendered":"http:\/\/www.tcuentaslp.gob.ar\/?p=1077"},"modified":"2018-04-16T12:17:57","modified_gmt":"2018-04-16T15:17:57","slug":"mencion-premio-nacional-a-la-calidad-2015","status":"publish","type":"post","link":"https:\/\/www.tcuentaslp.gob.ar\/?p=1077","title":{"rendered":"Menci\u00f3n Premio Nacional a la Calidad 2015"},"content":{"rendered":"<div>\n<p style=\"text-align: justify;\">El d\u00eda 23\/08\/2016 fueron entregados en Casa de Gobierno en el Sal\u00f3n de los Pueblos Originarios los Premios Nacionales a la Calidad correspondientes al a\u00f1o 2015, con la presencia de La Sra. Vicepresidenta de la Naci\u00f3n Dra. Gabriela Michetti; El Sr. Ministro de Modernizaci\u00f3n, Lic. Andr\u00e9s Ibarra; el Se\u00f1or Ministro de la Producci\u00f3n Ing. D. Francisco A. Cabrera; la Secretar\u00eda de Gesti\u00f3n e Innovaci\u00f3n P\u00fablica, Lic. Mar\u00eda In\u00e9s Baqu\u00e9; el Secretar\u00eda de la Transformaci\u00f3n Productiva, Lucio Castro y Pte. de FUNDECE-FUNDAPRE-IPACE Mg. Lic. Santiago Murtagh.<\/p>\n<\/div>\n<div style=\"text-align: justify;\">\n<p>Se entregaron las menciones y premios para instituciones p\u00fablicas y empresas privadas que fueron seleccionadas y auditadas por su compromiso con la calidad en la prestaci\u00f3n de los servicios p\u00fablicos.<\/p>\n<\/div>\n<div style=\"text-align: justify;\">\n<p>Resultaron ganadores por el Sector P\u00fablico: Direcci\u00f3n de Publicaciones del Senado de la naci\u00f3n; Instituto de Turismo del Chaco; Hospital Escuela de Salud Mental Dr. Carlos Pereyra Mendoza. Y recibieron reconocimientos: Direcci\u00f3n General de Registro, Gesti\u00f3n y Archivo Documental; Secretar\u00eda de Turismo de Salta; Policia de la Provincia de Salta; Subsecretaria de Turismo de la Provincia de Neuqu\u00e9n; Tribunal de Cuentas de la Provincia de la Pampa.<\/p>\n<\/div>\n<div style=\"text-align: justify;\">\n<p>La menci\u00f3n fue recibida por el \u00a0Presidente Subrogante del organismo Dr. Francisco GARCIA y el Secretario Dr. Jos\u00e9 Carlos MOSLARES de manos del Ministro de Modernizaci\u00f3n de la Naci\u00f3n Argentina Lic. \u00a0Andr\u00e9s IBARRA.<\/p>\n<\/div>\n<div style=\"text-align: justify;\">\n<p>Esta distinci\u00f3n implica un sincero reconocimiento a la labor diaria desplegada por todo el personal que integra el Tribunal de Cuentas de La Pampa en pos de un proceso de mejora continua auditada interna y externamente desde hace diez a\u00f1os.<\/p>\n<\/div>\n<div style=\"text-align: justify;\">\n<p>El Premio Nacional a la Calidad en el Sector P\u00fablico fue creado mediante la sanci\u00f3n de la Ley N\u00ba 24.127, con el fin de impulsar procesos de mejora continua en la administraci\u00f3n p\u00fablica. El mismo, de car\u00e1cter simb\u00f3lico y no econ\u00f3mico, se otorga desde 1994 a organismos y entidades p\u00fablicas de los distintos niveles de gobierno y constituye un est\u00edmulo para avanzar hacia la gesti\u00f3n total de calidad.<\/p>\n<\/div>\n<div style=\"text-align: justify;\">\n<p>A esta distinci\u00f3n se accedi\u00f3 mediante un proceso que incluy\u00f3 la participaci\u00f3n de un comit\u00e9 evaluador y una Junta integrada por nueve jueces que han reconocido la labor desplegada por el organismo provincial.<\/p>\n<\/div>\n<div style=\"text-align: justify;\">\n<p>En este sentido el Tribunal de Cuentas considera a las pol\u00edticas de la calidad como parte inescindible de sus funciones de contralor, que deben desarrollarse \u00a0no solo bajo el estricto cumplimiento de los mandatos legales sino tambi\u00e9n observando los procesos de gesti\u00f3n pertinentes.<\/p>\n<\/div>\n<div>\n<p style=\"text-align: justify;\">\u00a0La b\u00fasqueda de la excelencia se ha convertido en una necesidad social que debe ser conseguida tanto por el sector privado como p\u00fablico. Por ello es que la distinci\u00f3n con que se ha galardonado a este Tribunal de Cuentas representa el apoyo a un modelo de calidad elegido, que debe ser emulado por todas las organizaciones p\u00fablicas.<\/p>\n<\/div>\n","protected":false},"excerpt":{"rendered":"<p>El d\u00eda 23\/08\/2016 fueron entregados en Casa de Gobierno en el Sal\u00f3n de los Pueblos Originarios los Premios Nacionales a &#8230; <a title=\"Menci\u00f3n Premio Nacional a la Calidad 2015\" class=\"read-more\" href=\"https:\/\/www.tcuentaslp.gob.ar\/?p=1077\">Leer m\u00e1s&#8230;<\/a><\/p>\n","protected":false},"author":1,"featured_media":1041,"comment_status":"closed","ping_status":"closed","sticky":false,"template":"","format":"standard","meta":{"generate_page_header":""},"categories":[5],"tags":[],"yoast_head":"<!-- This site is optimized with the Yoast SEO plugin v20.12 - https:\/\/yoast.com\/wordpress\/plugins\/seo\/ -->\n<title>Menci\u00f3n Premio Nacional a la Calidad 2015 -<\/title>\n<meta name=\"robots\" content=\"index, follow, max-snippet:-1, max-image-preview:large, max-video-preview:-1\" \/>\n<link rel=\"canonical\" href=\"https:\/\/www.tcuentaslp.gob.ar\/?p=1077\" \/>\n<meta property=\"og:locale\" content=\"es_ES\" \/>\n<meta property=\"og:type\" content=\"article\" \/>\n<meta property=\"og:title\" content=\"Menci\u00f3n Premio Nacional a la Calidad 2015 -\" \/>\n<meta property=\"og:description\" content=\"El d\u00eda 23\/08\/2016 fueron entregados en Casa de Gobierno en el Sal\u00f3n de los Pueblos Originarios los Premios Nacionales a ... Leer m\u00e1s...\" \/>\n<meta property=\"og:url\" content=\"https:\/\/www.tcuentaslp.gob.ar\/?p=1077\" \/>\n<meta property=\"article:publisher\" content=\"https:\/\/es-la.facebook.com\/TdeCLaPampa\/\" \/>\n<meta property=\"article:published_time\" content=\"2016-08-23T15:17:33+00:00\" \/>\n<meta property=\"article:modified_time\" content=\"2018-04-16T15:17:57+00:00\" \/>\n<meta property=\"og:image\" content=\"https:\/\/www.tcuentaslp.gob.ar\/wp-content\/uploads\/2016\/08\/premio_2015.jpg\" \/>\n\t<meta property=\"og:image:width\" content=\"543\" \/>\n\t<meta property=\"og:image:height\" content=\"768\" \/>\n\t<meta property=\"og:image:type\" content=\"image\/jpeg\" \/>\n<meta name=\"author\" content=\"tribumanager\" \/>\n<meta name=\"twitter:card\" content=\"summary_large_image\" \/>\n<meta name=\"twitter:label1\" content=\"Escrito por\" \/>\n\t<meta name=\"twitter:data1\" content=\"tribumanager\" \/>\n\t<meta name=\"twitter:label2\" content=\"Tiempo de lectura\" \/>\n\t<meta name=\"twitter:data2\" content=\"3 minutos\" \/>\n<script type=\"application\/ld+json\" class=\"yoast-schema-graph\">{\"@context\":\"https:\/\/schema.org\",\"@graph\":[{\"@type\":\"Article\",\"@id\":\"https:\/\/www.tcuentaslp.gob.ar\/?p=1077#article\",\"isPartOf\":{\"@id\":\"https:\/\/www.tcuentaslp.gob.ar\/?p=1077\"},\"author\":{\"name\":\"tribumanager\",\"@id\":\"https:\/\/www.tcuentaslp.gob.ar\/#\/schema\/person\/68a3a6277a719a33d6694fcf820f5a21\"},\"headline\":\"Menci\u00f3n Premio Nacional a la Calidad 2015\",\"datePublished\":\"2016-08-23T15:17:33+00:00\",\"dateModified\":\"2018-04-16T15:17:57+00:00\",\"mainEntityOfPage\":{\"@id\":\"https:\/\/www.tcuentaslp.gob.ar\/?p=1077\"},\"wordCount\":510,\"publisher\":{\"@id\":\"https:\/\/www.tcuentaslp.gob.ar\/#organization\"},\"articleSection\":[\"Noticias\"],\"inLanguage\":\"es-AR\"},{\"@type\":\"WebPage\",\"@id\":\"https:\/\/www.tcuentaslp.gob.ar\/?p=1077\",\"url\":\"https:\/\/www.tcuentaslp.gob.ar\/?p=1077\",\"name\":\"Menci\u00f3n Premio Nacional a la Calidad 2015 -\",\"isPartOf\":{\"@id\":\"https:\/\/www.tcuentaslp.gob.ar\/#website\"},\"datePublished\":\"2016-08-23T15:17:33+00:00\",\"dateModified\":\"2018-04-16T15:17:57+00:00\",\"breadcrumb\":{\"@id\":\"https:\/\/www.tcuentaslp.gob.ar\/?p=1077#breadcrumb\"},\"inLanguage\":\"es-AR\",\"potentialAction\":[{\"@type\":\"ReadAction\",\"target\":[\"https:\/\/www.tcuentaslp.gob.ar\/?p=1077\"]}]},{\"@type\":\"BreadcrumbList\",\"@id\":\"https:\/\/www.tcuentaslp.gob.ar\/?p=1077#breadcrumb\",\"itemListElement\":[{\"@type\":\"ListItem\",\"position\":1,\"name\":\"Inicio\",\"item\":\"https:\/\/www.tcuentaslp.gob.ar\/\"},{\"@type\":\"ListItem\",\"position\":2,\"name\":\"Menci\u00f3n Premio Nacional a la Calidad 2015\"}]},{\"@type\":\"WebSite\",\"@id\":\"https:\/\/www.tcuentaslp.gob.ar\/#website\",\"url\":\"https:\/\/www.tcuentaslp.gob.ar\/\",\"name\":\"Tribunal de Cuentas de La Pampa\",\"description\":\"\",\"publisher\":{\"@id\":\"https:\/\/www.tcuentaslp.gob.ar\/#organization\"},\"potentialAction\":[{\"@type\":\"SearchAction\",\"target\":{\"@type\":\"EntryPoint\",\"urlTemplate\":\"https:\/\/www.tcuentaslp.gob.ar\/?s={search_term_string}\"},\"query-input\":\"required name=search_term_string\"}],\"inLanguage\":\"es-AR\"},{\"@type\":\"Organization\",\"@id\":\"https:\/\/www.tcuentaslp.gob.ar\/#organization\",\"name\":\"Tribunal de Cuentas de La Pampa\",\"url\":\"https:\/\/www.tcuentaslp.gob.ar\/\",\"logo\":{\"@type\":\"ImageObject\",\"inLanguage\":\"es-AR\",\"@id\":\"https:\/\/www.tcuentaslp.gob.ar\/#\/schema\/logo\/image\/\",\"url\":\"http:\/\/www.tcuentaslp.gob.ar\/wp-content\/uploads\/2017\/10\/logo_tribunal.png\",\"contentUrl\":\"http:\/\/www.tcuentaslp.gob.ar\/wp-content\/uploads\/2017\/10\/logo_tribunal.png\",\"width\":200,\"height\":204,\"caption\":\"Tribunal de Cuentas de La Pampa\"},\"image\":{\"@id\":\"https:\/\/www.tcuentaslp.gob.ar\/#\/schema\/logo\/image\/\"},\"sameAs\":[\"https:\/\/es-la.facebook.com\/TdeCLaPampa\/\"]},{\"@type\":\"Person\",\"@id\":\"https:\/\/www.tcuentaslp.gob.ar\/#\/schema\/person\/68a3a6277a719a33d6694fcf820f5a21\",\"name\":\"tribumanager\"}]}<\/script>\n<!-- \/ Yoast SEO plugin. -->","yoast_head_json":{"title":"Menci\u00f3n Premio Nacional a la Calidad 2015 -","robots":{"index":"index","follow":"follow","max-snippet":"max-snippet:-1","max-image-preview":"max-image-preview:large","max-video-preview":"max-video-preview:-1"},"canonical":"https:\/\/www.tcuentaslp.gob.ar\/?p=1077","og_locale":"es_ES","og_type":"article","og_title":"Menci\u00f3n Premio Nacional a la Calidad 2015 -","og_description":"El d\u00eda 23\/08\/2016 fueron entregados en Casa de Gobierno en el Sal\u00f3n de los Pueblos Originarios los Premios Nacionales a ... Leer m\u00e1s...","og_url":"https:\/\/www.tcuentaslp.gob.ar\/?p=1077","article_publisher":"https:\/\/es-la.facebook.com\/TdeCLaPampa\/","article_published_time":"2016-08-23T15:17:33+00:00","article_modified_time":"2018-04-16T15:17:57+00:00","og_image":[{"width":543,"height":768,"url":"https:\/\/www.tcuentaslp.gob.ar\/wp-content\/uploads\/2016\/08\/premio_2015.jpg","type":"image\/jpeg"}],"author":"tribumanager","twitter_card":"summary_large_image","twitter_misc":{"Escrito por":"tribumanager","Tiempo de lectura":"3 minutos"},"schema":{"@context":"https:\/\/schema.org","@graph":[{"@type":"Article","@id":"https:\/\/www.tcuentaslp.gob.ar\/?p=1077#article","isPartOf":{"@id":"https:\/\/www.tcuentaslp.gob.ar\/?p=1077"},"author":{"name":"tribumanager","@id":"https:\/\/www.tcuentaslp.gob.ar\/#\/schema\/person\/68a3a6277a719a33d6694fcf820f5a21"},"headline":"Menci\u00f3n Premio Nacional a la Calidad 2015","datePublished":"2016-08-23T15:17:33+00:00","dateModified":"2018-04-16T15:17:57+00:00","mainEntityOfPage":{"@id":"https:\/\/www.tcuentaslp.gob.ar\/?p=1077"},"wordCount":510,"publisher":{"@id":"https:\/\/www.tcuentaslp.gob.ar\/#organization"},"articleSection":["Noticias"],"inLanguage":"es-AR"},{"@type":"WebPage","@id":"https:\/\/www.tcuentaslp.gob.ar\/?p=1077","url":"https:\/\/www.tcuentaslp.gob.ar\/?p=1077","name":"Menci\u00f3n Premio Nacional a la Calidad 2015 -","isPartOf":{"@id":"https:\/\/www.tcuentaslp.gob.ar\/#website"},"datePublished":"2016-08-23T15:17:33+00:00","dateModified":"2018-04-16T15:17:57+00:00","breadcrumb":{"@id":"https:\/\/www.tcuentaslp.gob.ar\/?p=1077#breadcrumb"},"inLanguage":"es-AR","potentialAction":[{"@type":"ReadAction","target":["https:\/\/www.tcuentaslp.gob.ar\/?p=1077"]}]},{"@type":"BreadcrumbList","@id":"https:\/\/www.tcuentaslp.gob.ar\/?p=1077#breadcrumb","itemListElement":[{"@type":"ListItem","position":1,"name":"Inicio","item":"https:\/\/www.tcuentaslp.gob.ar\/"},{"@type":"ListItem","position":2,"name":"Menci\u00f3n Premio Nacional a la Calidad 2015"}]},{"@type":"WebSite","@id":"https:\/\/www.tcuentaslp.gob.ar\/#website","url":"https:\/\/www.tcuentaslp.gob.ar\/","name":"Tribunal de Cuentas de La Pampa","description":"","publisher":{"@id":"https:\/\/www.tcuentaslp.gob.ar\/#organization"},"potentialAction":[{"@type":"SearchAction","target":{"@type":"EntryPoint","urlTemplate":"https:\/\/www.tcuentaslp.gob.ar\/?s={search_term_string}"},"query-input":"required name=search_term_string"}],"inLanguage":"es-AR"},{"@type":"Organization","@id":"https:\/\/www.tcuentaslp.gob.ar\/#organization","name":"Tribunal de Cuentas de La Pampa","url":"https:\/\/www.tcuentaslp.gob.ar\/","logo":{"@type":"ImageObject","inLanguage":"es-AR","@id":"https:\/\/www.tcuentaslp.gob.ar\/#\/schema\/logo\/image\/","url":"http:\/\/www.tcuentaslp.gob.ar\/wp-content\/uploads\/2017\/10\/logo_tribunal.png","contentUrl":"http:\/\/www.tcuentaslp.gob.ar\/wp-content\/uploads\/2017\/10\/logo_tribunal.png","width":200,"height":204,"caption":"Tribunal de Cuentas de La Pampa"},"image":{"@id":"https:\/\/www.tcuentaslp.gob.ar\/#\/schema\/logo\/image\/"},"sameAs":["https:\/\/es-la.facebook.com\/TdeCLaPampa\/"]},{"@type":"Person","@id":"https:\/\/www.tcuentaslp.gob.ar\/#\/schema\/person\/68a3a6277a719a33d6694fcf820f5a21","name":"tribumanager"}]}},"_links":{"self":[{"href":"https:\/\/www.tcuentaslp.gob.ar\/index.php?rest_route=\/wp\/v2\/posts\/1077"}],"collection":[{"href":"https:\/\/www.tcuentaslp.gob.ar\/index.php?rest_route=\/wp\/v2\/posts"}],"about":[{"href":"https:\/\/www.tcuentaslp.gob.ar\/index.php?rest_route=\/wp\/v2\/types\/post"}],"author":[{"embeddable":true,"href":"https:\/\/www.tcuentaslp.gob.ar\/index.php?rest_route=\/wp\/v2\/users\/1"}],"replies":[{"embeddable":true,"href":"https:\/\/www.tcuentaslp.gob.ar\/index.php?rest_route=%2Fwp%2Fv2%2Fcomments&post=1077"}],"version-history":[{"count":1,"href":"https:\/\/www.tcuentaslp.gob.ar\/index.php?rest_route=\/wp\/v2\/posts\/1077\/revisions"}],"predecessor-version":[{"id":1078,"href":"https:\/\/www.tcuentaslp.gob.ar\/index.php?rest_route=\/wp\/v2\/posts\/1077\/revisions\/1078"}],"wp:featuredmedia":[{"embeddable":true,"href":"https:\/\/www.tcuentaslp.gob.ar\/index.php?rest_route=\/wp\/v2\/media\/1041"}],"wp:attachment":[{"href":"https:\/\/www.tcuentaslp.gob.ar\/index.php?rest_route=%2Fwp%2Fv2%2Fmedia&parent=1077"}],"wp:term":[{"taxonomy":"category","embeddable":true,"href":"https:\/\/www.tcuentaslp.gob.ar\/index.php?rest_route=%2Fwp%2Fv2%2Fcategories&post=1077"},{"taxonomy":"post_tag","embeddable":true,"href":"https:\/\/www.tcuentaslp.gob.ar\/index.php?rest_route=%2Fwp%2Fv2%2Ftags&post=1077"}],"curies":[{"name":"wp","href":"https:\/\/api.w.org\/{rel}","templated":true}]}}