{"id":1170,"date":"2018-05-10T11:29:07","date_gmt":"2018-05-10T14:29:07","guid":{"rendered":"http:\/\/www.tcuentaslp.gob.ar\/?p=1170"},"modified":"2020-12-14T12:13:24","modified_gmt":"2020-12-14T15:13:24","slug":"se-brindo-una-capacitacion-sobre-rendicion-de-viaticos-y-gastos-de-movilidad","status":"publish","type":"post","link":"https:\/\/www.tcuentaslp.gob.ar\/?p=1170","title":{"rendered":"Se brind\u00f3 una capacitaci\u00f3n sobre rendici\u00f3n de vi\u00e1ticos y gastos de movilidad"},"content":{"rendered":"<p>Personal del Tribunal de Cuentas de La Pampa brind\u00f3 el Curso sobre Vi\u00e1ticos y Gastos de Movilidad, nivel inicial, destinado a agentes de la administraci\u00f3n p\u00fablica provincial. Fue en el marco del Programa de Capacitaci\u00f3n para la Administraci\u00f3n P\u00fablica Provincial (Pro.Ca.Ap.).<\/p>\n<p>Las contadoras p\u00fablicas Carla Catellani y Florencia Santos fueron parte del ciclo de capacitaci\u00f3n que fue organizado en conjunto con Contadur\u00eda General de la Provincia y con la participaci\u00f3n de los contadores Federico Ambrosio y Gustavo Casadei de ese organismo.<\/p>\n<p>El curso que se realiz\u00f3 en la sala Juan Ricardo Nervi del Centro Cultural Provincial Medasur tuvo el d\u00eda martes 8 de mayo una jornada te\u00f3rica en la que se hizo hincapi\u00e9 en las posibilidades de cambio de los agentes p\u00fablicos en su trabajo diario y en innovar a trav\u00e9s de nuevas tecnolog\u00edas. El jueves 10 de mayo, se dicta una segunda jornada de contenidos pr\u00e1cticos sobre rendici\u00f3n de vi\u00e1ticos y gastos de movilidad. La capacitaci\u00f3n de transmiti\u00f3 en vivo por teleconferencia a los establecimientos asistenciales de Victorica y Realic\u00f3.<\/p>\n","protected":false},"excerpt":{"rendered":"<p>Personal del Tribunal de Cuentas de La Pampa brind\u00f3 el Curso sobre Vi\u00e1ticos y Gastos de Movilidad, nivel inicial, destinado &#8230; <a title=\"Se brind\u00f3 una capacitaci\u00f3n sobre rendici\u00f3n de vi\u00e1ticos y gastos de movilidad\" class=\"read-more\" href=\"https:\/\/www.tcuentaslp.gob.ar\/?p=1170\">Leer m\u00e1s&#8230;<\/a><\/p>\n","protected":false},"author":2,"featured_media":1171,"comment_status":"closed","ping_status":"closed","sticky":false,"template":"","format":"standard","meta":{"generate_page_header":""},"categories":[4,5],"tags":[81,82,65],"yoast_head":"<!-- This site is optimized with the Yoast SEO plugin v20.12 - https:\/\/yoast.com\/wordpress\/plugins\/seo\/ -->\n<title>Se brind\u00f3 una capacitaci\u00f3n sobre rendici\u00f3n de vi\u00e1ticos y gastos de movilidad -<\/title>\n<meta name=\"robots\" content=\"index, follow, max-snippet:-1, max-image-preview:large, max-video-preview:-1\" \/>\n<link rel=\"canonical\" href=\"https:\/\/www.tcuentaslp.gob.ar\/?p=1170\" \/>\n<meta property=\"og:locale\" content=\"es_ES\" \/>\n<meta property=\"og:type\" content=\"article\" \/>\n<meta property=\"og:title\" content=\"Se brind\u00f3 una capacitaci\u00f3n sobre rendici\u00f3n de vi\u00e1ticos y gastos de movilidad -\" \/>\n<meta property=\"og:description\" content=\"Personal del Tribunal de Cuentas de La Pampa brind\u00f3 el Curso sobre Vi\u00e1ticos y Gastos de Movilidad, nivel inicial, destinado ... Leer m\u00e1s...\" \/>\n<meta property=\"og:url\" content=\"https:\/\/www.tcuentaslp.gob.ar\/?p=1170\" \/>\n<meta property=\"article:publisher\" content=\"https:\/\/es-la.facebook.com\/TdeCLaPampa\/\" \/>\n<meta property=\"article:published_time\" content=\"2018-05-10T14:29:07+00:00\" \/>\n<meta property=\"article:modified_time\" content=\"2020-12-14T15:13:24+00:00\" \/>\n<meta property=\"og:image\" content=\"https:\/\/www.tcuentaslp.gob.ar\/wp-content\/uploads\/2018\/05\/Capacitaci\u00f3n-vi\u00e1ticos-1.jpg\" \/>\n\t<meta property=\"og:image:width\" content=\"948\" \/>\n\t<meta property=\"og:image:height\" content=\"630\" \/>\n\t<meta property=\"og:image:type\" content=\"image\/jpeg\" \/>\n<meta name=\"author\" content=\"Norberto Asquini\" \/>\n<meta name=\"twitter:card\" content=\"summary_large_image\" \/>\n<meta name=\"twitter:label1\" content=\"Escrito por\" \/>\n\t<meta name=\"twitter:data1\" content=\"Norberto Asquini\" \/>\n\t<meta name=\"twitter:label2\" content=\"Tiempo de lectura\" \/>\n\t<meta name=\"twitter:data2\" content=\"1 minuto\" \/>\n<script type=\"application\/ld+json\" class=\"yoast-schema-graph\">{\"@context\":\"https:\/\/schema.org\",\"@graph\":[{\"@type\":\"Article\",\"@id\":\"https:\/\/www.tcuentaslp.gob.ar\/?p=1170#article\",\"isPartOf\":{\"@id\":\"https:\/\/www.tcuentaslp.gob.ar\/?p=1170\"},\"author\":{\"name\":\"Norberto Asquini\",\"@id\":\"https:\/\/www.tcuentaslp.gob.ar\/#\/schema\/person\/6a478debd9d3d6faf9bc9b0029cbb15d\"},\"headline\":\"Se brind\u00f3 una capacitaci\u00f3n sobre rendici\u00f3n de vi\u00e1ticos y gastos de movilidad\",\"datePublished\":\"2018-05-10T14:29:07+00:00\",\"dateModified\":\"2020-12-14T15:13:24+00:00\",\"mainEntityOfPage\":{\"@id\":\"https:\/\/www.tcuentaslp.gob.ar\/?p=1170\"},\"wordCount\":205,\"publisher\":{\"@id\":\"https:\/\/www.tcuentaslp.gob.ar\/#organization\"},\"keywords\":[\"Capacitaci\u00f3n\",\"rendiciones\",\"vi\u00e1ticos\"],\"articleSection\":[\"Capacitaciones\",\"Noticias\"],\"inLanguage\":\"es-AR\"},{\"@type\":\"WebPage\",\"@id\":\"https:\/\/www.tcuentaslp.gob.ar\/?p=1170\",\"url\":\"https:\/\/www.tcuentaslp.gob.ar\/?p=1170\",\"name\":\"Se brind\u00f3 una capacitaci\u00f3n sobre rendici\u00f3n de vi\u00e1ticos y gastos de movilidad -\",\"isPartOf\":{\"@id\":\"https:\/\/www.tcuentaslp.gob.ar\/#website\"},\"datePublished\":\"2018-05-10T14:29:07+00:00\",\"dateModified\":\"2020-12-14T15:13:24+00:00\",\"breadcrumb\":{\"@id\":\"https:\/\/www.tcuentaslp.gob.ar\/?p=1170#breadcrumb\"},\"inLanguage\":\"es-AR\",\"potentialAction\":[{\"@type\":\"ReadAction\",\"target\":[\"https:\/\/www.tcuentaslp.gob.ar\/?p=1170\"]}]},{\"@type\":\"BreadcrumbList\",\"@id\":\"https:\/\/www.tcuentaslp.gob.ar\/?p=1170#breadcrumb\",\"itemListElement\":[{\"@type\":\"ListItem\",\"position\":1,\"name\":\"Inicio\",\"item\":\"https:\/\/www.tcuentaslp.gob.ar\/\"},{\"@type\":\"ListItem\",\"position\":2,\"name\":\"Se brind\u00f3 una capacitaci\u00f3n sobre rendici\u00f3n de vi\u00e1ticos y gastos de movilidad\"}]},{\"@type\":\"WebSite\",\"@id\":\"https:\/\/www.tcuentaslp.gob.ar\/#website\",\"url\":\"https:\/\/www.tcuentaslp.gob.ar\/\",\"name\":\"Tribunal de Cuentas de La Pampa\",\"description\":\"\",\"publisher\":{\"@id\":\"https:\/\/www.tcuentaslp.gob.ar\/#organization\"},\"potentialAction\":[{\"@type\":\"SearchAction\",\"target\":{\"@type\":\"EntryPoint\",\"urlTemplate\":\"https:\/\/www.tcuentaslp.gob.ar\/?s={search_term_string}\"},\"query-input\":\"required name=search_term_string\"}],\"inLanguage\":\"es-AR\"},{\"@type\":\"Organization\",\"@id\":\"https:\/\/www.tcuentaslp.gob.ar\/#organization\",\"name\":\"Tribunal de Cuentas de La Pampa\",\"url\":\"https:\/\/www.tcuentaslp.gob.ar\/\",\"logo\":{\"@type\":\"ImageObject\",\"inLanguage\":\"es-AR\",\"@id\":\"https:\/\/www.tcuentaslp.gob.ar\/#\/schema\/logo\/image\/\",\"url\":\"http:\/\/www.tcuentaslp.gob.ar\/wp-content\/uploads\/2017\/10\/logo_tribunal.png\",\"contentUrl\":\"http:\/\/www.tcuentaslp.gob.ar\/wp-content\/uploads\/2017\/10\/logo_tribunal.png\",\"width\":200,\"height\":204,\"caption\":\"Tribunal de Cuentas de La Pampa\"},\"image\":{\"@id\":\"https:\/\/www.tcuentaslp.gob.ar\/#\/schema\/logo\/image\/\"},\"sameAs\":[\"https:\/\/es-la.facebook.com\/TdeCLaPampa\/\"]},{\"@type\":\"Person\",\"@id\":\"https:\/\/www.tcuentaslp.gob.ar\/#\/schema\/person\/6a478debd9d3d6faf9bc9b0029cbb15d\",\"name\":\"Norberto Asquini\"}]}<\/script>\n<!-- \/ Yoast SEO plugin. -->","yoast_head_json":{"title":"Se brind\u00f3 una capacitaci\u00f3n sobre rendici\u00f3n de vi\u00e1ticos y gastos de movilidad -","robots":{"index":"index","follow":"follow","max-snippet":"max-snippet:-1","max-image-preview":"max-image-preview:large","max-video-preview":"max-video-preview:-1"},"canonical":"https:\/\/www.tcuentaslp.gob.ar\/?p=1170","og_locale":"es_ES","og_type":"article","og_title":"Se brind\u00f3 una capacitaci\u00f3n sobre rendici\u00f3n de vi\u00e1ticos y gastos de movilidad -","og_description":"Personal del Tribunal de Cuentas de La Pampa brind\u00f3 el Curso sobre Vi\u00e1ticos y Gastos de Movilidad, nivel inicial, destinado ... Leer m\u00e1s...","og_url":"https:\/\/www.tcuentaslp.gob.ar\/?p=1170","article_publisher":"https:\/\/es-la.facebook.com\/TdeCLaPampa\/","article_published_time":"2018-05-10T14:29:07+00:00","article_modified_time":"2020-12-14T15:13:24+00:00","og_image":[{"width":948,"height":630,"url":"https:\/\/www.tcuentaslp.gob.ar\/wp-content\/uploads\/2018\/05\/Capacitaci\u00f3n-vi\u00e1ticos-1.jpg","type":"image\/jpeg"}],"author":"Norberto Asquini","twitter_card":"summary_large_image","twitter_misc":{"Escrito por":"Norberto Asquini","Tiempo de lectura":"1 minuto"},"schema":{"@context":"https:\/\/schema.org","@graph":[{"@type":"Article","@id":"https:\/\/www.tcuentaslp.gob.ar\/?p=1170#article","isPartOf":{"@id":"https:\/\/www.tcuentaslp.gob.ar\/?p=1170"},"author":{"name":"Norberto Asquini","@id":"https:\/\/www.tcuentaslp.gob.ar\/#\/schema\/person\/6a478debd9d3d6faf9bc9b0029cbb15d"},"headline":"Se brind\u00f3 una capacitaci\u00f3n sobre rendici\u00f3n de vi\u00e1ticos y gastos de movilidad","datePublished":"2018-05-10T14:29:07+00:00","dateModified":"2020-12-14T15:13:24+00:00","mainEntityOfPage":{"@id":"https:\/\/www.tcuentaslp.gob.ar\/?p=1170"},"wordCount":205,"publisher":{"@id":"https:\/\/www.tcuentaslp.gob.ar\/#organization"},"keywords":["Capacitaci\u00f3n","rendiciones","vi\u00e1ticos"],"articleSection":["Capacitaciones","Noticias"],"inLanguage":"es-AR"},{"@type":"WebPage","@id":"https:\/\/www.tcuentaslp.gob.ar\/?p=1170","url":"https:\/\/www.tcuentaslp.gob.ar\/?p=1170","name":"Se brind\u00f3 una capacitaci\u00f3n sobre rendici\u00f3n de vi\u00e1ticos y gastos de movilidad -","isPartOf":{"@id":"https:\/\/www.tcuentaslp.gob.ar\/#website"},"datePublished":"2018-05-10T14:29:07+00:00","dateModified":"2020-12-14T15:13:24+00:00","breadcrumb":{"@id":"https:\/\/www.tcuentaslp.gob.ar\/?p=1170#breadcrumb"},"inLanguage":"es-AR","potentialAction":[{"@type":"ReadAction","target":["https:\/\/www.tcuentaslp.gob.ar\/?p=1170"]}]},{"@type":"BreadcrumbList","@id":"https:\/\/www.tcuentaslp.gob.ar\/?p=1170#breadcrumb","itemListElement":[{"@type":"ListItem","position":1,"name":"Inicio","item":"https:\/\/www.tcuentaslp.gob.ar\/"},{"@type":"ListItem","position":2,"name":"Se brind\u00f3 una capacitaci\u00f3n sobre rendici\u00f3n de vi\u00e1ticos y gastos de movilidad"}]},{"@type":"WebSite","@id":"https:\/\/www.tcuentaslp.gob.ar\/#website","url":"https:\/\/www.tcuentaslp.gob.ar\/","name":"Tribunal de Cuentas de La Pampa","description":"","publisher":{"@id":"https:\/\/www.tcuentaslp.gob.ar\/#organization"},"potentialAction":[{"@type":"SearchAction","target":{"@type":"EntryPoint","urlTemplate":"https:\/\/www.tcuentaslp.gob.ar\/?s={search_term_string}"},"query-input":"required name=search_term_string"}],"inLanguage":"es-AR"},{"@type":"Organization","@id":"https:\/\/www.tcuentaslp.gob.ar\/#organization","name":"Tribunal de Cuentas de La Pampa","url":"https:\/\/www.tcuentaslp.gob.ar\/","logo":{"@type":"ImageObject","inLanguage":"es-AR","@id":"https:\/\/www.tcuentaslp.gob.ar\/#\/schema\/logo\/image\/","url":"http:\/\/www.tcuentaslp.gob.ar\/wp-content\/uploads\/2017\/10\/logo_tribunal.png","contentUrl":"http:\/\/www.tcuentaslp.gob.ar\/wp-content\/uploads\/2017\/10\/logo_tribunal.png","width":200,"height":204,"caption":"Tribunal de Cuentas de La Pampa"},"image":{"@id":"https:\/\/www.tcuentaslp.gob.ar\/#\/schema\/logo\/image\/"},"sameAs":["https:\/\/es-la.facebook.com\/TdeCLaPampa\/"]},{"@type":"Person","@id":"https:\/\/www.tcuentaslp.gob.ar\/#\/schema\/person\/6a478debd9d3d6faf9bc9b0029cbb15d","name":"Norberto Asquini"}]}},"_links":{"self":[{"href":"https:\/\/www.tcuentaslp.gob.ar\/index.php?rest_route=\/wp\/v2\/posts\/1170"}],"collection":[{"href":"https:\/\/www.tcuentaslp.gob.ar\/index.php?rest_route=\/wp\/v2\/posts"}],"about":[{"href":"https:\/\/www.tcuentaslp.gob.ar\/index.php?rest_route=\/wp\/v2\/types\/post"}],"author":[{"embeddable":true,"href":"https:\/\/www.tcuentaslp.gob.ar\/index.php?rest_route=\/wp\/v2\/users\/2"}],"replies":[{"embeddable":true,"href":"https:\/\/www.tcuentaslp.gob.ar\/index.php?rest_route=%2Fwp%2Fv2%2Fcomments&post=1170"}],"version-history":[{"count":2,"href":"https:\/\/www.tcuentaslp.gob.ar\/index.php?rest_route=\/wp\/v2\/posts\/1170\/revisions"}],"predecessor-version":[{"id":1173,"href":"https:\/\/www.tcuentaslp.gob.ar\/index.php?rest_route=\/wp\/v2\/posts\/1170\/revisions\/1173"}],"wp:featuredmedia":[{"embeddable":true,"href":"https:\/\/www.tcuentaslp.gob.ar\/index.php?rest_route=\/wp\/v2\/media\/1171"}],"wp:attachment":[{"href":"https:\/\/www.tcuentaslp.gob.ar\/index.php?rest_route=%2Fwp%2Fv2%2Fmedia&parent=1170"}],"wp:term":[{"taxonomy":"category","embeddable":true,"href":"https:\/\/www.tcuentaslp.gob.ar\/index.php?rest_route=%2Fwp%2Fv2%2Fcategories&post=1170"},{"taxonomy":"post_tag","embeddable":true,"href":"https:\/\/www.tcuentaslp.gob.ar\/index.php?rest_route=%2Fwp%2Fv2%2Ftags&post=1170"}],"curies":[{"name":"wp","href":"https:\/\/api.w.org\/{rel}","templated":true}]}}