{"id":2620,"date":"2018-12-26T11:51:48","date_gmt":"2018-12-26T14:51:48","guid":{"rendered":"http:\/\/www.tcuentaslp.gob.ar\/?p=2620"},"modified":"2019-02-06T08:23:37","modified_gmt":"2019-02-06T11:23:37","slug":"el-tdec-realizo-ampliacion-de-denuncia-a-comisiones-de-fomento","status":"publish","type":"post","link":"https:\/\/www.tcuentaslp.gob.ar\/?p=2620","title":{"rendered":"Ampliaci\u00f3n de denuncia a Comisiones de Fomento"},"content":{"rendered":"<p style=\"text-align:justify\">La presidenta del Tribunal de Cuentas de La Pampa, CPN Mar\u00eda Alejandra Mac Allister, y el vocal, Abogado Francisco Garc\u00eda, se presentaron el pasado 21 de diciembre en la Fiscal\u00eda de Victorica, donde fueron recibidos por la Fiscal Dra. Alejandra Moyano, con el objeto ampliar las denuncias por facturas ap\u00f3crifas detectadas en las rendiciones de cuentas de las Comisiones de Fomento de Loventu\u00e9 y Rucanelo.\nEn dicha sede se encuentran radicadas las investigaciones penales oportunamente propiciadas por el organismo de contralor que se suman a otras ocho efectuadas respecto de otras tantas Comisiones de Fomento.\nEn el escrito presentado por las autoridades del Tribunal, se indic\u00f3 que en el caso de Loventu\u00e9 &#8220;se detectaron nuevas irregularidades en facturas aportadas, las cu\u00e1les motiva la presente ampliaci\u00f3n de denuncia&#8221; en virtud que en el control de las rendiciones de septiembre, octubre y noviembre de 2017 se observaron cinco nuevas facturas ap\u00f3crifas $ 94.560,00 pesos, desconocidas por el proveedor.\nEn el caso de Rucanelo se constat\u00f3 en la rendici\u00f3n del mes de febrero de 2018 la presentaci\u00f3n de la factura de un proveedor que ya hab\u00eda informado al Tribunal su baja como monotributista en el mes de enero de 2017. La factura incorporada asciende a $ 72.052,50.\nLa denuncia y documental pertinente fue presentada a la Fiscal\u00eda a los fines de su incorporaci\u00f3n a las causas respectivas.\n\n<!-- \/wp:html -->\n\n<!-- wp:html \/-->\n\n<!-- wp:paragraph -->\n\n<!-- \/wp:paragraph -->","protected":false},"excerpt":{"rendered":"<p>La presidenta del Tribunal de Cuentas de La Pampa, CPN Mar\u00eda Alejandra Mac Allister, y el vocal, Abogado Francisco Garc\u00eda, &#8230; <a title=\"Ampliaci\u00f3n de denuncia a Comisiones de Fomento\" class=\"read-more\" href=\"https:\/\/www.tcuentaslp.gob.ar\/?p=2620\">Leer m\u00e1s&#8230;<\/a><\/p>\n","protected":false},"author":2,"featured_media":2621,"comment_status":"closed","ping_status":"closed","sticky":false,"template":"","format":"standard","meta":{"generate_page_header":""},"categories":[5],"tags":[43,95,78],"yoast_head":"<!-- This site is optimized with the Yoast SEO plugin v20.12 - https:\/\/yoast.com\/wordpress\/plugins\/seo\/ -->\n<title>Ampliaci\u00f3n de denuncia a Comisiones de Fomento -<\/title>\n<meta name=\"robots\" content=\"index, follow, max-snippet:-1, max-image-preview:large, max-video-preview:-1\" \/>\n<link rel=\"canonical\" href=\"https:\/\/www.tcuentaslp.gob.ar\/?p=2620\" \/>\n<meta property=\"og:locale\" content=\"es_ES\" \/>\n<meta property=\"og:type\" content=\"article\" \/>\n<meta property=\"og:title\" content=\"Ampliaci\u00f3n de denuncia a Comisiones de Fomento -\" \/>\n<meta property=\"og:description\" content=\"La presidenta del Tribunal de Cuentas de La Pampa, CPN Mar\u00eda Alejandra Mac Allister, y el vocal, Abogado Francisco Garc\u00eda, ... Leer m\u00e1s...\" \/>\n<meta property=\"og:url\" content=\"https:\/\/www.tcuentaslp.gob.ar\/?p=2620\" \/>\n<meta property=\"article:publisher\" content=\"https:\/\/es-la.facebook.com\/TdeCLaPampa\/\" \/>\n<meta property=\"article:published_time\" content=\"2018-12-26T14:51:48+00:00\" \/>\n<meta property=\"article:modified_time\" content=\"2019-02-06T11:23:37+00:00\" \/>\n<meta property=\"og:image\" content=\"https:\/\/www.tcuentaslp.gob.ar\/wp-content\/uploads\/2018\/12\/Juzgado-Victorica.jpg\" \/>\n\t<meta property=\"og:image:width\" content=\"1280\" \/>\n\t<meta property=\"og:image:height\" content=\"640\" \/>\n\t<meta property=\"og:image:type\" content=\"image\/jpeg\" \/>\n<meta name=\"author\" content=\"Norberto Asquini\" \/>\n<meta name=\"twitter:card\" content=\"summary_large_image\" \/>\n<meta name=\"twitter:label1\" content=\"Escrito por\" \/>\n\t<meta name=\"twitter:data1\" content=\"Norberto Asquini\" \/>\n\t<meta name=\"twitter:label2\" content=\"Tiempo de lectura\" \/>\n\t<meta name=\"twitter:data2\" content=\"1 minuto\" \/>\n<script type=\"application\/ld+json\" class=\"yoast-schema-graph\">{\"@context\":\"https:\/\/schema.org\",\"@graph\":[{\"@type\":\"Article\",\"@id\":\"https:\/\/www.tcuentaslp.gob.ar\/?p=2620#article\",\"isPartOf\":{\"@id\":\"https:\/\/www.tcuentaslp.gob.ar\/?p=2620\"},\"author\":{\"name\":\"Norberto Asquini\",\"@id\":\"https:\/\/www.tcuentaslp.gob.ar\/#\/schema\/person\/6a478debd9d3d6faf9bc9b0029cbb15d\"},\"headline\":\"Ampliaci\u00f3n de denuncia a Comisiones de Fomento\",\"datePublished\":\"2018-12-26T14:51:48+00:00\",\"dateModified\":\"2019-02-06T11:23:37+00:00\",\"mainEntityOfPage\":{\"@id\":\"https:\/\/www.tcuentaslp.gob.ar\/?p=2620\"},\"wordCount\":236,\"publisher\":{\"@id\":\"https:\/\/www.tcuentaslp.gob.ar\/#organization\"},\"keywords\":[\"Comisiones de Fomento\",\"Denuncia\",\"Justicia\"],\"articleSection\":[\"Noticias\"],\"inLanguage\":\"es-AR\"},{\"@type\":\"WebPage\",\"@id\":\"https:\/\/www.tcuentaslp.gob.ar\/?p=2620\",\"url\":\"https:\/\/www.tcuentaslp.gob.ar\/?p=2620\",\"name\":\"Ampliaci\u00f3n de denuncia a Comisiones de Fomento -\",\"isPartOf\":{\"@id\":\"https:\/\/www.tcuentaslp.gob.ar\/#website\"},\"datePublished\":\"2018-12-26T14:51:48+00:00\",\"dateModified\":\"2019-02-06T11:23:37+00:00\",\"breadcrumb\":{\"@id\":\"https:\/\/www.tcuentaslp.gob.ar\/?p=2620#breadcrumb\"},\"inLanguage\":\"es-AR\",\"potentialAction\":[{\"@type\":\"ReadAction\",\"target\":[\"https:\/\/www.tcuentaslp.gob.ar\/?p=2620\"]}]},{\"@type\":\"BreadcrumbList\",\"@id\":\"https:\/\/www.tcuentaslp.gob.ar\/?p=2620#breadcrumb\",\"itemListElement\":[{\"@type\":\"ListItem\",\"position\":1,\"name\":\"Inicio\",\"item\":\"https:\/\/www.tcuentaslp.gob.ar\/\"},{\"@type\":\"ListItem\",\"position\":2,\"name\":\"Ampliaci\u00f3n de denuncia a Comisiones de Fomento\"}]},{\"@type\":\"WebSite\",\"@id\":\"https:\/\/www.tcuentaslp.gob.ar\/#website\",\"url\":\"https:\/\/www.tcuentaslp.gob.ar\/\",\"name\":\"Tribunal de Cuentas de La Pampa\",\"description\":\"\",\"publisher\":{\"@id\":\"https:\/\/www.tcuentaslp.gob.ar\/#organization\"},\"potentialAction\":[{\"@type\":\"SearchAction\",\"target\":{\"@type\":\"EntryPoint\",\"urlTemplate\":\"https:\/\/www.tcuentaslp.gob.ar\/?s={search_term_string}\"},\"query-input\":\"required name=search_term_string\"}],\"inLanguage\":\"es-AR\"},{\"@type\":\"Organization\",\"@id\":\"https:\/\/www.tcuentaslp.gob.ar\/#organization\",\"name\":\"Tribunal de Cuentas de La Pampa\",\"url\":\"https:\/\/www.tcuentaslp.gob.ar\/\",\"logo\":{\"@type\":\"ImageObject\",\"inLanguage\":\"es-AR\",\"@id\":\"https:\/\/www.tcuentaslp.gob.ar\/#\/schema\/logo\/image\/\",\"url\":\"http:\/\/www.tcuentaslp.gob.ar\/wp-content\/uploads\/2017\/10\/logo_tribunal.png\",\"contentUrl\":\"http:\/\/www.tcuentaslp.gob.ar\/wp-content\/uploads\/2017\/10\/logo_tribunal.png\",\"width\":200,\"height\":204,\"caption\":\"Tribunal de Cuentas de La Pampa\"},\"image\":{\"@id\":\"https:\/\/www.tcuentaslp.gob.ar\/#\/schema\/logo\/image\/\"},\"sameAs\":[\"https:\/\/es-la.facebook.com\/TdeCLaPampa\/\"]},{\"@type\":\"Person\",\"@id\":\"https:\/\/www.tcuentaslp.gob.ar\/#\/schema\/person\/6a478debd9d3d6faf9bc9b0029cbb15d\",\"name\":\"Norberto Asquini\"}]}<\/script>\n<!-- \/ Yoast SEO plugin. -->","yoast_head_json":{"title":"Ampliaci\u00f3n de denuncia a Comisiones de Fomento -","robots":{"index":"index","follow":"follow","max-snippet":"max-snippet:-1","max-image-preview":"max-image-preview:large","max-video-preview":"max-video-preview:-1"},"canonical":"https:\/\/www.tcuentaslp.gob.ar\/?p=2620","og_locale":"es_ES","og_type":"article","og_title":"Ampliaci\u00f3n de denuncia a Comisiones de Fomento -","og_description":"La presidenta del Tribunal de Cuentas de La Pampa, CPN Mar\u00eda Alejandra Mac Allister, y el vocal, Abogado Francisco Garc\u00eda, ... Leer m\u00e1s...","og_url":"https:\/\/www.tcuentaslp.gob.ar\/?p=2620","article_publisher":"https:\/\/es-la.facebook.com\/TdeCLaPampa\/","article_published_time":"2018-12-26T14:51:48+00:00","article_modified_time":"2019-02-06T11:23:37+00:00","og_image":[{"width":1280,"height":640,"url":"https:\/\/www.tcuentaslp.gob.ar\/wp-content\/uploads\/2018\/12\/Juzgado-Victorica.jpg","type":"image\/jpeg"}],"author":"Norberto Asquini","twitter_card":"summary_large_image","twitter_misc":{"Escrito por":"Norberto Asquini","Tiempo de lectura":"1 minuto"},"schema":{"@context":"https:\/\/schema.org","@graph":[{"@type":"Article","@id":"https:\/\/www.tcuentaslp.gob.ar\/?p=2620#article","isPartOf":{"@id":"https:\/\/www.tcuentaslp.gob.ar\/?p=2620"},"author":{"name":"Norberto Asquini","@id":"https:\/\/www.tcuentaslp.gob.ar\/#\/schema\/person\/6a478debd9d3d6faf9bc9b0029cbb15d"},"headline":"Ampliaci\u00f3n de denuncia a Comisiones de Fomento","datePublished":"2018-12-26T14:51:48+00:00","dateModified":"2019-02-06T11:23:37+00:00","mainEntityOfPage":{"@id":"https:\/\/www.tcuentaslp.gob.ar\/?p=2620"},"wordCount":236,"publisher":{"@id":"https:\/\/www.tcuentaslp.gob.ar\/#organization"},"keywords":["Comisiones de Fomento","Denuncia","Justicia"],"articleSection":["Noticias"],"inLanguage":"es-AR"},{"@type":"WebPage","@id":"https:\/\/www.tcuentaslp.gob.ar\/?p=2620","url":"https:\/\/www.tcuentaslp.gob.ar\/?p=2620","name":"Ampliaci\u00f3n de denuncia a Comisiones de Fomento -","isPartOf":{"@id":"https:\/\/www.tcuentaslp.gob.ar\/#website"},"datePublished":"2018-12-26T14:51:48+00:00","dateModified":"2019-02-06T11:23:37+00:00","breadcrumb":{"@id":"https:\/\/www.tcuentaslp.gob.ar\/?p=2620#breadcrumb"},"inLanguage":"es-AR","potentialAction":[{"@type":"ReadAction","target":["https:\/\/www.tcuentaslp.gob.ar\/?p=2620"]}]},{"@type":"BreadcrumbList","@id":"https:\/\/www.tcuentaslp.gob.ar\/?p=2620#breadcrumb","itemListElement":[{"@type":"ListItem","position":1,"name":"Inicio","item":"https:\/\/www.tcuentaslp.gob.ar\/"},{"@type":"ListItem","position":2,"name":"Ampliaci\u00f3n de denuncia a Comisiones de Fomento"}]},{"@type":"WebSite","@id":"https:\/\/www.tcuentaslp.gob.ar\/#website","url":"https:\/\/www.tcuentaslp.gob.ar\/","name":"Tribunal de Cuentas de La Pampa","description":"","publisher":{"@id":"https:\/\/www.tcuentaslp.gob.ar\/#organization"},"potentialAction":[{"@type":"SearchAction","target":{"@type":"EntryPoint","urlTemplate":"https:\/\/www.tcuentaslp.gob.ar\/?s={search_term_string}"},"query-input":"required name=search_term_string"}],"inLanguage":"es-AR"},{"@type":"Organization","@id":"https:\/\/www.tcuentaslp.gob.ar\/#organization","name":"Tribunal de Cuentas de La Pampa","url":"https:\/\/www.tcuentaslp.gob.ar\/","logo":{"@type":"ImageObject","inLanguage":"es-AR","@id":"https:\/\/www.tcuentaslp.gob.ar\/#\/schema\/logo\/image\/","url":"http:\/\/www.tcuentaslp.gob.ar\/wp-content\/uploads\/2017\/10\/logo_tribunal.png","contentUrl":"http:\/\/www.tcuentaslp.gob.ar\/wp-content\/uploads\/2017\/10\/logo_tribunal.png","width":200,"height":204,"caption":"Tribunal de Cuentas de La Pampa"},"image":{"@id":"https:\/\/www.tcuentaslp.gob.ar\/#\/schema\/logo\/image\/"},"sameAs":["https:\/\/es-la.facebook.com\/TdeCLaPampa\/"]},{"@type":"Person","@id":"https:\/\/www.tcuentaslp.gob.ar\/#\/schema\/person\/6a478debd9d3d6faf9bc9b0029cbb15d","name":"Norberto Asquini"}]}},"_links":{"self":[{"href":"https:\/\/www.tcuentaslp.gob.ar\/index.php?rest_route=\/wp\/v2\/posts\/2620"}],"collection":[{"href":"https:\/\/www.tcuentaslp.gob.ar\/index.php?rest_route=\/wp\/v2\/posts"}],"about":[{"href":"https:\/\/www.tcuentaslp.gob.ar\/index.php?rest_route=\/wp\/v2\/types\/post"}],"author":[{"embeddable":true,"href":"https:\/\/www.tcuentaslp.gob.ar\/index.php?rest_route=\/wp\/v2\/users\/2"}],"replies":[{"embeddable":true,"href":"https:\/\/www.tcuentaslp.gob.ar\/index.php?rest_route=%2Fwp%2Fv2%2Fcomments&post=2620"}],"version-history":[{"count":13,"href":"https:\/\/www.tcuentaslp.gob.ar\/index.php?rest_route=\/wp\/v2\/posts\/2620\/revisions"}],"predecessor-version":[{"id":2995,"href":"https:\/\/www.tcuentaslp.gob.ar\/index.php?rest_route=\/wp\/v2\/posts\/2620\/revisions\/2995"}],"wp:featuredmedia":[{"embeddable":true,"href":"https:\/\/www.tcuentaslp.gob.ar\/index.php?rest_route=\/wp\/v2\/media\/2621"}],"wp:attachment":[{"href":"https:\/\/www.tcuentaslp.gob.ar\/index.php?rest_route=%2Fwp%2Fv2%2Fmedia&parent=2620"}],"wp:term":[{"taxonomy":"category","embeddable":true,"href":"https:\/\/www.tcuentaslp.gob.ar\/index.php?rest_route=%2Fwp%2Fv2%2Fcategories&post=2620"},{"taxonomy":"post_tag","embeddable":true,"href":"https:\/\/www.tcuentaslp.gob.ar\/index.php?rest_route=%2Fwp%2Fv2%2Ftags&post=2620"}],"curies":[{"name":"wp","href":"https:\/\/api.w.org\/{rel}","templated":true}]}}