{"id":320,"date":"2017-10-04T10:16:51","date_gmt":"2017-10-04T13:16:51","guid":{"rendered":"http:\/\/www.tcuentaslp.gob.ar\/?p=320"},"modified":"2017-10-26T13:09:03","modified_gmt":"2017-10-26T16:09:03","slug":"el-comite-de-responsabilidad-social-realizo-dos-actividades-por-el-dia-del-nino","status":"publish","type":"post","link":"https:\/\/www.tcuentaslp.gob.ar\/?p=320","title":{"rendered":"El Comit\u00e9 de Responsabilidad Social realiz\u00f3 dos actividades por el D\u00eda del Ni\u00f1o"},"content":{"rendered":"<p>El 18 de agosto el Comit\u00e9 de Responsabilidad Social del Tribunal de Cuentas de La Pampa \u00a0realiz\u00f3 el festejo del &#8220;D\u00eda del Ni\u00f1o&#8221; con dos propuestas: \u00a0la primera fue una campa\u00f1a solidaria con la Fundaci\u00f3n Conin Santa Rosa, dedicada a erradicar la desnutrici\u00f3n infantil, y la segunda estuvo dirigida al personal del organismo.<br \/>\nEl Comit\u00e9 de Responsabilidad Social entreg\u00f3 a las autoridades de la Fundaci\u00f3n Conin la colecta de alimentos no perecederos que hab\u00eda sido realizada para la instituci\u00f3n y que tuvo como destino ni\u00f1as y ni\u00f1os de Santa Rosa.<br \/>\nEl festejo con el personal del TdeC se realiz\u00f3 bajo la consigna &#8220;Recrear el D\u00eda del Ni\u00f1o&#8221; y para esto se colocaron, previo al horario de ingreso, \u00a0carteles en las entradas al edificio con una leyenda que ten\u00eda como objetivo recordar los momentos de la infancia y generar la expectativa de aquellos d\u00edas en los que cada uno se despertaba y se dispon\u00eda a festejar el D\u00eda del Ni\u00f1o.<br \/>\nLuego, en cada uno de los puestos de trabajo, se coloc\u00f3 una bolsa de golosinas con el mensaje &#8220;El mejor regalo para un ni\u00f1o\u2026 es nuestro tiempo&#8221;. La idea fue encontrar la excusa perfecta que permitiera multiplicar los momentos compartidos, ya que en la actualidad, la tecnolog\u00eda le fue ganando terreno a los juegos tradicionales y la din\u00e1mica moderna muchas veces no nos permite apreciar la importancia que tiene para los ni\u00f1os la presencia de los adultos.<br \/>\nTambi\u00e9n se plante\u00f3 \u00a0como consigna que ese d\u00eda se deb\u00eda compartir las golosinas con un ni\u00f1o o una ni\u00f1a, y se invit\u00f3 a quienes quisieran, a acompa\u00f1ar con una foto ese momento para ser incorporada a la &#8220;Colecci\u00f3n de Momentos M\u00e1gicos&#8221;.<br \/>\nCon esta iniciativa se busca por un lado fortalecer el esp\u00edritu solidario hacia quienes m\u00e1s lo necesitan y por otro sensibilizar a la sociedad acerca de la importancia de compartir tiempo con los ni\u00f1os y las ni\u00f1as.<br \/>\nEstas acciones reflejan el compromiso del Comit\u00e9 de Responsabilidad Social del Tribunal de Cuentas de la Provincia de La Pampa \u00a0de continuar fortaleciendo los valores que contribuyan a una sociedad m\u00e1s justa.<\/p>\n","protected":false},"excerpt":{"rendered":"<p>El 18 de agosto el Comit\u00e9 de Responsabilidad Social del Tribunal de Cuentas de La Pampa \u00a0realiz\u00f3 el festejo del &#8230; <a title=\"El Comit\u00e9 de Responsabilidad Social realiz\u00f3 dos actividades por el D\u00eda del Ni\u00f1o\" class=\"read-more\" href=\"https:\/\/www.tcuentaslp.gob.ar\/?p=320\">Leer m\u00e1s&#8230;<\/a><\/p>\n","protected":false},"author":1,"featured_media":321,"comment_status":"closed","ping_status":"open","sticky":false,"template":"","format":"standard","meta":{"generate_page_header":""},"categories":[4],"tags":[],"yoast_head":"<!-- This site is optimized with the Yoast SEO plugin v20.12 - https:\/\/yoast.com\/wordpress\/plugins\/seo\/ -->\n<title>El Comit\u00e9 de Responsabilidad Social realiz\u00f3 dos actividades por el D\u00eda del Ni\u00f1o -<\/title>\n<meta name=\"robots\" content=\"index, follow, max-snippet:-1, max-image-preview:large, max-video-preview:-1\" \/>\n<link rel=\"canonical\" href=\"https:\/\/www.tcuentaslp.gob.ar\/?p=320\" \/>\n<meta property=\"og:locale\" content=\"es_ES\" \/>\n<meta property=\"og:type\" content=\"article\" \/>\n<meta property=\"og:title\" content=\"El Comit\u00e9 de Responsabilidad Social realiz\u00f3 dos actividades por el D\u00eda del Ni\u00f1o -\" \/>\n<meta property=\"og:description\" content=\"El 18 de agosto el Comit\u00e9 de Responsabilidad Social del Tribunal de Cuentas de La Pampa \u00a0realiz\u00f3 el festejo del ... Leer m\u00e1s...\" \/>\n<meta property=\"og:url\" content=\"https:\/\/www.tcuentaslp.gob.ar\/?p=320\" \/>\n<meta property=\"article:publisher\" content=\"https:\/\/es-la.facebook.com\/TdeCLaPampa\/\" \/>\n<meta property=\"article:published_time\" content=\"2017-10-04T13:16:51+00:00\" \/>\n<meta property=\"article:modified_time\" content=\"2017-10-26T16:09:03+00:00\" \/>\n<meta property=\"og:image\" content=\"https:\/\/www.tcuentaslp.gob.ar\/wp-content\/uploads\/2017\/10\/CONIN-e1507208847147.jpg\" \/>\n\t<meta property=\"og:image:width\" content=\"300\" \/>\n\t<meta property=\"og:image:height\" content=\"396\" \/>\n\t<meta property=\"og:image:type\" content=\"image\/jpeg\" \/>\n<meta name=\"author\" content=\"tribumanager\" \/>\n<meta name=\"twitter:card\" content=\"summary_large_image\" \/>\n<meta name=\"twitter:label1\" content=\"Escrito por\" \/>\n\t<meta name=\"twitter:data1\" content=\"tribumanager\" \/>\n\t<meta name=\"twitter:label2\" content=\"Tiempo de lectura\" \/>\n\t<meta name=\"twitter:data2\" content=\"2 minutos\" \/>\n<script type=\"application\/ld+json\" class=\"yoast-schema-graph\">{\"@context\":\"https:\/\/schema.org\",\"@graph\":[{\"@type\":\"Article\",\"@id\":\"https:\/\/www.tcuentaslp.gob.ar\/?p=320#article\",\"isPartOf\":{\"@id\":\"https:\/\/www.tcuentaslp.gob.ar\/?p=320\"},\"author\":{\"name\":\"tribumanager\",\"@id\":\"https:\/\/www.tcuentaslp.gob.ar\/#\/schema\/person\/68a3a6277a719a33d6694fcf820f5a21\"},\"headline\":\"El Comit\u00e9 de Responsabilidad Social realiz\u00f3 dos actividades por el D\u00eda del Ni\u00f1o\",\"datePublished\":\"2017-10-04T13:16:51+00:00\",\"dateModified\":\"2017-10-26T16:09:03+00:00\",\"mainEntityOfPage\":{\"@id\":\"https:\/\/www.tcuentaslp.gob.ar\/?p=320\"},\"wordCount\":394,\"publisher\":{\"@id\":\"https:\/\/www.tcuentaslp.gob.ar\/#organization\"},\"articleSection\":[\"Capacitaciones\"],\"inLanguage\":\"es-AR\"},{\"@type\":\"WebPage\",\"@id\":\"https:\/\/www.tcuentaslp.gob.ar\/?p=320\",\"url\":\"https:\/\/www.tcuentaslp.gob.ar\/?p=320\",\"name\":\"El Comit\u00e9 de Responsabilidad Social realiz\u00f3 dos actividades por el D\u00eda del Ni\u00f1o -\",\"isPartOf\":{\"@id\":\"https:\/\/www.tcuentaslp.gob.ar\/#website\"},\"datePublished\":\"2017-10-04T13:16:51+00:00\",\"dateModified\":\"2017-10-26T16:09:03+00:00\",\"breadcrumb\":{\"@id\":\"https:\/\/www.tcuentaslp.gob.ar\/?p=320#breadcrumb\"},\"inLanguage\":\"es-AR\",\"potentialAction\":[{\"@type\":\"ReadAction\",\"target\":[\"https:\/\/www.tcuentaslp.gob.ar\/?p=320\"]}]},{\"@type\":\"BreadcrumbList\",\"@id\":\"https:\/\/www.tcuentaslp.gob.ar\/?p=320#breadcrumb\",\"itemListElement\":[{\"@type\":\"ListItem\",\"position\":1,\"name\":\"Inicio\",\"item\":\"https:\/\/www.tcuentaslp.gob.ar\/\"},{\"@type\":\"ListItem\",\"position\":2,\"name\":\"El Comit\u00e9 de Responsabilidad Social realiz\u00f3 dos actividades por el D\u00eda del Ni\u00f1o\"}]},{\"@type\":\"WebSite\",\"@id\":\"https:\/\/www.tcuentaslp.gob.ar\/#website\",\"url\":\"https:\/\/www.tcuentaslp.gob.ar\/\",\"name\":\"Tribunal de Cuentas de La Pampa\",\"description\":\"\",\"publisher\":{\"@id\":\"https:\/\/www.tcuentaslp.gob.ar\/#organization\"},\"potentialAction\":[{\"@type\":\"SearchAction\",\"target\":{\"@type\":\"EntryPoint\",\"urlTemplate\":\"https:\/\/www.tcuentaslp.gob.ar\/?s={search_term_string}\"},\"query-input\":\"required name=search_term_string\"}],\"inLanguage\":\"es-AR\"},{\"@type\":\"Organization\",\"@id\":\"https:\/\/www.tcuentaslp.gob.ar\/#organization\",\"name\":\"Tribunal de Cuentas de La Pampa\",\"url\":\"https:\/\/www.tcuentaslp.gob.ar\/\",\"logo\":{\"@type\":\"ImageObject\",\"inLanguage\":\"es-AR\",\"@id\":\"https:\/\/www.tcuentaslp.gob.ar\/#\/schema\/logo\/image\/\",\"url\":\"http:\/\/www.tcuentaslp.gob.ar\/wp-content\/uploads\/2017\/10\/logo_tribunal.png\",\"contentUrl\":\"http:\/\/www.tcuentaslp.gob.ar\/wp-content\/uploads\/2017\/10\/logo_tribunal.png\",\"width\":200,\"height\":204,\"caption\":\"Tribunal de Cuentas de La Pampa\"},\"image\":{\"@id\":\"https:\/\/www.tcuentaslp.gob.ar\/#\/schema\/logo\/image\/\"},\"sameAs\":[\"https:\/\/es-la.facebook.com\/TdeCLaPampa\/\"]},{\"@type\":\"Person\",\"@id\":\"https:\/\/www.tcuentaslp.gob.ar\/#\/schema\/person\/68a3a6277a719a33d6694fcf820f5a21\",\"name\":\"tribumanager\"}]}<\/script>\n<!-- \/ Yoast SEO plugin. -->","yoast_head_json":{"title":"El Comit\u00e9 de Responsabilidad Social realiz\u00f3 dos actividades por el D\u00eda del Ni\u00f1o -","robots":{"index":"index","follow":"follow","max-snippet":"max-snippet:-1","max-image-preview":"max-image-preview:large","max-video-preview":"max-video-preview:-1"},"canonical":"https:\/\/www.tcuentaslp.gob.ar\/?p=320","og_locale":"es_ES","og_type":"article","og_title":"El Comit\u00e9 de Responsabilidad Social realiz\u00f3 dos actividades por el D\u00eda del Ni\u00f1o -","og_description":"El 18 de agosto el Comit\u00e9 de Responsabilidad Social del Tribunal de Cuentas de La Pampa \u00a0realiz\u00f3 el festejo del ... Leer m\u00e1s...","og_url":"https:\/\/www.tcuentaslp.gob.ar\/?p=320","article_publisher":"https:\/\/es-la.facebook.com\/TdeCLaPampa\/","article_published_time":"2017-10-04T13:16:51+00:00","article_modified_time":"2017-10-26T16:09:03+00:00","og_image":[{"width":300,"height":396,"url":"https:\/\/www.tcuentaslp.gob.ar\/wp-content\/uploads\/2017\/10\/CONIN-e1507208847147.jpg","type":"image\/jpeg"}],"author":"tribumanager","twitter_card":"summary_large_image","twitter_misc":{"Escrito por":"tribumanager","Tiempo de lectura":"2 minutos"},"schema":{"@context":"https:\/\/schema.org","@graph":[{"@type":"Article","@id":"https:\/\/www.tcuentaslp.gob.ar\/?p=320#article","isPartOf":{"@id":"https:\/\/www.tcuentaslp.gob.ar\/?p=320"},"author":{"name":"tribumanager","@id":"https:\/\/www.tcuentaslp.gob.ar\/#\/schema\/person\/68a3a6277a719a33d6694fcf820f5a21"},"headline":"El Comit\u00e9 de Responsabilidad Social realiz\u00f3 dos actividades por el D\u00eda del Ni\u00f1o","datePublished":"2017-10-04T13:16:51+00:00","dateModified":"2017-10-26T16:09:03+00:00","mainEntityOfPage":{"@id":"https:\/\/www.tcuentaslp.gob.ar\/?p=320"},"wordCount":394,"publisher":{"@id":"https:\/\/www.tcuentaslp.gob.ar\/#organization"},"articleSection":["Capacitaciones"],"inLanguage":"es-AR"},{"@type":"WebPage","@id":"https:\/\/www.tcuentaslp.gob.ar\/?p=320","url":"https:\/\/www.tcuentaslp.gob.ar\/?p=320","name":"El Comit\u00e9 de Responsabilidad Social realiz\u00f3 dos actividades por el D\u00eda del Ni\u00f1o -","isPartOf":{"@id":"https:\/\/www.tcuentaslp.gob.ar\/#website"},"datePublished":"2017-10-04T13:16:51+00:00","dateModified":"2017-10-26T16:09:03+00:00","breadcrumb":{"@id":"https:\/\/www.tcuentaslp.gob.ar\/?p=320#breadcrumb"},"inLanguage":"es-AR","potentialAction":[{"@type":"ReadAction","target":["https:\/\/www.tcuentaslp.gob.ar\/?p=320"]}]},{"@type":"BreadcrumbList","@id":"https:\/\/www.tcuentaslp.gob.ar\/?p=320#breadcrumb","itemListElement":[{"@type":"ListItem","position":1,"name":"Inicio","item":"https:\/\/www.tcuentaslp.gob.ar\/"},{"@type":"ListItem","position":2,"name":"El Comit\u00e9 de Responsabilidad Social realiz\u00f3 dos actividades por el D\u00eda del Ni\u00f1o"}]},{"@type":"WebSite","@id":"https:\/\/www.tcuentaslp.gob.ar\/#website","url":"https:\/\/www.tcuentaslp.gob.ar\/","name":"Tribunal de Cuentas de La Pampa","description":"","publisher":{"@id":"https:\/\/www.tcuentaslp.gob.ar\/#organization"},"potentialAction":[{"@type":"SearchAction","target":{"@type":"EntryPoint","urlTemplate":"https:\/\/www.tcuentaslp.gob.ar\/?s={search_term_string}"},"query-input":"required name=search_term_string"}],"inLanguage":"es-AR"},{"@type":"Organization","@id":"https:\/\/www.tcuentaslp.gob.ar\/#organization","name":"Tribunal de Cuentas de La Pampa","url":"https:\/\/www.tcuentaslp.gob.ar\/","logo":{"@type":"ImageObject","inLanguage":"es-AR","@id":"https:\/\/www.tcuentaslp.gob.ar\/#\/schema\/logo\/image\/","url":"http:\/\/www.tcuentaslp.gob.ar\/wp-content\/uploads\/2017\/10\/logo_tribunal.png","contentUrl":"http:\/\/www.tcuentaslp.gob.ar\/wp-content\/uploads\/2017\/10\/logo_tribunal.png","width":200,"height":204,"caption":"Tribunal de Cuentas de La Pampa"},"image":{"@id":"https:\/\/www.tcuentaslp.gob.ar\/#\/schema\/logo\/image\/"},"sameAs":["https:\/\/es-la.facebook.com\/TdeCLaPampa\/"]},{"@type":"Person","@id":"https:\/\/www.tcuentaslp.gob.ar\/#\/schema\/person\/68a3a6277a719a33d6694fcf820f5a21","name":"tribumanager"}]}},"_links":{"self":[{"href":"https:\/\/www.tcuentaslp.gob.ar\/index.php?rest_route=\/wp\/v2\/posts\/320"}],"collection":[{"href":"https:\/\/www.tcuentaslp.gob.ar\/index.php?rest_route=\/wp\/v2\/posts"}],"about":[{"href":"https:\/\/www.tcuentaslp.gob.ar\/index.php?rest_route=\/wp\/v2\/types\/post"}],"author":[{"embeddable":true,"href":"https:\/\/www.tcuentaslp.gob.ar\/index.php?rest_route=\/wp\/v2\/users\/1"}],"replies":[{"embeddable":true,"href":"https:\/\/www.tcuentaslp.gob.ar\/index.php?rest_route=%2Fwp%2Fv2%2Fcomments&post=320"}],"version-history":[{"count":5,"href":"https:\/\/www.tcuentaslp.gob.ar\/index.php?rest_route=\/wp\/v2\/posts\/320\/revisions"}],"predecessor-version":[{"id":401,"href":"https:\/\/www.tcuentaslp.gob.ar\/index.php?rest_route=\/wp\/v2\/posts\/320\/revisions\/401"}],"wp:featuredmedia":[{"embeddable":true,"href":"https:\/\/www.tcuentaslp.gob.ar\/index.php?rest_route=\/wp\/v2\/media\/321"}],"wp:attachment":[{"href":"https:\/\/www.tcuentaslp.gob.ar\/index.php?rest_route=%2Fwp%2Fv2%2Fmedia&parent=320"}],"wp:term":[{"taxonomy":"category","embeddable":true,"href":"https:\/\/www.tcuentaslp.gob.ar\/index.php?rest_route=%2Fwp%2Fv2%2Fcategories&post=320"},{"taxonomy":"post_tag","embeddable":true,"href":"https:\/\/www.tcuentaslp.gob.ar\/index.php?rest_route=%2Fwp%2Fv2%2Ftags&post=320"}],"curies":[{"name":"wp","href":"https:\/\/api.w.org\/{rel}","templated":true}]}}