{"id":3350,"date":"2019-04-24T09:05:06","date_gmt":"2019-04-24T12:05:06","guid":{"rendered":"http:\/\/www.tcuentaslp.gob.ar\/?p=3350"},"modified":"2019-04-24T09:05:08","modified_gmt":"2019-04-24T12:05:08","slug":"participacion-en-la-reunion-anual-del-secretariado-permanente-de-tribunales-de-cuentas","status":"publish","type":"post","link":"https:\/\/www.tcuentaslp.gob.ar\/?p=3350","title":{"rendered":"Participaci\u00f3n en la Reuni\u00f3n Anual del Secretariado Permanente de Tribunales de Cuentas"},"content":{"rendered":"<p>La presidente del Tribunal de Cuentas de La Pampa, CPN Mar\u00eda Alejandra Mac Allister, particip\u00f3 durante los d\u00edas 27, 28 y 29 de marzo de la Primera Reuni\u00f3n Anual del Secretariado Permanente de Tribunales de Cuentas, Organos y Organismos P\u00fablicos de Control Externo. El foro que convoca a los organismos de control de fondos p\u00fablicos se desarroll\u00f3 en Puerto Iguaz\u00fa, Misiones.<\/p>\n<p>La apertura del encuentro estuvo a cargo del gobernador de la provincia, Hugo Mario Passalacqua. Frente a representantes de 22 provincias y municipios argentinos y de cinco estados de Brasil, el mandatario resalt\u00f3 la trascendencia que adquieren los controles en la gesti\u00f3n de los organismos p\u00fablicos, porque representan los intereses &#8220;de la gente&#8221;.<\/p>\n<p>En el foro se abord\u00f3, entre otros temas, la situaci\u00f3n institucional de los Tribunales de Cuentas de cada jurisdicci\u00f3n y el trabajo realizado en el marco de la Red Federal de Control P\u00fablico, en articulaci\u00f3n con la Sindicatura General de la Naci\u00f3n (Sigen) para el control de programas con fondos nacionales. Para abordar este \u00faltimo tema, estuvo presente el s\u00edndico general de la Naci\u00f3n, Dr. Alberto Gowland, y el s\u00edndico general adjunto, Cr. An\u00edbal Kohlhuber.<\/p>\n","protected":false},"excerpt":{"rendered":"<p>La presidente del Tribunal de Cuentas de La Pampa, CPN Mar\u00eda Alejandra Mac Allister, particip\u00f3 durante los d\u00edas 27, 28 &#8230; <a title=\"Participaci\u00f3n en la Reuni\u00f3n Anual del Secretariado Permanente de Tribunales de Cuentas\" class=\"read-more\" href=\"https:\/\/www.tcuentaslp.gob.ar\/?p=3350\">Leer m\u00e1s&#8230;<\/a><\/p>\n","protected":false},"author":1,"featured_media":3352,"comment_status":"closed","ping_status":"closed","sticky":false,"template":"","format":"standard","meta":{"generate_page_header":""},"categories":[5],"tags":[],"yoast_head":"<!-- This site is optimized with the Yoast SEO plugin v20.12 - https:\/\/yoast.com\/wordpress\/plugins\/seo\/ -->\n<title>Participaci\u00f3n en la Reuni\u00f3n Anual del Secretariado Permanente de Tribunales de Cuentas -<\/title>\n<meta name=\"robots\" content=\"index, follow, max-snippet:-1, max-image-preview:large, max-video-preview:-1\" \/>\n<link rel=\"canonical\" href=\"https:\/\/www.tcuentaslp.gob.ar\/?p=3350\" \/>\n<meta property=\"og:locale\" content=\"es_ES\" \/>\n<meta property=\"og:type\" content=\"article\" \/>\n<meta property=\"og:title\" content=\"Participaci\u00f3n en la Reuni\u00f3n Anual del Secretariado Permanente de Tribunales de Cuentas -\" \/>\n<meta property=\"og:description\" content=\"La presidente del Tribunal de Cuentas de La Pampa, CPN Mar\u00eda Alejandra Mac Allister, particip\u00f3 durante los d\u00edas 27, 28 ... Leer m\u00e1s...\" \/>\n<meta property=\"og:url\" content=\"https:\/\/www.tcuentaslp.gob.ar\/?p=3350\" \/>\n<meta property=\"article:publisher\" content=\"https:\/\/es-la.facebook.com\/TdeCLaPampa\/\" \/>\n<meta property=\"article:published_time\" content=\"2019-04-24T12:05:06+00:00\" \/>\n<meta property=\"article:modified_time\" content=\"2019-04-24T12:05:08+00:00\" \/>\n<meta property=\"og:image\" content=\"https:\/\/www.tcuentaslp.gob.ar\/wp-content\/uploads\/2019\/04\/FB_IMG_1556024391459.jpg\" \/>\n\t<meta property=\"og:image:width\" content=\"960\" \/>\n\t<meta property=\"og:image:height\" content=\"792\" \/>\n\t<meta property=\"og:image:type\" content=\"image\/jpeg\" \/>\n<meta name=\"author\" content=\"tribumanager\" \/>\n<meta name=\"twitter:card\" content=\"summary_large_image\" \/>\n<meta name=\"twitter:label1\" content=\"Escrito por\" \/>\n\t<meta name=\"twitter:data1\" content=\"tribumanager\" \/>\n\t<meta name=\"twitter:label2\" content=\"Tiempo de lectura\" \/>\n\t<meta name=\"twitter:data2\" content=\"1 minuto\" \/>\n<script type=\"application\/ld+json\" class=\"yoast-schema-graph\">{\"@context\":\"https:\/\/schema.org\",\"@graph\":[{\"@type\":\"Article\",\"@id\":\"https:\/\/www.tcuentaslp.gob.ar\/?p=3350#article\",\"isPartOf\":{\"@id\":\"https:\/\/www.tcuentaslp.gob.ar\/?p=3350\"},\"author\":{\"name\":\"tribumanager\",\"@id\":\"https:\/\/www.tcuentaslp.gob.ar\/#\/schema\/person\/68a3a6277a719a33d6694fcf820f5a21\"},\"headline\":\"Participaci\u00f3n en la Reuni\u00f3n Anual del Secretariado Permanente de Tribunales de Cuentas\",\"datePublished\":\"2019-04-24T12:05:06+00:00\",\"dateModified\":\"2019-04-24T12:05:08+00:00\",\"mainEntityOfPage\":{\"@id\":\"https:\/\/www.tcuentaslp.gob.ar\/?p=3350\"},\"wordCount\":215,\"publisher\":{\"@id\":\"https:\/\/www.tcuentaslp.gob.ar\/#organization\"},\"articleSection\":[\"Noticias\"],\"inLanguage\":\"es-AR\"},{\"@type\":\"WebPage\",\"@id\":\"https:\/\/www.tcuentaslp.gob.ar\/?p=3350\",\"url\":\"https:\/\/www.tcuentaslp.gob.ar\/?p=3350\",\"name\":\"Participaci\u00f3n en la Reuni\u00f3n Anual del Secretariado Permanente de Tribunales de Cuentas -\",\"isPartOf\":{\"@id\":\"https:\/\/www.tcuentaslp.gob.ar\/#website\"},\"datePublished\":\"2019-04-24T12:05:06+00:00\",\"dateModified\":\"2019-04-24T12:05:08+00:00\",\"breadcrumb\":{\"@id\":\"https:\/\/www.tcuentaslp.gob.ar\/?p=3350#breadcrumb\"},\"inLanguage\":\"es-AR\",\"potentialAction\":[{\"@type\":\"ReadAction\",\"target\":[\"https:\/\/www.tcuentaslp.gob.ar\/?p=3350\"]}]},{\"@type\":\"BreadcrumbList\",\"@id\":\"https:\/\/www.tcuentaslp.gob.ar\/?p=3350#breadcrumb\",\"itemListElement\":[{\"@type\":\"ListItem\",\"position\":1,\"name\":\"Inicio\",\"item\":\"https:\/\/www.tcuentaslp.gob.ar\/\"},{\"@type\":\"ListItem\",\"position\":2,\"name\":\"Participaci\u00f3n en la Reuni\u00f3n Anual del Secretariado Permanente de Tribunales de Cuentas\"}]},{\"@type\":\"WebSite\",\"@id\":\"https:\/\/www.tcuentaslp.gob.ar\/#website\",\"url\":\"https:\/\/www.tcuentaslp.gob.ar\/\",\"name\":\"Tribunal de Cuentas de La Pampa\",\"description\":\"\",\"publisher\":{\"@id\":\"https:\/\/www.tcuentaslp.gob.ar\/#organization\"},\"potentialAction\":[{\"@type\":\"SearchAction\",\"target\":{\"@type\":\"EntryPoint\",\"urlTemplate\":\"https:\/\/www.tcuentaslp.gob.ar\/?s={search_term_string}\"},\"query-input\":\"required name=search_term_string\"}],\"inLanguage\":\"es-AR\"},{\"@type\":\"Organization\",\"@id\":\"https:\/\/www.tcuentaslp.gob.ar\/#organization\",\"name\":\"Tribunal de Cuentas de La Pampa\",\"url\":\"https:\/\/www.tcuentaslp.gob.ar\/\",\"logo\":{\"@type\":\"ImageObject\",\"inLanguage\":\"es-AR\",\"@id\":\"https:\/\/www.tcuentaslp.gob.ar\/#\/schema\/logo\/image\/\",\"url\":\"http:\/\/www.tcuentaslp.gob.ar\/wp-content\/uploads\/2017\/10\/logo_tribunal.png\",\"contentUrl\":\"http:\/\/www.tcuentaslp.gob.ar\/wp-content\/uploads\/2017\/10\/logo_tribunal.png\",\"width\":200,\"height\":204,\"caption\":\"Tribunal de Cuentas de La Pampa\"},\"image\":{\"@id\":\"https:\/\/www.tcuentaslp.gob.ar\/#\/schema\/logo\/image\/\"},\"sameAs\":[\"https:\/\/es-la.facebook.com\/TdeCLaPampa\/\"]},{\"@type\":\"Person\",\"@id\":\"https:\/\/www.tcuentaslp.gob.ar\/#\/schema\/person\/68a3a6277a719a33d6694fcf820f5a21\",\"name\":\"tribumanager\"}]}<\/script>\n<!-- \/ Yoast SEO plugin. -->","yoast_head_json":{"title":"Participaci\u00f3n en la Reuni\u00f3n Anual del Secretariado Permanente de Tribunales de Cuentas -","robots":{"index":"index","follow":"follow","max-snippet":"max-snippet:-1","max-image-preview":"max-image-preview:large","max-video-preview":"max-video-preview:-1"},"canonical":"https:\/\/www.tcuentaslp.gob.ar\/?p=3350","og_locale":"es_ES","og_type":"article","og_title":"Participaci\u00f3n en la Reuni\u00f3n Anual del Secretariado Permanente de Tribunales de Cuentas -","og_description":"La presidente del Tribunal de Cuentas de La Pampa, CPN Mar\u00eda Alejandra Mac Allister, particip\u00f3 durante los d\u00edas 27, 28 ... Leer m\u00e1s...","og_url":"https:\/\/www.tcuentaslp.gob.ar\/?p=3350","article_publisher":"https:\/\/es-la.facebook.com\/TdeCLaPampa\/","article_published_time":"2019-04-24T12:05:06+00:00","article_modified_time":"2019-04-24T12:05:08+00:00","og_image":[{"width":960,"height":792,"url":"https:\/\/www.tcuentaslp.gob.ar\/wp-content\/uploads\/2019\/04\/FB_IMG_1556024391459.jpg","type":"image\/jpeg"}],"author":"tribumanager","twitter_card":"summary_large_image","twitter_misc":{"Escrito por":"tribumanager","Tiempo de lectura":"1 minuto"},"schema":{"@context":"https:\/\/schema.org","@graph":[{"@type":"Article","@id":"https:\/\/www.tcuentaslp.gob.ar\/?p=3350#article","isPartOf":{"@id":"https:\/\/www.tcuentaslp.gob.ar\/?p=3350"},"author":{"name":"tribumanager","@id":"https:\/\/www.tcuentaslp.gob.ar\/#\/schema\/person\/68a3a6277a719a33d6694fcf820f5a21"},"headline":"Participaci\u00f3n en la Reuni\u00f3n Anual del Secretariado Permanente de Tribunales de Cuentas","datePublished":"2019-04-24T12:05:06+00:00","dateModified":"2019-04-24T12:05:08+00:00","mainEntityOfPage":{"@id":"https:\/\/www.tcuentaslp.gob.ar\/?p=3350"},"wordCount":215,"publisher":{"@id":"https:\/\/www.tcuentaslp.gob.ar\/#organization"},"articleSection":["Noticias"],"inLanguage":"es-AR"},{"@type":"WebPage","@id":"https:\/\/www.tcuentaslp.gob.ar\/?p=3350","url":"https:\/\/www.tcuentaslp.gob.ar\/?p=3350","name":"Participaci\u00f3n en la Reuni\u00f3n Anual del Secretariado Permanente de Tribunales de Cuentas -","isPartOf":{"@id":"https:\/\/www.tcuentaslp.gob.ar\/#website"},"datePublished":"2019-04-24T12:05:06+00:00","dateModified":"2019-04-24T12:05:08+00:00","breadcrumb":{"@id":"https:\/\/www.tcuentaslp.gob.ar\/?p=3350#breadcrumb"},"inLanguage":"es-AR","potentialAction":[{"@type":"ReadAction","target":["https:\/\/www.tcuentaslp.gob.ar\/?p=3350"]}]},{"@type":"BreadcrumbList","@id":"https:\/\/www.tcuentaslp.gob.ar\/?p=3350#breadcrumb","itemListElement":[{"@type":"ListItem","position":1,"name":"Inicio","item":"https:\/\/www.tcuentaslp.gob.ar\/"},{"@type":"ListItem","position":2,"name":"Participaci\u00f3n en la Reuni\u00f3n Anual del Secretariado Permanente de Tribunales de Cuentas"}]},{"@type":"WebSite","@id":"https:\/\/www.tcuentaslp.gob.ar\/#website","url":"https:\/\/www.tcuentaslp.gob.ar\/","name":"Tribunal de Cuentas de La Pampa","description":"","publisher":{"@id":"https:\/\/www.tcuentaslp.gob.ar\/#organization"},"potentialAction":[{"@type":"SearchAction","target":{"@type":"EntryPoint","urlTemplate":"https:\/\/www.tcuentaslp.gob.ar\/?s={search_term_string}"},"query-input":"required name=search_term_string"}],"inLanguage":"es-AR"},{"@type":"Organization","@id":"https:\/\/www.tcuentaslp.gob.ar\/#organization","name":"Tribunal de Cuentas de La Pampa","url":"https:\/\/www.tcuentaslp.gob.ar\/","logo":{"@type":"ImageObject","inLanguage":"es-AR","@id":"https:\/\/www.tcuentaslp.gob.ar\/#\/schema\/logo\/image\/","url":"http:\/\/www.tcuentaslp.gob.ar\/wp-content\/uploads\/2017\/10\/logo_tribunal.png","contentUrl":"http:\/\/www.tcuentaslp.gob.ar\/wp-content\/uploads\/2017\/10\/logo_tribunal.png","width":200,"height":204,"caption":"Tribunal de Cuentas de La Pampa"},"image":{"@id":"https:\/\/www.tcuentaslp.gob.ar\/#\/schema\/logo\/image\/"},"sameAs":["https:\/\/es-la.facebook.com\/TdeCLaPampa\/"]},{"@type":"Person","@id":"https:\/\/www.tcuentaslp.gob.ar\/#\/schema\/person\/68a3a6277a719a33d6694fcf820f5a21","name":"tribumanager"}]}},"_links":{"self":[{"href":"https:\/\/www.tcuentaslp.gob.ar\/index.php?rest_route=\/wp\/v2\/posts\/3350"}],"collection":[{"href":"https:\/\/www.tcuentaslp.gob.ar\/index.php?rest_route=\/wp\/v2\/posts"}],"about":[{"href":"https:\/\/www.tcuentaslp.gob.ar\/index.php?rest_route=\/wp\/v2\/types\/post"}],"author":[{"embeddable":true,"href":"https:\/\/www.tcuentaslp.gob.ar\/index.php?rest_route=\/wp\/v2\/users\/1"}],"replies":[{"embeddable":true,"href":"https:\/\/www.tcuentaslp.gob.ar\/index.php?rest_route=%2Fwp%2Fv2%2Fcomments&post=3350"}],"version-history":[{"count":1,"href":"https:\/\/www.tcuentaslp.gob.ar\/index.php?rest_route=\/wp\/v2\/posts\/3350\/revisions"}],"predecessor-version":[{"id":3353,"href":"https:\/\/www.tcuentaslp.gob.ar\/index.php?rest_route=\/wp\/v2\/posts\/3350\/revisions\/3353"}],"wp:featuredmedia":[{"embeddable":true,"href":"https:\/\/www.tcuentaslp.gob.ar\/index.php?rest_route=\/wp\/v2\/media\/3352"}],"wp:attachment":[{"href":"https:\/\/www.tcuentaslp.gob.ar\/index.php?rest_route=%2Fwp%2Fv2%2Fmedia&parent=3350"}],"wp:term":[{"taxonomy":"category","embeddable":true,"href":"https:\/\/www.tcuentaslp.gob.ar\/index.php?rest_route=%2Fwp%2Fv2%2Fcategories&post=3350"},{"taxonomy":"post_tag","embeddable":true,"href":"https:\/\/www.tcuentaslp.gob.ar\/index.php?rest_route=%2Fwp%2Fv2%2Ftags&post=3350"}],"curies":[{"name":"wp","href":"https:\/\/api.w.org\/{rel}","templated":true}]}}