{"id":3354,"date":"2019-04-24T09:07:18","date_gmt":"2019-04-24T12:07:18","guid":{"rendered":"http:\/\/www.tcuentaslp.gob.ar\/?p=3354"},"modified":"2019-04-24T09:07:20","modified_gmt":"2019-04-24T12:07:20","slug":"mac-allister-en-la-reunion-de-la-asociacion-de-tribunales-de-cuentas-del-mercosur","status":"publish","type":"post","link":"https:\/\/www.tcuentaslp.gob.ar\/?p=3354","title":{"rendered":"Mac Allister en la reuni\u00f3n de la Asociaci\u00f3n de Tribunales de Cuentas del Mercosur"},"content":{"rendered":"<p>Durante la Primera Reuni\u00f3n Anual del Secretariado Permanente de Tribunales de Cuentas, Organos y Organismos P\u00fablicos de Control Externo, la presidente del TdeC de La Pampa, CPN Mar\u00eda Alejandra Mac Allister, particip\u00f3 de la reuni\u00f3n de la Asociaci\u00f3n de Tribunales de Cuentas del Mercosur (ASUR), como secretaria de Relaciones Institucionales.<\/p>\n<p>El encuentro fue presidido por el consejero del Tribunal de Cuentas de R\u00edo Grande do Sul, Dr. Marco Peixoto. En dicha reuni\u00f3n se trat\u00f3 la propuesta de creaci\u00f3n de un Tribunal de Cuentas de alcance regional, presentada oportunamente por parlamentarios misioneros en el PARLASUR.  A propuesta de la Dra. Fabiola Bianco, vicepresidente de la ASUR, se iniciar\u00e1n contactos con dicho Foro Regional para avanzar en el referido proyecto.<\/p>\n","protected":false},"excerpt":{"rendered":"<p>Durante la Primera Reuni\u00f3n Anual del Secretariado Permanente de Tribunales de Cuentas, Organos y Organismos P\u00fablicos de Control Externo, la &#8230; <a title=\"Mac Allister en la reuni\u00f3n de la Asociaci\u00f3n de Tribunales de Cuentas del Mercosur\" class=\"read-more\" href=\"https:\/\/www.tcuentaslp.gob.ar\/?p=3354\">Leer m\u00e1s&#8230;<\/a><\/p>\n","protected":false},"author":1,"featured_media":3351,"comment_status":"closed","ping_status":"closed","sticky":false,"template":"","format":"standard","meta":{"generate_page_header":""},"categories":[5],"tags":[],"yoast_head":"<!-- This site is optimized with the Yoast SEO plugin v20.12 - https:\/\/yoast.com\/wordpress\/plugins\/seo\/ -->\n<title>Mac Allister en la reuni\u00f3n de la Asociaci\u00f3n de Tribunales de Cuentas del Mercosur -<\/title>\n<meta name=\"robots\" content=\"index, follow, max-snippet:-1, max-image-preview:large, max-video-preview:-1\" \/>\n<link rel=\"canonical\" href=\"https:\/\/www.tcuentaslp.gob.ar\/?p=3354\" \/>\n<meta property=\"og:locale\" content=\"es_ES\" \/>\n<meta property=\"og:type\" content=\"article\" \/>\n<meta property=\"og:title\" content=\"Mac Allister en la reuni\u00f3n de la Asociaci\u00f3n de Tribunales de Cuentas del Mercosur -\" \/>\n<meta property=\"og:description\" content=\"Durante la Primera Reuni\u00f3n Anual del Secretariado Permanente de Tribunales de Cuentas, Organos y Organismos P\u00fablicos de Control Externo, la ... Leer m\u00e1s...\" \/>\n<meta property=\"og:url\" content=\"https:\/\/www.tcuentaslp.gob.ar\/?p=3354\" \/>\n<meta property=\"article:publisher\" content=\"https:\/\/es-la.facebook.com\/TdeCLaPampa\/\" \/>\n<meta property=\"article:published_time\" content=\"2019-04-24T12:07:18+00:00\" \/>\n<meta property=\"article:modified_time\" content=\"2019-04-24T12:07:20+00:00\" \/>\n<meta property=\"og:image\" content=\"https:\/\/www.tcuentaslp.gob.ar\/wp-content\/uploads\/2019\/04\/FB_IMG_1556024397387.jpg\" \/>\n\t<meta property=\"og:image:width\" content=\"1121\" \/>\n\t<meta property=\"og:image:height\" content=\"705\" \/>\n\t<meta property=\"og:image:type\" content=\"image\/jpeg\" \/>\n<meta name=\"author\" content=\"tribumanager\" \/>\n<meta name=\"twitter:card\" content=\"summary_large_image\" \/>\n<meta name=\"twitter:label1\" content=\"Escrito por\" \/>\n\t<meta name=\"twitter:data1\" content=\"tribumanager\" \/>\n\t<meta name=\"twitter:label2\" content=\"Tiempo de lectura\" \/>\n\t<meta name=\"twitter:data2\" content=\"1 minuto\" \/>\n<script type=\"application\/ld+json\" class=\"yoast-schema-graph\">{\"@context\":\"https:\/\/schema.org\",\"@graph\":[{\"@type\":\"Article\",\"@id\":\"https:\/\/www.tcuentaslp.gob.ar\/?p=3354#article\",\"isPartOf\":{\"@id\":\"https:\/\/www.tcuentaslp.gob.ar\/?p=3354\"},\"author\":{\"name\":\"tribumanager\",\"@id\":\"https:\/\/www.tcuentaslp.gob.ar\/#\/schema\/person\/68a3a6277a719a33d6694fcf820f5a21\"},\"headline\":\"Mac Allister en la reuni\u00f3n de la Asociaci\u00f3n de Tribunales de Cuentas del Mercosur\",\"datePublished\":\"2019-04-24T12:07:18+00:00\",\"dateModified\":\"2019-04-24T12:07:20+00:00\",\"mainEntityOfPage\":{\"@id\":\"https:\/\/www.tcuentaslp.gob.ar\/?p=3354\"},\"wordCount\":143,\"publisher\":{\"@id\":\"https:\/\/www.tcuentaslp.gob.ar\/#organization\"},\"articleSection\":[\"Noticias\"],\"inLanguage\":\"es-AR\"},{\"@type\":\"WebPage\",\"@id\":\"https:\/\/www.tcuentaslp.gob.ar\/?p=3354\",\"url\":\"https:\/\/www.tcuentaslp.gob.ar\/?p=3354\",\"name\":\"Mac Allister en la reuni\u00f3n de la Asociaci\u00f3n de Tribunales de Cuentas del Mercosur -\",\"isPartOf\":{\"@id\":\"https:\/\/www.tcuentaslp.gob.ar\/#website\"},\"datePublished\":\"2019-04-24T12:07:18+00:00\",\"dateModified\":\"2019-04-24T12:07:20+00:00\",\"breadcrumb\":{\"@id\":\"https:\/\/www.tcuentaslp.gob.ar\/?p=3354#breadcrumb\"},\"inLanguage\":\"es-AR\",\"potentialAction\":[{\"@type\":\"ReadAction\",\"target\":[\"https:\/\/www.tcuentaslp.gob.ar\/?p=3354\"]}]},{\"@type\":\"BreadcrumbList\",\"@id\":\"https:\/\/www.tcuentaslp.gob.ar\/?p=3354#breadcrumb\",\"itemListElement\":[{\"@type\":\"ListItem\",\"position\":1,\"name\":\"Inicio\",\"item\":\"https:\/\/www.tcuentaslp.gob.ar\/\"},{\"@type\":\"ListItem\",\"position\":2,\"name\":\"Mac Allister en la reuni\u00f3n de la Asociaci\u00f3n de Tribunales de Cuentas del Mercosur\"}]},{\"@type\":\"WebSite\",\"@id\":\"https:\/\/www.tcuentaslp.gob.ar\/#website\",\"url\":\"https:\/\/www.tcuentaslp.gob.ar\/\",\"name\":\"Tribunal de Cuentas de La Pampa\",\"description\":\"\",\"publisher\":{\"@id\":\"https:\/\/www.tcuentaslp.gob.ar\/#organization\"},\"potentialAction\":[{\"@type\":\"SearchAction\",\"target\":{\"@type\":\"EntryPoint\",\"urlTemplate\":\"https:\/\/www.tcuentaslp.gob.ar\/?s={search_term_string}\"},\"query-input\":\"required name=search_term_string\"}],\"inLanguage\":\"es-AR\"},{\"@type\":\"Organization\",\"@id\":\"https:\/\/www.tcuentaslp.gob.ar\/#organization\",\"name\":\"Tribunal de Cuentas de La Pampa\",\"url\":\"https:\/\/www.tcuentaslp.gob.ar\/\",\"logo\":{\"@type\":\"ImageObject\",\"inLanguage\":\"es-AR\",\"@id\":\"https:\/\/www.tcuentaslp.gob.ar\/#\/schema\/logo\/image\/\",\"url\":\"http:\/\/www.tcuentaslp.gob.ar\/wp-content\/uploads\/2017\/10\/logo_tribunal.png\",\"contentUrl\":\"http:\/\/www.tcuentaslp.gob.ar\/wp-content\/uploads\/2017\/10\/logo_tribunal.png\",\"width\":200,\"height\":204,\"caption\":\"Tribunal de Cuentas de La Pampa\"},\"image\":{\"@id\":\"https:\/\/www.tcuentaslp.gob.ar\/#\/schema\/logo\/image\/\"},\"sameAs\":[\"https:\/\/es-la.facebook.com\/TdeCLaPampa\/\"]},{\"@type\":\"Person\",\"@id\":\"https:\/\/www.tcuentaslp.gob.ar\/#\/schema\/person\/68a3a6277a719a33d6694fcf820f5a21\",\"name\":\"tribumanager\"}]}<\/script>\n<!-- \/ Yoast SEO plugin. -->","yoast_head_json":{"title":"Mac Allister en la reuni\u00f3n de la Asociaci\u00f3n de Tribunales de Cuentas del Mercosur -","robots":{"index":"index","follow":"follow","max-snippet":"max-snippet:-1","max-image-preview":"max-image-preview:large","max-video-preview":"max-video-preview:-1"},"canonical":"https:\/\/www.tcuentaslp.gob.ar\/?p=3354","og_locale":"es_ES","og_type":"article","og_title":"Mac Allister en la reuni\u00f3n de la Asociaci\u00f3n de Tribunales de Cuentas del Mercosur -","og_description":"Durante la Primera Reuni\u00f3n Anual del Secretariado Permanente de Tribunales de Cuentas, Organos y Organismos P\u00fablicos de Control Externo, la ... Leer m\u00e1s...","og_url":"https:\/\/www.tcuentaslp.gob.ar\/?p=3354","article_publisher":"https:\/\/es-la.facebook.com\/TdeCLaPampa\/","article_published_time":"2019-04-24T12:07:18+00:00","article_modified_time":"2019-04-24T12:07:20+00:00","og_image":[{"width":1121,"height":705,"url":"https:\/\/www.tcuentaslp.gob.ar\/wp-content\/uploads\/2019\/04\/FB_IMG_1556024397387.jpg","type":"image\/jpeg"}],"author":"tribumanager","twitter_card":"summary_large_image","twitter_misc":{"Escrito por":"tribumanager","Tiempo de lectura":"1 minuto"},"schema":{"@context":"https:\/\/schema.org","@graph":[{"@type":"Article","@id":"https:\/\/www.tcuentaslp.gob.ar\/?p=3354#article","isPartOf":{"@id":"https:\/\/www.tcuentaslp.gob.ar\/?p=3354"},"author":{"name":"tribumanager","@id":"https:\/\/www.tcuentaslp.gob.ar\/#\/schema\/person\/68a3a6277a719a33d6694fcf820f5a21"},"headline":"Mac Allister en la reuni\u00f3n de la Asociaci\u00f3n de Tribunales de Cuentas del Mercosur","datePublished":"2019-04-24T12:07:18+00:00","dateModified":"2019-04-24T12:07:20+00:00","mainEntityOfPage":{"@id":"https:\/\/www.tcuentaslp.gob.ar\/?p=3354"},"wordCount":143,"publisher":{"@id":"https:\/\/www.tcuentaslp.gob.ar\/#organization"},"articleSection":["Noticias"],"inLanguage":"es-AR"},{"@type":"WebPage","@id":"https:\/\/www.tcuentaslp.gob.ar\/?p=3354","url":"https:\/\/www.tcuentaslp.gob.ar\/?p=3354","name":"Mac Allister en la reuni\u00f3n de la Asociaci\u00f3n de Tribunales de Cuentas del Mercosur -","isPartOf":{"@id":"https:\/\/www.tcuentaslp.gob.ar\/#website"},"datePublished":"2019-04-24T12:07:18+00:00","dateModified":"2019-04-24T12:07:20+00:00","breadcrumb":{"@id":"https:\/\/www.tcuentaslp.gob.ar\/?p=3354#breadcrumb"},"inLanguage":"es-AR","potentialAction":[{"@type":"ReadAction","target":["https:\/\/www.tcuentaslp.gob.ar\/?p=3354"]}]},{"@type":"BreadcrumbList","@id":"https:\/\/www.tcuentaslp.gob.ar\/?p=3354#breadcrumb","itemListElement":[{"@type":"ListItem","position":1,"name":"Inicio","item":"https:\/\/www.tcuentaslp.gob.ar\/"},{"@type":"ListItem","position":2,"name":"Mac Allister en la reuni\u00f3n de la Asociaci\u00f3n de Tribunales de Cuentas del Mercosur"}]},{"@type":"WebSite","@id":"https:\/\/www.tcuentaslp.gob.ar\/#website","url":"https:\/\/www.tcuentaslp.gob.ar\/","name":"Tribunal de Cuentas de La Pampa","description":"","publisher":{"@id":"https:\/\/www.tcuentaslp.gob.ar\/#organization"},"potentialAction":[{"@type":"SearchAction","target":{"@type":"EntryPoint","urlTemplate":"https:\/\/www.tcuentaslp.gob.ar\/?s={search_term_string}"},"query-input":"required name=search_term_string"}],"inLanguage":"es-AR"},{"@type":"Organization","@id":"https:\/\/www.tcuentaslp.gob.ar\/#organization","name":"Tribunal de Cuentas de La Pampa","url":"https:\/\/www.tcuentaslp.gob.ar\/","logo":{"@type":"ImageObject","inLanguage":"es-AR","@id":"https:\/\/www.tcuentaslp.gob.ar\/#\/schema\/logo\/image\/","url":"http:\/\/www.tcuentaslp.gob.ar\/wp-content\/uploads\/2017\/10\/logo_tribunal.png","contentUrl":"http:\/\/www.tcuentaslp.gob.ar\/wp-content\/uploads\/2017\/10\/logo_tribunal.png","width":200,"height":204,"caption":"Tribunal de Cuentas de La Pampa"},"image":{"@id":"https:\/\/www.tcuentaslp.gob.ar\/#\/schema\/logo\/image\/"},"sameAs":["https:\/\/es-la.facebook.com\/TdeCLaPampa\/"]},{"@type":"Person","@id":"https:\/\/www.tcuentaslp.gob.ar\/#\/schema\/person\/68a3a6277a719a33d6694fcf820f5a21","name":"tribumanager"}]}},"_links":{"self":[{"href":"https:\/\/www.tcuentaslp.gob.ar\/index.php?rest_route=\/wp\/v2\/posts\/3354"}],"collection":[{"href":"https:\/\/www.tcuentaslp.gob.ar\/index.php?rest_route=\/wp\/v2\/posts"}],"about":[{"href":"https:\/\/www.tcuentaslp.gob.ar\/index.php?rest_route=\/wp\/v2\/types\/post"}],"author":[{"embeddable":true,"href":"https:\/\/www.tcuentaslp.gob.ar\/index.php?rest_route=\/wp\/v2\/users\/1"}],"replies":[{"embeddable":true,"href":"https:\/\/www.tcuentaslp.gob.ar\/index.php?rest_route=%2Fwp%2Fv2%2Fcomments&post=3354"}],"version-history":[{"count":1,"href":"https:\/\/www.tcuentaslp.gob.ar\/index.php?rest_route=\/wp\/v2\/posts\/3354\/revisions"}],"predecessor-version":[{"id":3355,"href":"https:\/\/www.tcuentaslp.gob.ar\/index.php?rest_route=\/wp\/v2\/posts\/3354\/revisions\/3355"}],"wp:featuredmedia":[{"embeddable":true,"href":"https:\/\/www.tcuentaslp.gob.ar\/index.php?rest_route=\/wp\/v2\/media\/3351"}],"wp:attachment":[{"href":"https:\/\/www.tcuentaslp.gob.ar\/index.php?rest_route=%2Fwp%2Fv2%2Fmedia&parent=3354"}],"wp:term":[{"taxonomy":"category","embeddable":true,"href":"https:\/\/www.tcuentaslp.gob.ar\/index.php?rest_route=%2Fwp%2Fv2%2Fcategories&post=3354"},{"taxonomy":"post_tag","embeddable":true,"href":"https:\/\/www.tcuentaslp.gob.ar\/index.php?rest_route=%2Fwp%2Fv2%2Ftags&post=3354"}],"curies":[{"name":"wp","href":"https:\/\/api.w.org\/{rel}","templated":true}]}}