{"id":3456,"date":"2019-10-09T11:27:32","date_gmt":"2019-10-09T14:27:32","guid":{"rendered":"http:\/\/www.tcuentaslp.gob.ar\/?p=3456"},"modified":"2019-10-09T11:27:35","modified_gmt":"2019-10-09T14:27:35","slug":"participacion-en-la-reunion-anual-del-secretariado-permanente-de-tribunales-de-cuentas-y-en-el-encuentro-de-la-asociacion-de-entidades-oficiales-en-control-publico-del-mercosur","status":"publish","type":"post","link":"https:\/\/www.tcuentaslp.gob.ar\/?p=3456","title":{"rendered":"Participaci\u00f3n en la Reuni\u00f3n Anual del Secretariado Permanente de Tribunales de Cuentas y en el encuentro de la Asociaci\u00f3n de Entidades Oficiales en Control P\u00fablico del Mercosur"},"content":{"rendered":"<p>Los d\u00edas 23 a 25 de septiembre del corriente se desarroll\u00f3 en la ciudad de San Fernando del Valle de Catamarca la tercera reuni\u00f3n anual del Secretariado Permanente de Tribunales de Cuentas y Organismos P\u00fablicos de Control Externo de la Rep\u00fablica Argentina (S.P.T.C.R.A.), participando de la misma la presidenta del Tribunal de Cuentas de la Pampa, C.P.N. Mar\u00eda Alejandra Mac Allister. En simult\u00e1neo se desarroll\u00f3 el encuentro de la Asociaci\u00f3n de Entidades Oficiales en Control P\u00fablico del Mercosur (ASUR) en la cual intervino en su car\u00e1cter de Secretaria de Relaciones Institucionales.<br \/>\nEl Secretariado es una asociaci\u00f3n civil constituida por los Tribunales de Cuentas de las provincias, los municipios y organismos p\u00fablicos de control externo admitidos en el mismo, cuyo prop\u00f3sito es establecer la comunicaci\u00f3n permanente y relaci\u00f3n directa entre los asociados a los fines de investigaci\u00f3n, informaci\u00f3n, asistencia t\u00e9cnica, capacitaci\u00f3n, estudio y especializaci\u00f3n en las materias relativas al control y fiscalizaci\u00f3n de la hacienda p\u00fablica, as\u00ed como velar por el respeto institucional de los Tribunales de Cuentas como \u00f3rganos de raigambre constitucional.<\/p>\n","protected":false},"excerpt":{"rendered":"<p>Los d\u00edas 23 a 25 de septiembre del corriente se desarroll\u00f3 en la ciudad de San Fernando del Valle de &#8230; <a title=\"Participaci\u00f3n en la Reuni\u00f3n Anual del Secretariado Permanente de Tribunales de Cuentas y en el encuentro de la Asociaci\u00f3n de Entidades Oficiales en Control P\u00fablico del Mercosur\" class=\"read-more\" href=\"https:\/\/www.tcuentaslp.gob.ar\/?p=3456\">Leer m\u00e1s&#8230;<\/a><\/p>\n","protected":false},"author":1,"featured_media":3457,"comment_status":"closed","ping_status":"closed","sticky":false,"template":"","format":"standard","meta":{"generate_page_header":""},"categories":[5],"tags":[],"yoast_head":"<!-- This site is optimized with the Yoast SEO plugin v20.12 - https:\/\/yoast.com\/wordpress\/plugins\/seo\/ -->\n<title>Participaci\u00f3n en la Reuni\u00f3n Anual del Secretariado Permanente de Tribunales de Cuentas y en el encuentro de la Asociaci\u00f3n de Entidades Oficiales en Control P\u00fablico del Mercosur -<\/title>\n<meta name=\"robots\" content=\"index, follow, max-snippet:-1, max-image-preview:large, max-video-preview:-1\" \/>\n<link rel=\"canonical\" href=\"https:\/\/www.tcuentaslp.gob.ar\/?p=3456\" \/>\n<meta property=\"og:locale\" content=\"es_ES\" \/>\n<meta property=\"og:type\" content=\"article\" \/>\n<meta property=\"og:title\" content=\"Participaci\u00f3n en la Reuni\u00f3n Anual del Secretariado Permanente de Tribunales de Cuentas y en el encuentro de la Asociaci\u00f3n de Entidades Oficiales en Control P\u00fablico del Mercosur -\" \/>\n<meta property=\"og:description\" content=\"Los d\u00edas 23 a 25 de septiembre del corriente se desarroll\u00f3 en la ciudad de San Fernando del Valle de ... Leer m\u00e1s...\" \/>\n<meta property=\"og:url\" content=\"https:\/\/www.tcuentaslp.gob.ar\/?p=3456\" \/>\n<meta property=\"article:publisher\" content=\"https:\/\/es-la.facebook.com\/TdeCLaPampa\/\" \/>\n<meta property=\"article:published_time\" content=\"2019-10-09T14:27:32+00:00\" \/>\n<meta property=\"article:modified_time\" content=\"2019-10-09T14:27:35+00:00\" \/>\n<meta property=\"og:image\" content=\"https:\/\/www.tcuentaslp.gob.ar\/wp-content\/uploads\/2019\/10\/IMG-20191009-WA0006.jpg\" \/>\n\t<meta property=\"og:image:width\" content=\"1280\" \/>\n\t<meta property=\"og:image:height\" content=\"960\" \/>\n\t<meta property=\"og:image:type\" content=\"image\/jpeg\" \/>\n<meta name=\"author\" content=\"tribumanager\" \/>\n<meta name=\"twitter:card\" content=\"summary_large_image\" \/>\n<meta name=\"twitter:label1\" content=\"Escrito por\" \/>\n\t<meta name=\"twitter:data1\" content=\"tribumanager\" \/>\n\t<meta name=\"twitter:label2\" content=\"Tiempo de lectura\" \/>\n\t<meta name=\"twitter:data2\" content=\"1 minuto\" \/>\n<script type=\"application\/ld+json\" class=\"yoast-schema-graph\">{\"@context\":\"https:\/\/schema.org\",\"@graph\":[{\"@type\":\"Article\",\"@id\":\"https:\/\/www.tcuentaslp.gob.ar\/?p=3456#article\",\"isPartOf\":{\"@id\":\"https:\/\/www.tcuentaslp.gob.ar\/?p=3456\"},\"author\":{\"name\":\"tribumanager\",\"@id\":\"https:\/\/www.tcuentaslp.gob.ar\/#\/schema\/person\/68a3a6277a719a33d6694fcf820f5a21\"},\"headline\":\"Participaci\u00f3n en la Reuni\u00f3n Anual del Secretariado Permanente de Tribunales de Cuentas y en el encuentro de la Asociaci\u00f3n de Entidades Oficiales en Control P\u00fablico del Mercosur\",\"datePublished\":\"2019-10-09T14:27:32+00:00\",\"dateModified\":\"2019-10-09T14:27:35+00:00\",\"mainEntityOfPage\":{\"@id\":\"https:\/\/www.tcuentaslp.gob.ar\/?p=3456\"},\"wordCount\":229,\"publisher\":{\"@id\":\"https:\/\/www.tcuentaslp.gob.ar\/#organization\"},\"articleSection\":[\"Noticias\"],\"inLanguage\":\"es-AR\"},{\"@type\":\"WebPage\",\"@id\":\"https:\/\/www.tcuentaslp.gob.ar\/?p=3456\",\"url\":\"https:\/\/www.tcuentaslp.gob.ar\/?p=3456\",\"name\":\"Participaci\u00f3n en la Reuni\u00f3n Anual del Secretariado Permanente de Tribunales de Cuentas y en el encuentro de la Asociaci\u00f3n de Entidades Oficiales en Control P\u00fablico del Mercosur -\",\"isPartOf\":{\"@id\":\"https:\/\/www.tcuentaslp.gob.ar\/#website\"},\"datePublished\":\"2019-10-09T14:27:32+00:00\",\"dateModified\":\"2019-10-09T14:27:35+00:00\",\"breadcrumb\":{\"@id\":\"https:\/\/www.tcuentaslp.gob.ar\/?p=3456#breadcrumb\"},\"inLanguage\":\"es-AR\",\"potentialAction\":[{\"@type\":\"ReadAction\",\"target\":[\"https:\/\/www.tcuentaslp.gob.ar\/?p=3456\"]}]},{\"@type\":\"BreadcrumbList\",\"@id\":\"https:\/\/www.tcuentaslp.gob.ar\/?p=3456#breadcrumb\",\"itemListElement\":[{\"@type\":\"ListItem\",\"position\":1,\"name\":\"Inicio\",\"item\":\"https:\/\/www.tcuentaslp.gob.ar\/\"},{\"@type\":\"ListItem\",\"position\":2,\"name\":\"Participaci\u00f3n en la Reuni\u00f3n Anual del Secretariado Permanente de Tribunales de Cuentas y en el encuentro de la Asociaci\u00f3n de Entidades Oficiales en Control P\u00fablico del Mercosur\"}]},{\"@type\":\"WebSite\",\"@id\":\"https:\/\/www.tcuentaslp.gob.ar\/#website\",\"url\":\"https:\/\/www.tcuentaslp.gob.ar\/\",\"name\":\"Tribunal de Cuentas de La Pampa\",\"description\":\"\",\"publisher\":{\"@id\":\"https:\/\/www.tcuentaslp.gob.ar\/#organization\"},\"potentialAction\":[{\"@type\":\"SearchAction\",\"target\":{\"@type\":\"EntryPoint\",\"urlTemplate\":\"https:\/\/www.tcuentaslp.gob.ar\/?s={search_term_string}\"},\"query-input\":\"required name=search_term_string\"}],\"inLanguage\":\"es-AR\"},{\"@type\":\"Organization\",\"@id\":\"https:\/\/www.tcuentaslp.gob.ar\/#organization\",\"name\":\"Tribunal de Cuentas de La Pampa\",\"url\":\"https:\/\/www.tcuentaslp.gob.ar\/\",\"logo\":{\"@type\":\"ImageObject\",\"inLanguage\":\"es-AR\",\"@id\":\"https:\/\/www.tcuentaslp.gob.ar\/#\/schema\/logo\/image\/\",\"url\":\"http:\/\/www.tcuentaslp.gob.ar\/wp-content\/uploads\/2017\/10\/logo_tribunal.png\",\"contentUrl\":\"http:\/\/www.tcuentaslp.gob.ar\/wp-content\/uploads\/2017\/10\/logo_tribunal.png\",\"width\":200,\"height\":204,\"caption\":\"Tribunal de Cuentas de La Pampa\"},\"image\":{\"@id\":\"https:\/\/www.tcuentaslp.gob.ar\/#\/schema\/logo\/image\/\"},\"sameAs\":[\"https:\/\/es-la.facebook.com\/TdeCLaPampa\/\"]},{\"@type\":\"Person\",\"@id\":\"https:\/\/www.tcuentaslp.gob.ar\/#\/schema\/person\/68a3a6277a719a33d6694fcf820f5a21\",\"name\":\"tribumanager\"}]}<\/script>\n<!-- \/ Yoast SEO plugin. -->","yoast_head_json":{"title":"Participaci\u00f3n en la Reuni\u00f3n Anual del Secretariado Permanente de Tribunales de Cuentas y en el encuentro de la Asociaci\u00f3n de Entidades Oficiales en Control P\u00fablico del Mercosur -","robots":{"index":"index","follow":"follow","max-snippet":"max-snippet:-1","max-image-preview":"max-image-preview:large","max-video-preview":"max-video-preview:-1"},"canonical":"https:\/\/www.tcuentaslp.gob.ar\/?p=3456","og_locale":"es_ES","og_type":"article","og_title":"Participaci\u00f3n en la Reuni\u00f3n Anual del Secretariado Permanente de Tribunales de Cuentas y en el encuentro de la Asociaci\u00f3n de Entidades Oficiales en Control P\u00fablico del Mercosur -","og_description":"Los d\u00edas 23 a 25 de septiembre del corriente se desarroll\u00f3 en la ciudad de San Fernando del Valle de ... Leer m\u00e1s...","og_url":"https:\/\/www.tcuentaslp.gob.ar\/?p=3456","article_publisher":"https:\/\/es-la.facebook.com\/TdeCLaPampa\/","article_published_time":"2019-10-09T14:27:32+00:00","article_modified_time":"2019-10-09T14:27:35+00:00","og_image":[{"width":1280,"height":960,"url":"https:\/\/www.tcuentaslp.gob.ar\/wp-content\/uploads\/2019\/10\/IMG-20191009-WA0006.jpg","type":"image\/jpeg"}],"author":"tribumanager","twitter_card":"summary_large_image","twitter_misc":{"Escrito por":"tribumanager","Tiempo de lectura":"1 minuto"},"schema":{"@context":"https:\/\/schema.org","@graph":[{"@type":"Article","@id":"https:\/\/www.tcuentaslp.gob.ar\/?p=3456#article","isPartOf":{"@id":"https:\/\/www.tcuentaslp.gob.ar\/?p=3456"},"author":{"name":"tribumanager","@id":"https:\/\/www.tcuentaslp.gob.ar\/#\/schema\/person\/68a3a6277a719a33d6694fcf820f5a21"},"headline":"Participaci\u00f3n en la Reuni\u00f3n Anual del Secretariado Permanente de Tribunales de Cuentas y en el encuentro de la Asociaci\u00f3n de Entidades Oficiales en Control P\u00fablico del Mercosur","datePublished":"2019-10-09T14:27:32+00:00","dateModified":"2019-10-09T14:27:35+00:00","mainEntityOfPage":{"@id":"https:\/\/www.tcuentaslp.gob.ar\/?p=3456"},"wordCount":229,"publisher":{"@id":"https:\/\/www.tcuentaslp.gob.ar\/#organization"},"articleSection":["Noticias"],"inLanguage":"es-AR"},{"@type":"WebPage","@id":"https:\/\/www.tcuentaslp.gob.ar\/?p=3456","url":"https:\/\/www.tcuentaslp.gob.ar\/?p=3456","name":"Participaci\u00f3n en la Reuni\u00f3n Anual del Secretariado Permanente de Tribunales de Cuentas y en el encuentro de la Asociaci\u00f3n de Entidades Oficiales en Control P\u00fablico del Mercosur -","isPartOf":{"@id":"https:\/\/www.tcuentaslp.gob.ar\/#website"},"datePublished":"2019-10-09T14:27:32+00:00","dateModified":"2019-10-09T14:27:35+00:00","breadcrumb":{"@id":"https:\/\/www.tcuentaslp.gob.ar\/?p=3456#breadcrumb"},"inLanguage":"es-AR","potentialAction":[{"@type":"ReadAction","target":["https:\/\/www.tcuentaslp.gob.ar\/?p=3456"]}]},{"@type":"BreadcrumbList","@id":"https:\/\/www.tcuentaslp.gob.ar\/?p=3456#breadcrumb","itemListElement":[{"@type":"ListItem","position":1,"name":"Inicio","item":"https:\/\/www.tcuentaslp.gob.ar\/"},{"@type":"ListItem","position":2,"name":"Participaci\u00f3n en la Reuni\u00f3n Anual del Secretariado Permanente de Tribunales de Cuentas y en el encuentro de la Asociaci\u00f3n de Entidades Oficiales en Control P\u00fablico del Mercosur"}]},{"@type":"WebSite","@id":"https:\/\/www.tcuentaslp.gob.ar\/#website","url":"https:\/\/www.tcuentaslp.gob.ar\/","name":"Tribunal de Cuentas de La Pampa","description":"","publisher":{"@id":"https:\/\/www.tcuentaslp.gob.ar\/#organization"},"potentialAction":[{"@type":"SearchAction","target":{"@type":"EntryPoint","urlTemplate":"https:\/\/www.tcuentaslp.gob.ar\/?s={search_term_string}"},"query-input":"required name=search_term_string"}],"inLanguage":"es-AR"},{"@type":"Organization","@id":"https:\/\/www.tcuentaslp.gob.ar\/#organization","name":"Tribunal de Cuentas de La Pampa","url":"https:\/\/www.tcuentaslp.gob.ar\/","logo":{"@type":"ImageObject","inLanguage":"es-AR","@id":"https:\/\/www.tcuentaslp.gob.ar\/#\/schema\/logo\/image\/","url":"http:\/\/www.tcuentaslp.gob.ar\/wp-content\/uploads\/2017\/10\/logo_tribunal.png","contentUrl":"http:\/\/www.tcuentaslp.gob.ar\/wp-content\/uploads\/2017\/10\/logo_tribunal.png","width":200,"height":204,"caption":"Tribunal de Cuentas de La Pampa"},"image":{"@id":"https:\/\/www.tcuentaslp.gob.ar\/#\/schema\/logo\/image\/"},"sameAs":["https:\/\/es-la.facebook.com\/TdeCLaPampa\/"]},{"@type":"Person","@id":"https:\/\/www.tcuentaslp.gob.ar\/#\/schema\/person\/68a3a6277a719a33d6694fcf820f5a21","name":"tribumanager"}]}},"_links":{"self":[{"href":"https:\/\/www.tcuentaslp.gob.ar\/index.php?rest_route=\/wp\/v2\/posts\/3456"}],"collection":[{"href":"https:\/\/www.tcuentaslp.gob.ar\/index.php?rest_route=\/wp\/v2\/posts"}],"about":[{"href":"https:\/\/www.tcuentaslp.gob.ar\/index.php?rest_route=\/wp\/v2\/types\/post"}],"author":[{"embeddable":true,"href":"https:\/\/www.tcuentaslp.gob.ar\/index.php?rest_route=\/wp\/v2\/users\/1"}],"replies":[{"embeddable":true,"href":"https:\/\/www.tcuentaslp.gob.ar\/index.php?rest_route=%2Fwp%2Fv2%2Fcomments&post=3456"}],"version-history":[{"count":1,"href":"https:\/\/www.tcuentaslp.gob.ar\/index.php?rest_route=\/wp\/v2\/posts\/3456\/revisions"}],"predecessor-version":[{"id":3458,"href":"https:\/\/www.tcuentaslp.gob.ar\/index.php?rest_route=\/wp\/v2\/posts\/3456\/revisions\/3458"}],"wp:featuredmedia":[{"embeddable":true,"href":"https:\/\/www.tcuentaslp.gob.ar\/index.php?rest_route=\/wp\/v2\/media\/3457"}],"wp:attachment":[{"href":"https:\/\/www.tcuentaslp.gob.ar\/index.php?rest_route=%2Fwp%2Fv2%2Fmedia&parent=3456"}],"wp:term":[{"taxonomy":"category","embeddable":true,"href":"https:\/\/www.tcuentaslp.gob.ar\/index.php?rest_route=%2Fwp%2Fv2%2Fcategories&post=3456"},{"taxonomy":"post_tag","embeddable":true,"href":"https:\/\/www.tcuentaslp.gob.ar\/index.php?rest_route=%2Fwp%2Fv2%2Ftags&post=3456"}],"curies":[{"name":"wp","href":"https:\/\/api.w.org\/{rel}","templated":true}]}}