{"id":3463,"date":"2019-10-11T11:35:02","date_gmt":"2019-10-11T14:35:02","guid":{"rendered":"http:\/\/www.tcuentaslp.gob.ar\/?p=3463"},"modified":"2021-09-13T12:59:10","modified_gmt":"2021-09-13T15:59:10","slug":"el-tribunal-de-cuentas-distinguido-nuevamente-por-el-premio-nacional-a-la-calidad","status":"publish","type":"post","link":"https:\/\/www.tcuentaslp.gob.ar\/?p=3463","title":{"rendered":"El Tribunal de Cuentas distinguido nuevamente por el Premio Nacional a la Calidad"},"content":{"rendered":"\n<p>El Tribunal de Cuentas de La Pampa se present\u00f3 por tercera vez en su historia institucional a la evaluaci\u00f3n del Premio Nacional a la Calidad y por tercera vez fu\u00e9 distinguido  en el marco de la Ley N\u00ba 24127  que fomenta la mejora en la calidad de los servicios y productos que recibe la ciudadan\u00eda, considerando  modelos de excelencia, innovaci\u00f3n y transparencia de las instituciones.<\/p>\n\n\n\n<p>El otorgamiento de la Medalla de Bronce fu\u00e9 anunciado por la  Directora Nacional de Procesos, Calidad y Eficiencia de Gesti\u00f3n de la Secretar\u00eda de Gobierno de Modernizaci\u00f3n de la Naci\u00f3n, Patricia Mac Culloch a la Presidenta del \u00f3rgano de control, C.P.N. Mar\u00eda Alejandra Mac Allister luego de que t\u00e9cnicos espec\u00edficos evaluaran en la ciudad de Santa Rosa  la gesti\u00f3n del organismo correspondiente a los a\u00f1os 2016, 2017 y 2018 y el Jurado se expidiera respecto de todas  las instituciones y empresas postulantes.<\/p>\n\n\n\n<p>La distinci\u00f3n ser\u00e1 otorgada en ceremonia p\u00fablica y constituye un reconocimiento al compromiso de todo su personal no s\u00f3lo con los procesos de calidad que  a\u00f1o a a\u00f1o desde 2006 permiten  certificar la Norma IRAM  9001\/2000-2008 y 2015, sino tambi\u00e9n a la planificaci\u00f3n y gesti\u00f3n p\u00fablica que este premio destaca.<\/p>\n","protected":false},"excerpt":{"rendered":"<p>El Tribunal de Cuentas de La Pampa se present\u00f3 por tercera vez en su historia institucional a la evaluaci\u00f3n del &#8230; <a title=\"El Tribunal de Cuentas distinguido nuevamente por el Premio Nacional a la Calidad\" class=\"read-more\" href=\"https:\/\/www.tcuentaslp.gob.ar\/?p=3463\">Leer m\u00e1s&#8230;<\/a><\/p>\n","protected":false},"author":1,"featured_media":3958,"comment_status":"closed","ping_status":"closed","sticky":false,"template":"","format":"standard","meta":{"generate_page_header":""},"categories":[5],"tags":[],"yoast_head":"<!-- This site is optimized with the Yoast SEO plugin v20.12 - https:\/\/yoast.com\/wordpress\/plugins\/seo\/ -->\n<title>El Tribunal de Cuentas distinguido nuevamente por el Premio Nacional a la Calidad -<\/title>\n<meta name=\"robots\" content=\"index, follow, max-snippet:-1, max-image-preview:large, max-video-preview:-1\" \/>\n<link rel=\"canonical\" href=\"https:\/\/www.tcuentaslp.gob.ar\/?p=3463\" \/>\n<meta property=\"og:locale\" content=\"es_ES\" \/>\n<meta property=\"og:type\" content=\"article\" \/>\n<meta property=\"og:title\" content=\"El Tribunal de Cuentas distinguido nuevamente por el Premio Nacional a la Calidad -\" \/>\n<meta property=\"og:description\" content=\"El Tribunal de Cuentas de La Pampa se present\u00f3 por tercera vez en su historia institucional a la evaluaci\u00f3n del ... Leer m\u00e1s...\" \/>\n<meta property=\"og:url\" content=\"https:\/\/www.tcuentaslp.gob.ar\/?p=3463\" \/>\n<meta property=\"article:publisher\" content=\"https:\/\/es-la.facebook.com\/TdeCLaPampa\/\" \/>\n<meta property=\"article:published_time\" content=\"2019-10-11T14:35:02+00:00\" \/>\n<meta property=\"article:modified_time\" content=\"2021-09-13T15:59:10+00:00\" \/>\n<meta property=\"og:image\" content=\"https:\/\/www.tcuentaslp.gob.ar\/wp-content\/uploads\/2021\/07\/premio_2019-1.jpg\" \/>\n\t<meta property=\"og:image:width\" content=\"973\" \/>\n\t<meta property=\"og:image:height\" content=\"1361\" \/>\n\t<meta property=\"og:image:type\" content=\"image\/jpeg\" \/>\n<meta name=\"author\" content=\"tribumanager\" \/>\n<meta name=\"twitter:card\" content=\"summary_large_image\" \/>\n<meta name=\"twitter:label1\" content=\"Escrito por\" \/>\n\t<meta name=\"twitter:data1\" content=\"tribumanager\" \/>\n\t<meta name=\"twitter:label2\" content=\"Tiempo de lectura\" \/>\n\t<meta name=\"twitter:data2\" content=\"1 minuto\" \/>\n<script type=\"application\/ld+json\" class=\"yoast-schema-graph\">{\"@context\":\"https:\/\/schema.org\",\"@graph\":[{\"@type\":\"Article\",\"@id\":\"https:\/\/www.tcuentaslp.gob.ar\/?p=3463#article\",\"isPartOf\":{\"@id\":\"https:\/\/www.tcuentaslp.gob.ar\/?p=3463\"},\"author\":{\"name\":\"tribumanager\",\"@id\":\"https:\/\/www.tcuentaslp.gob.ar\/#\/schema\/person\/68a3a6277a719a33d6694fcf820f5a21\"},\"headline\":\"El Tribunal de Cuentas distinguido nuevamente por el Premio Nacional a la Calidad\",\"datePublished\":\"2019-10-11T14:35:02+00:00\",\"dateModified\":\"2021-09-13T15:59:10+00:00\",\"mainEntityOfPage\":{\"@id\":\"https:\/\/www.tcuentaslp.gob.ar\/?p=3463\"},\"wordCount\":227,\"publisher\":{\"@id\":\"https:\/\/www.tcuentaslp.gob.ar\/#organization\"},\"articleSection\":[\"Noticias\"],\"inLanguage\":\"es-AR\"},{\"@type\":\"WebPage\",\"@id\":\"https:\/\/www.tcuentaslp.gob.ar\/?p=3463\",\"url\":\"https:\/\/www.tcuentaslp.gob.ar\/?p=3463\",\"name\":\"El Tribunal de Cuentas distinguido nuevamente por el Premio Nacional a la Calidad -\",\"isPartOf\":{\"@id\":\"https:\/\/www.tcuentaslp.gob.ar\/#website\"},\"datePublished\":\"2019-10-11T14:35:02+00:00\",\"dateModified\":\"2021-09-13T15:59:10+00:00\",\"breadcrumb\":{\"@id\":\"https:\/\/www.tcuentaslp.gob.ar\/?p=3463#breadcrumb\"},\"inLanguage\":\"es-AR\",\"potentialAction\":[{\"@type\":\"ReadAction\",\"target\":[\"https:\/\/www.tcuentaslp.gob.ar\/?p=3463\"]}]},{\"@type\":\"BreadcrumbList\",\"@id\":\"https:\/\/www.tcuentaslp.gob.ar\/?p=3463#breadcrumb\",\"itemListElement\":[{\"@type\":\"ListItem\",\"position\":1,\"name\":\"Inicio\",\"item\":\"https:\/\/www.tcuentaslp.gob.ar\/\"},{\"@type\":\"ListItem\",\"position\":2,\"name\":\"El Tribunal de Cuentas distinguido nuevamente por el Premio Nacional a la Calidad\"}]},{\"@type\":\"WebSite\",\"@id\":\"https:\/\/www.tcuentaslp.gob.ar\/#website\",\"url\":\"https:\/\/www.tcuentaslp.gob.ar\/\",\"name\":\"Tribunal de Cuentas de La Pampa\",\"description\":\"\",\"publisher\":{\"@id\":\"https:\/\/www.tcuentaslp.gob.ar\/#organization\"},\"potentialAction\":[{\"@type\":\"SearchAction\",\"target\":{\"@type\":\"EntryPoint\",\"urlTemplate\":\"https:\/\/www.tcuentaslp.gob.ar\/?s={search_term_string}\"},\"query-input\":\"required name=search_term_string\"}],\"inLanguage\":\"es-AR\"},{\"@type\":\"Organization\",\"@id\":\"https:\/\/www.tcuentaslp.gob.ar\/#organization\",\"name\":\"Tribunal de Cuentas de La Pampa\",\"url\":\"https:\/\/www.tcuentaslp.gob.ar\/\",\"logo\":{\"@type\":\"ImageObject\",\"inLanguage\":\"es-AR\",\"@id\":\"https:\/\/www.tcuentaslp.gob.ar\/#\/schema\/logo\/image\/\",\"url\":\"http:\/\/www.tcuentaslp.gob.ar\/wp-content\/uploads\/2017\/10\/logo_tribunal.png\",\"contentUrl\":\"http:\/\/www.tcuentaslp.gob.ar\/wp-content\/uploads\/2017\/10\/logo_tribunal.png\",\"width\":200,\"height\":204,\"caption\":\"Tribunal de Cuentas de La Pampa\"},\"image\":{\"@id\":\"https:\/\/www.tcuentaslp.gob.ar\/#\/schema\/logo\/image\/\"},\"sameAs\":[\"https:\/\/es-la.facebook.com\/TdeCLaPampa\/\"]},{\"@type\":\"Person\",\"@id\":\"https:\/\/www.tcuentaslp.gob.ar\/#\/schema\/person\/68a3a6277a719a33d6694fcf820f5a21\",\"name\":\"tribumanager\"}]}<\/script>\n<!-- \/ Yoast SEO plugin. -->","yoast_head_json":{"title":"El Tribunal de Cuentas distinguido nuevamente por el Premio Nacional a la Calidad -","robots":{"index":"index","follow":"follow","max-snippet":"max-snippet:-1","max-image-preview":"max-image-preview:large","max-video-preview":"max-video-preview:-1"},"canonical":"https:\/\/www.tcuentaslp.gob.ar\/?p=3463","og_locale":"es_ES","og_type":"article","og_title":"El Tribunal de Cuentas distinguido nuevamente por el Premio Nacional a la Calidad -","og_description":"El Tribunal de Cuentas de La Pampa se present\u00f3 por tercera vez en su historia institucional a la evaluaci\u00f3n del ... Leer m\u00e1s...","og_url":"https:\/\/www.tcuentaslp.gob.ar\/?p=3463","article_publisher":"https:\/\/es-la.facebook.com\/TdeCLaPampa\/","article_published_time":"2019-10-11T14:35:02+00:00","article_modified_time":"2021-09-13T15:59:10+00:00","og_image":[{"width":973,"height":1361,"url":"https:\/\/www.tcuentaslp.gob.ar\/wp-content\/uploads\/2021\/07\/premio_2019-1.jpg","type":"image\/jpeg"}],"author":"tribumanager","twitter_card":"summary_large_image","twitter_misc":{"Escrito por":"tribumanager","Tiempo de lectura":"1 minuto"},"schema":{"@context":"https:\/\/schema.org","@graph":[{"@type":"Article","@id":"https:\/\/www.tcuentaslp.gob.ar\/?p=3463#article","isPartOf":{"@id":"https:\/\/www.tcuentaslp.gob.ar\/?p=3463"},"author":{"name":"tribumanager","@id":"https:\/\/www.tcuentaslp.gob.ar\/#\/schema\/person\/68a3a6277a719a33d6694fcf820f5a21"},"headline":"El Tribunal de Cuentas distinguido nuevamente por el Premio Nacional a la Calidad","datePublished":"2019-10-11T14:35:02+00:00","dateModified":"2021-09-13T15:59:10+00:00","mainEntityOfPage":{"@id":"https:\/\/www.tcuentaslp.gob.ar\/?p=3463"},"wordCount":227,"publisher":{"@id":"https:\/\/www.tcuentaslp.gob.ar\/#organization"},"articleSection":["Noticias"],"inLanguage":"es-AR"},{"@type":"WebPage","@id":"https:\/\/www.tcuentaslp.gob.ar\/?p=3463","url":"https:\/\/www.tcuentaslp.gob.ar\/?p=3463","name":"El Tribunal de Cuentas distinguido nuevamente por el Premio Nacional a la Calidad -","isPartOf":{"@id":"https:\/\/www.tcuentaslp.gob.ar\/#website"},"datePublished":"2019-10-11T14:35:02+00:00","dateModified":"2021-09-13T15:59:10+00:00","breadcrumb":{"@id":"https:\/\/www.tcuentaslp.gob.ar\/?p=3463#breadcrumb"},"inLanguage":"es-AR","potentialAction":[{"@type":"ReadAction","target":["https:\/\/www.tcuentaslp.gob.ar\/?p=3463"]}]},{"@type":"BreadcrumbList","@id":"https:\/\/www.tcuentaslp.gob.ar\/?p=3463#breadcrumb","itemListElement":[{"@type":"ListItem","position":1,"name":"Inicio","item":"https:\/\/www.tcuentaslp.gob.ar\/"},{"@type":"ListItem","position":2,"name":"El Tribunal de Cuentas distinguido nuevamente por el Premio Nacional a la Calidad"}]},{"@type":"WebSite","@id":"https:\/\/www.tcuentaslp.gob.ar\/#website","url":"https:\/\/www.tcuentaslp.gob.ar\/","name":"Tribunal de Cuentas de La Pampa","description":"","publisher":{"@id":"https:\/\/www.tcuentaslp.gob.ar\/#organization"},"potentialAction":[{"@type":"SearchAction","target":{"@type":"EntryPoint","urlTemplate":"https:\/\/www.tcuentaslp.gob.ar\/?s={search_term_string}"},"query-input":"required name=search_term_string"}],"inLanguage":"es-AR"},{"@type":"Organization","@id":"https:\/\/www.tcuentaslp.gob.ar\/#organization","name":"Tribunal de Cuentas de La Pampa","url":"https:\/\/www.tcuentaslp.gob.ar\/","logo":{"@type":"ImageObject","inLanguage":"es-AR","@id":"https:\/\/www.tcuentaslp.gob.ar\/#\/schema\/logo\/image\/","url":"http:\/\/www.tcuentaslp.gob.ar\/wp-content\/uploads\/2017\/10\/logo_tribunal.png","contentUrl":"http:\/\/www.tcuentaslp.gob.ar\/wp-content\/uploads\/2017\/10\/logo_tribunal.png","width":200,"height":204,"caption":"Tribunal de Cuentas de La Pampa"},"image":{"@id":"https:\/\/www.tcuentaslp.gob.ar\/#\/schema\/logo\/image\/"},"sameAs":["https:\/\/es-la.facebook.com\/TdeCLaPampa\/"]},{"@type":"Person","@id":"https:\/\/www.tcuentaslp.gob.ar\/#\/schema\/person\/68a3a6277a719a33d6694fcf820f5a21","name":"tribumanager"}]}},"_links":{"self":[{"href":"https:\/\/www.tcuentaslp.gob.ar\/index.php?rest_route=\/wp\/v2\/posts\/3463"}],"collection":[{"href":"https:\/\/www.tcuentaslp.gob.ar\/index.php?rest_route=\/wp\/v2\/posts"}],"about":[{"href":"https:\/\/www.tcuentaslp.gob.ar\/index.php?rest_route=\/wp\/v2\/types\/post"}],"author":[{"embeddable":true,"href":"https:\/\/www.tcuentaslp.gob.ar\/index.php?rest_route=\/wp\/v2\/users\/1"}],"replies":[{"embeddable":true,"href":"https:\/\/www.tcuentaslp.gob.ar\/index.php?rest_route=%2Fwp%2Fv2%2Fcomments&post=3463"}],"version-history":[{"count":4,"href":"https:\/\/www.tcuentaslp.gob.ar\/index.php?rest_route=\/wp\/v2\/posts\/3463\/revisions"}],"predecessor-version":[{"id":3960,"href":"https:\/\/www.tcuentaslp.gob.ar\/index.php?rest_route=\/wp\/v2\/posts\/3463\/revisions\/3960"}],"wp:featuredmedia":[{"embeddable":true,"href":"https:\/\/www.tcuentaslp.gob.ar\/index.php?rest_route=\/wp\/v2\/media\/3958"}],"wp:attachment":[{"href":"https:\/\/www.tcuentaslp.gob.ar\/index.php?rest_route=%2Fwp%2Fv2%2Fmedia&parent=3463"}],"wp:term":[{"taxonomy":"category","embeddable":true,"href":"https:\/\/www.tcuentaslp.gob.ar\/index.php?rest_route=%2Fwp%2Fv2%2Fcategories&post=3463"},{"taxonomy":"post_tag","embeddable":true,"href":"https:\/\/www.tcuentaslp.gob.ar\/index.php?rest_route=%2Fwp%2Fv2%2Ftags&post=3463"}],"curies":[{"name":"wp","href":"https:\/\/api.w.org\/{rel}","templated":true}]}}