{"id":3556,"date":"2019-12-04T10:30:00","date_gmt":"2019-12-04T13:30:00","guid":{"rendered":"http:\/\/www.tcuentaslp.gob.ar\/?p=3556"},"modified":"2019-12-04T10:35:26","modified_gmt":"2019-12-04T13:35:26","slug":"el-tribunal-de-cuentas-firmo-protocolo-con-la-facultad-de-ciencias-economicas-y-juridicas-de-la-unlpam","status":"publish","type":"post","link":"https:\/\/www.tcuentaslp.gob.ar\/?p=3556","title":{"rendered":"El Tribunal de Cuentas firm\u00f3 protocolo con la Facultad de Ciencias Econ\u00f3micas y Jur\u00eddicas de la UNLPam"},"content":{"rendered":"\n<p>\nEl 27 de noviembre la Presidenta del Tribunal\n            de Cuentas de La Pampa, CPN Mar\u00eda Alejandra Mac Allister y\n            el Decano de la Facultad de Ciencias Econ\u00f3micas y Jur\u00eddicas\n            de la UNLPam, Mg. Francisco Marull, firmaron un Protocolo\n            Adicional para formalizar la realizaci\u00f3n de pr\u00e1cticas\n            tutoriadas en el marco de la carrera de Especializaci\u00f3n en\n            Administraci\u00f3n y Control P\u00fablico que se dicta en esa unidad\n            acad\u00e9mica. El protocolo tiene como marco el Convenio\n            Particular de Cooperaci\u00f3n existente entre ambas\n            instituciones que se encuentra vigente. Estuvieron presentes\n            en el acto el vocal del Tribunal de Cuentas, Dr. Jos\u00e9 Carlos\n            Moslares,y la Secretaria de Investigaci\u00f3n y Posgrado de la\n            Facultad, Mg. Luc\u00eda Colombato.\n          El Plan de Estudios de la Especializaci\u00f3n en\n            Administraci\u00f3n y Control P\u00fablico prev\u00e9 un total de 20 horas\n            de tareas acad\u00e9micas de \u00edndole pr\u00e1ctica, trabajos de campo o\n            similares, con el acompa\u00f1amiento de un tutor acad\u00e9mico.\n            Mediante el protocolo, ambas instituciones han acordado que\n            un m\u00e1ximo que 15 estudiantes por a\u00f1o que est\u00e9n realizando la\n            Especializaci\u00f3n puedan llevar a cabo estas horas pr\u00e1cticas\n            en el Tribunal de Cuentas, donde tendr\u00e1n contacto con el\n            ejercicio profesional en escenarios reales.\n\n<\/p>\n","protected":false},"excerpt":{"rendered":"<p>El 27 de noviembre la Presidenta del Tribunal de Cuentas de La Pampa, CPN Mar\u00eda Alejandra Mac Allister y el &#8230; <a title=\"El Tribunal de Cuentas firm\u00f3 protocolo con la Facultad de Ciencias Econ\u00f3micas y Jur\u00eddicas de la UNLPam\" class=\"read-more\" href=\"https:\/\/www.tcuentaslp.gob.ar\/?p=3556\">Leer m\u00e1s&#8230;<\/a><\/p>\n","protected":false},"author":1,"featured_media":3558,"comment_status":"closed","ping_status":"closed","sticky":false,"template":"","format":"standard","meta":{"generate_page_header":""},"categories":[5],"tags":[],"yoast_head":"<!-- This site is optimized with the Yoast SEO plugin v20.12 - https:\/\/yoast.com\/wordpress\/plugins\/seo\/ -->\n<title>El Tribunal de Cuentas firm\u00f3 protocolo con la Facultad de Ciencias Econ\u00f3micas y Jur\u00eddicas de la UNLPam -<\/title>\n<meta name=\"robots\" content=\"index, follow, max-snippet:-1, max-image-preview:large, max-video-preview:-1\" \/>\n<link rel=\"canonical\" href=\"https:\/\/www.tcuentaslp.gob.ar\/?p=3556\" \/>\n<meta property=\"og:locale\" content=\"es_ES\" \/>\n<meta property=\"og:type\" content=\"article\" \/>\n<meta property=\"og:title\" content=\"El Tribunal de Cuentas firm\u00f3 protocolo con la Facultad de Ciencias Econ\u00f3micas y Jur\u00eddicas de la UNLPam -\" \/>\n<meta property=\"og:description\" content=\"El 27 de noviembre la Presidenta del Tribunal de Cuentas de La Pampa, CPN Mar\u00eda Alejandra Mac Allister y el ... Leer m\u00e1s...\" \/>\n<meta property=\"og:url\" content=\"https:\/\/www.tcuentaslp.gob.ar\/?p=3556\" \/>\n<meta property=\"article:publisher\" content=\"https:\/\/es-la.facebook.com\/TdeCLaPampa\/\" \/>\n<meta property=\"article:published_time\" content=\"2019-12-04T13:30:00+00:00\" \/>\n<meta property=\"article:modified_time\" content=\"2019-12-04T13:35:26+00:00\" \/>\n<meta property=\"og:image\" content=\"https:\/\/www.tcuentaslp.gob.ar\/wp-content\/uploads\/2019\/12\/Foto-UNLPam-Tutor\u00edas.jpeg\" \/>\n\t<meta property=\"og:image:width\" content=\"1086\" \/>\n\t<meta property=\"og:image:height\" content=\"724\" \/>\n\t<meta property=\"og:image:type\" content=\"image\/jpeg\" \/>\n<meta name=\"author\" content=\"tribumanager\" \/>\n<meta name=\"twitter:card\" content=\"summary_large_image\" \/>\n<meta name=\"twitter:label1\" content=\"Escrito por\" \/>\n\t<meta name=\"twitter:data1\" content=\"tribumanager\" \/>\n\t<meta name=\"twitter:label2\" content=\"Tiempo de lectura\" \/>\n\t<meta name=\"twitter:data2\" content=\"1 minuto\" \/>\n<script type=\"application\/ld+json\" class=\"yoast-schema-graph\">{\"@context\":\"https:\/\/schema.org\",\"@graph\":[{\"@type\":\"Article\",\"@id\":\"https:\/\/www.tcuentaslp.gob.ar\/?p=3556#article\",\"isPartOf\":{\"@id\":\"https:\/\/www.tcuentaslp.gob.ar\/?p=3556\"},\"author\":{\"name\":\"tribumanager\",\"@id\":\"https:\/\/www.tcuentaslp.gob.ar\/#\/schema\/person\/68a3a6277a719a33d6694fcf820f5a21\"},\"headline\":\"El Tribunal de Cuentas firm\u00f3 protocolo con la Facultad de Ciencias Econ\u00f3micas y Jur\u00eddicas de la UNLPam\",\"datePublished\":\"2019-12-04T13:30:00+00:00\",\"dateModified\":\"2019-12-04T13:35:26+00:00\",\"mainEntityOfPage\":{\"@id\":\"https:\/\/www.tcuentaslp.gob.ar\/?p=3556\"},\"wordCount\":231,\"publisher\":{\"@id\":\"https:\/\/www.tcuentaslp.gob.ar\/#organization\"},\"articleSection\":[\"Noticias\"],\"inLanguage\":\"es-AR\"},{\"@type\":\"WebPage\",\"@id\":\"https:\/\/www.tcuentaslp.gob.ar\/?p=3556\",\"url\":\"https:\/\/www.tcuentaslp.gob.ar\/?p=3556\",\"name\":\"El Tribunal de Cuentas firm\u00f3 protocolo con la Facultad de Ciencias Econ\u00f3micas y Jur\u00eddicas de la UNLPam -\",\"isPartOf\":{\"@id\":\"https:\/\/www.tcuentaslp.gob.ar\/#website\"},\"datePublished\":\"2019-12-04T13:30:00+00:00\",\"dateModified\":\"2019-12-04T13:35:26+00:00\",\"breadcrumb\":{\"@id\":\"https:\/\/www.tcuentaslp.gob.ar\/?p=3556#breadcrumb\"},\"inLanguage\":\"es-AR\",\"potentialAction\":[{\"@type\":\"ReadAction\",\"target\":[\"https:\/\/www.tcuentaslp.gob.ar\/?p=3556\"]}]},{\"@type\":\"BreadcrumbList\",\"@id\":\"https:\/\/www.tcuentaslp.gob.ar\/?p=3556#breadcrumb\",\"itemListElement\":[{\"@type\":\"ListItem\",\"position\":1,\"name\":\"Inicio\",\"item\":\"https:\/\/www.tcuentaslp.gob.ar\/\"},{\"@type\":\"ListItem\",\"position\":2,\"name\":\"El Tribunal de Cuentas firm\u00f3 protocolo con la Facultad de Ciencias Econ\u00f3micas y Jur\u00eddicas de la UNLPam\"}]},{\"@type\":\"WebSite\",\"@id\":\"https:\/\/www.tcuentaslp.gob.ar\/#website\",\"url\":\"https:\/\/www.tcuentaslp.gob.ar\/\",\"name\":\"Tribunal de Cuentas de La Pampa\",\"description\":\"\",\"publisher\":{\"@id\":\"https:\/\/www.tcuentaslp.gob.ar\/#organization\"},\"potentialAction\":[{\"@type\":\"SearchAction\",\"target\":{\"@type\":\"EntryPoint\",\"urlTemplate\":\"https:\/\/www.tcuentaslp.gob.ar\/?s={search_term_string}\"},\"query-input\":\"required name=search_term_string\"}],\"inLanguage\":\"es-AR\"},{\"@type\":\"Organization\",\"@id\":\"https:\/\/www.tcuentaslp.gob.ar\/#organization\",\"name\":\"Tribunal de Cuentas de La Pampa\",\"url\":\"https:\/\/www.tcuentaslp.gob.ar\/\",\"logo\":{\"@type\":\"ImageObject\",\"inLanguage\":\"es-AR\",\"@id\":\"https:\/\/www.tcuentaslp.gob.ar\/#\/schema\/logo\/image\/\",\"url\":\"http:\/\/www.tcuentaslp.gob.ar\/wp-content\/uploads\/2017\/10\/logo_tribunal.png\",\"contentUrl\":\"http:\/\/www.tcuentaslp.gob.ar\/wp-content\/uploads\/2017\/10\/logo_tribunal.png\",\"width\":200,\"height\":204,\"caption\":\"Tribunal de Cuentas de La Pampa\"},\"image\":{\"@id\":\"https:\/\/www.tcuentaslp.gob.ar\/#\/schema\/logo\/image\/\"},\"sameAs\":[\"https:\/\/es-la.facebook.com\/TdeCLaPampa\/\"]},{\"@type\":\"Person\",\"@id\":\"https:\/\/www.tcuentaslp.gob.ar\/#\/schema\/person\/68a3a6277a719a33d6694fcf820f5a21\",\"name\":\"tribumanager\"}]}<\/script>\n<!-- \/ Yoast SEO plugin. -->","yoast_head_json":{"title":"El Tribunal de Cuentas firm\u00f3 protocolo con la Facultad de Ciencias Econ\u00f3micas y Jur\u00eddicas de la UNLPam -","robots":{"index":"index","follow":"follow","max-snippet":"max-snippet:-1","max-image-preview":"max-image-preview:large","max-video-preview":"max-video-preview:-1"},"canonical":"https:\/\/www.tcuentaslp.gob.ar\/?p=3556","og_locale":"es_ES","og_type":"article","og_title":"El Tribunal de Cuentas firm\u00f3 protocolo con la Facultad de Ciencias Econ\u00f3micas y Jur\u00eddicas de la UNLPam -","og_description":"El 27 de noviembre la Presidenta del Tribunal de Cuentas de La Pampa, CPN Mar\u00eda Alejandra Mac Allister y el ... Leer m\u00e1s...","og_url":"https:\/\/www.tcuentaslp.gob.ar\/?p=3556","article_publisher":"https:\/\/es-la.facebook.com\/TdeCLaPampa\/","article_published_time":"2019-12-04T13:30:00+00:00","article_modified_time":"2019-12-04T13:35:26+00:00","og_image":[{"width":1086,"height":724,"url":"https:\/\/www.tcuentaslp.gob.ar\/wp-content\/uploads\/2019\/12\/Foto-UNLPam-Tutor\u00edas.jpeg","type":"image\/jpeg"}],"author":"tribumanager","twitter_card":"summary_large_image","twitter_misc":{"Escrito por":"tribumanager","Tiempo de lectura":"1 minuto"},"schema":{"@context":"https:\/\/schema.org","@graph":[{"@type":"Article","@id":"https:\/\/www.tcuentaslp.gob.ar\/?p=3556#article","isPartOf":{"@id":"https:\/\/www.tcuentaslp.gob.ar\/?p=3556"},"author":{"name":"tribumanager","@id":"https:\/\/www.tcuentaslp.gob.ar\/#\/schema\/person\/68a3a6277a719a33d6694fcf820f5a21"},"headline":"El Tribunal de Cuentas firm\u00f3 protocolo con la Facultad de Ciencias Econ\u00f3micas y Jur\u00eddicas de la UNLPam","datePublished":"2019-12-04T13:30:00+00:00","dateModified":"2019-12-04T13:35:26+00:00","mainEntityOfPage":{"@id":"https:\/\/www.tcuentaslp.gob.ar\/?p=3556"},"wordCount":231,"publisher":{"@id":"https:\/\/www.tcuentaslp.gob.ar\/#organization"},"articleSection":["Noticias"],"inLanguage":"es-AR"},{"@type":"WebPage","@id":"https:\/\/www.tcuentaslp.gob.ar\/?p=3556","url":"https:\/\/www.tcuentaslp.gob.ar\/?p=3556","name":"El Tribunal de Cuentas firm\u00f3 protocolo con la Facultad de Ciencias Econ\u00f3micas y Jur\u00eddicas de la UNLPam -","isPartOf":{"@id":"https:\/\/www.tcuentaslp.gob.ar\/#website"},"datePublished":"2019-12-04T13:30:00+00:00","dateModified":"2019-12-04T13:35:26+00:00","breadcrumb":{"@id":"https:\/\/www.tcuentaslp.gob.ar\/?p=3556#breadcrumb"},"inLanguage":"es-AR","potentialAction":[{"@type":"ReadAction","target":["https:\/\/www.tcuentaslp.gob.ar\/?p=3556"]}]},{"@type":"BreadcrumbList","@id":"https:\/\/www.tcuentaslp.gob.ar\/?p=3556#breadcrumb","itemListElement":[{"@type":"ListItem","position":1,"name":"Inicio","item":"https:\/\/www.tcuentaslp.gob.ar\/"},{"@type":"ListItem","position":2,"name":"El Tribunal de Cuentas firm\u00f3 protocolo con la Facultad de Ciencias Econ\u00f3micas y Jur\u00eddicas de la UNLPam"}]},{"@type":"WebSite","@id":"https:\/\/www.tcuentaslp.gob.ar\/#website","url":"https:\/\/www.tcuentaslp.gob.ar\/","name":"Tribunal de Cuentas de La Pampa","description":"","publisher":{"@id":"https:\/\/www.tcuentaslp.gob.ar\/#organization"},"potentialAction":[{"@type":"SearchAction","target":{"@type":"EntryPoint","urlTemplate":"https:\/\/www.tcuentaslp.gob.ar\/?s={search_term_string}"},"query-input":"required name=search_term_string"}],"inLanguage":"es-AR"},{"@type":"Organization","@id":"https:\/\/www.tcuentaslp.gob.ar\/#organization","name":"Tribunal de Cuentas de La Pampa","url":"https:\/\/www.tcuentaslp.gob.ar\/","logo":{"@type":"ImageObject","inLanguage":"es-AR","@id":"https:\/\/www.tcuentaslp.gob.ar\/#\/schema\/logo\/image\/","url":"http:\/\/www.tcuentaslp.gob.ar\/wp-content\/uploads\/2017\/10\/logo_tribunal.png","contentUrl":"http:\/\/www.tcuentaslp.gob.ar\/wp-content\/uploads\/2017\/10\/logo_tribunal.png","width":200,"height":204,"caption":"Tribunal de Cuentas de La Pampa"},"image":{"@id":"https:\/\/www.tcuentaslp.gob.ar\/#\/schema\/logo\/image\/"},"sameAs":["https:\/\/es-la.facebook.com\/TdeCLaPampa\/"]},{"@type":"Person","@id":"https:\/\/www.tcuentaslp.gob.ar\/#\/schema\/person\/68a3a6277a719a33d6694fcf820f5a21","name":"tribumanager"}]}},"_links":{"self":[{"href":"https:\/\/www.tcuentaslp.gob.ar\/index.php?rest_route=\/wp\/v2\/posts\/3556"}],"collection":[{"href":"https:\/\/www.tcuentaslp.gob.ar\/index.php?rest_route=\/wp\/v2\/posts"}],"about":[{"href":"https:\/\/www.tcuentaslp.gob.ar\/index.php?rest_route=\/wp\/v2\/types\/post"}],"author":[{"embeddable":true,"href":"https:\/\/www.tcuentaslp.gob.ar\/index.php?rest_route=\/wp\/v2\/users\/1"}],"replies":[{"embeddable":true,"href":"https:\/\/www.tcuentaslp.gob.ar\/index.php?rest_route=%2Fwp%2Fv2%2Fcomments&post=3556"}],"version-history":[{"count":1,"href":"https:\/\/www.tcuentaslp.gob.ar\/index.php?rest_route=\/wp\/v2\/posts\/3556\/revisions"}],"predecessor-version":[{"id":3557,"href":"https:\/\/www.tcuentaslp.gob.ar\/index.php?rest_route=\/wp\/v2\/posts\/3556\/revisions\/3557"}],"wp:featuredmedia":[{"embeddable":true,"href":"https:\/\/www.tcuentaslp.gob.ar\/index.php?rest_route=\/wp\/v2\/media\/3558"}],"wp:attachment":[{"href":"https:\/\/www.tcuentaslp.gob.ar\/index.php?rest_route=%2Fwp%2Fv2%2Fmedia&parent=3556"}],"wp:term":[{"taxonomy":"category","embeddable":true,"href":"https:\/\/www.tcuentaslp.gob.ar\/index.php?rest_route=%2Fwp%2Fv2%2Fcategories&post=3556"},{"taxonomy":"post_tag","embeddable":true,"href":"https:\/\/www.tcuentaslp.gob.ar\/index.php?rest_route=%2Fwp%2Fv2%2Ftags&post=3556"}],"curies":[{"name":"wp","href":"https:\/\/api.w.org\/{rel}","templated":true}]}}