{"id":3606,"date":"2020-03-05T13:17:40","date_gmt":"2020-03-05T16:17:40","guid":{"rendered":"http:\/\/www.tcuentaslp.gob.ar\/?p=3606"},"modified":"2020-10-13T10:40:36","modified_gmt":"2020-10-13T13:40:36","slug":"violencia-contra-la-mujer","status":"publish","type":"post","link":"https:\/\/www.tcuentaslp.gob.ar\/?p=3606","title":{"rendered":"Violencia contra la mujer"},"content":{"rendered":"\n<p>En el marco de las acciones desarrolladas por los Poderes del Estado para incorporar el enfoque de g\u00e9nero para prevenir y atender problem\u00e1ticas relativas a la violencia contra la mujer, la Presidenta del Tribunal de Cuentas, C.P.N. Mar\u00eda Alejandra Mac Allister particip\u00f3 el d\u00eda 28 de febrero de la capacitaci\u00f3n que para funcionarios p\u00fablicos propiciara el Poder Ejecutivo provincial.<br><\/p>\n\n\n\n<p>Asimismo, a los fines de cumplimentar las disposiciones de la Ley N\u00ba 27.499 -Ley Micaela,&nbsp; a la que adhiriera la provincia por Ley N\u00ba 3175-, el organismo de control design\u00f3 dos representantes: la Coordinadora del Comit\u00e9 de Responsabilidad Social, Asistente Social Andrea Vargas, y la Administradora del Sistema de Gesti\u00f3n de Calidad, Abogada Laura Engels,&nbsp; que integrar\u00e1n el Equipo de Orientaci\u00f3n requerido por la Secretar\u00eda de la Mujer&nbsp; para coadyuvar en la aplicaci\u00f3n de los programas,&nbsp; normativas e implementaci\u00f3n de los protocolos de actuaci\u00f3n respectivos.<\/p>\n","protected":false},"excerpt":{"rendered":"<p>En el marco de las acciones desarrolladas por los Poderes del Estado para incorporar el enfoque de g\u00e9nero para prevenir &#8230; <a title=\"Violencia contra la mujer\" class=\"read-more\" href=\"https:\/\/www.tcuentaslp.gob.ar\/?p=3606\">Leer m\u00e1s&#8230;<\/a><\/p>\n","protected":false},"author":1,"featured_media":3607,"comment_status":"closed","ping_status":"closed","sticky":false,"template":"","format":"standard","meta":{"generate_page_header":""},"categories":[5,94],"tags":[],"yoast_head":"<!-- This site is optimized with the Yoast SEO plugin v20.12 - https:\/\/yoast.com\/wordpress\/plugins\/seo\/ -->\n<title>Violencia contra la mujer -<\/title>\n<meta name=\"robots\" content=\"index, follow, max-snippet:-1, max-image-preview:large, max-video-preview:-1\" \/>\n<link rel=\"canonical\" href=\"https:\/\/www.tcuentaslp.gob.ar\/?p=3606\" \/>\n<meta property=\"og:locale\" content=\"es_ES\" \/>\n<meta property=\"og:type\" content=\"article\" \/>\n<meta property=\"og:title\" content=\"Violencia contra la mujer -\" \/>\n<meta property=\"og:description\" content=\"En el marco de las acciones desarrolladas por los Poderes del Estado para incorporar el enfoque de g\u00e9nero para prevenir ... Leer m\u00e1s...\" \/>\n<meta property=\"og:url\" content=\"https:\/\/www.tcuentaslp.gob.ar\/?p=3606\" \/>\n<meta property=\"article:publisher\" content=\"https:\/\/es-la.facebook.com\/TdeCLaPampa\/\" \/>\n<meta property=\"article:published_time\" content=\"2020-03-05T16:17:40+00:00\" \/>\n<meta property=\"article:modified_time\" content=\"2020-10-13T13:40:36+00:00\" \/>\n<meta property=\"og:image\" content=\"https:\/\/www.tcuentaslp.gob.ar\/wp-content\/uploads\/2020\/03\/cert_marita.jpg\" \/>\n\t<meta property=\"og:image:width\" content=\"1280\" \/>\n\t<meta property=\"og:image:height\" content=\"1026\" \/>\n\t<meta property=\"og:image:type\" content=\"image\/jpeg\" \/>\n<meta name=\"author\" content=\"tribumanager\" \/>\n<meta name=\"twitter:card\" content=\"summary_large_image\" \/>\n<meta name=\"twitter:label1\" content=\"Escrito por\" \/>\n\t<meta name=\"twitter:data1\" content=\"tribumanager\" \/>\n\t<meta name=\"twitter:label2\" content=\"Tiempo de lectura\" \/>\n\t<meta name=\"twitter:data2\" content=\"1 minuto\" \/>\n<script type=\"application\/ld+json\" class=\"yoast-schema-graph\">{\"@context\":\"https:\/\/schema.org\",\"@graph\":[{\"@type\":\"Article\",\"@id\":\"https:\/\/www.tcuentaslp.gob.ar\/?p=3606#article\",\"isPartOf\":{\"@id\":\"https:\/\/www.tcuentaslp.gob.ar\/?p=3606\"},\"author\":{\"name\":\"tribumanager\",\"@id\":\"https:\/\/www.tcuentaslp.gob.ar\/#\/schema\/person\/68a3a6277a719a33d6694fcf820f5a21\"},\"headline\":\"Violencia contra la mujer\",\"datePublished\":\"2020-03-05T16:17:40+00:00\",\"dateModified\":\"2020-10-13T13:40:36+00:00\",\"mainEntityOfPage\":{\"@id\":\"https:\/\/www.tcuentaslp.gob.ar\/?p=3606\"},\"wordCount\":165,\"publisher\":{\"@id\":\"https:\/\/www.tcuentaslp.gob.ar\/#organization\"},\"articleSection\":[\"Noticias\",\"Responsabilidad Social\"],\"inLanguage\":\"es-AR\"},{\"@type\":\"WebPage\",\"@id\":\"https:\/\/www.tcuentaslp.gob.ar\/?p=3606\",\"url\":\"https:\/\/www.tcuentaslp.gob.ar\/?p=3606\",\"name\":\"Violencia contra la mujer -\",\"isPartOf\":{\"@id\":\"https:\/\/www.tcuentaslp.gob.ar\/#website\"},\"datePublished\":\"2020-03-05T16:17:40+00:00\",\"dateModified\":\"2020-10-13T13:40:36+00:00\",\"breadcrumb\":{\"@id\":\"https:\/\/www.tcuentaslp.gob.ar\/?p=3606#breadcrumb\"},\"inLanguage\":\"es-AR\",\"potentialAction\":[{\"@type\":\"ReadAction\",\"target\":[\"https:\/\/www.tcuentaslp.gob.ar\/?p=3606\"]}]},{\"@type\":\"BreadcrumbList\",\"@id\":\"https:\/\/www.tcuentaslp.gob.ar\/?p=3606#breadcrumb\",\"itemListElement\":[{\"@type\":\"ListItem\",\"position\":1,\"name\":\"Inicio\",\"item\":\"https:\/\/www.tcuentaslp.gob.ar\/\"},{\"@type\":\"ListItem\",\"position\":2,\"name\":\"Violencia contra la mujer\"}]},{\"@type\":\"WebSite\",\"@id\":\"https:\/\/www.tcuentaslp.gob.ar\/#website\",\"url\":\"https:\/\/www.tcuentaslp.gob.ar\/\",\"name\":\"Tribunal de Cuentas de La Pampa\",\"description\":\"\",\"publisher\":{\"@id\":\"https:\/\/www.tcuentaslp.gob.ar\/#organization\"},\"potentialAction\":[{\"@type\":\"SearchAction\",\"target\":{\"@type\":\"EntryPoint\",\"urlTemplate\":\"https:\/\/www.tcuentaslp.gob.ar\/?s={search_term_string}\"},\"query-input\":\"required name=search_term_string\"}],\"inLanguage\":\"es-AR\"},{\"@type\":\"Organization\",\"@id\":\"https:\/\/www.tcuentaslp.gob.ar\/#organization\",\"name\":\"Tribunal de Cuentas de La Pampa\",\"url\":\"https:\/\/www.tcuentaslp.gob.ar\/\",\"logo\":{\"@type\":\"ImageObject\",\"inLanguage\":\"es-AR\",\"@id\":\"https:\/\/www.tcuentaslp.gob.ar\/#\/schema\/logo\/image\/\",\"url\":\"http:\/\/www.tcuentaslp.gob.ar\/wp-content\/uploads\/2017\/10\/logo_tribunal.png\",\"contentUrl\":\"http:\/\/www.tcuentaslp.gob.ar\/wp-content\/uploads\/2017\/10\/logo_tribunal.png\",\"width\":200,\"height\":204,\"caption\":\"Tribunal de Cuentas de La Pampa\"},\"image\":{\"@id\":\"https:\/\/www.tcuentaslp.gob.ar\/#\/schema\/logo\/image\/\"},\"sameAs\":[\"https:\/\/es-la.facebook.com\/TdeCLaPampa\/\"]},{\"@type\":\"Person\",\"@id\":\"https:\/\/www.tcuentaslp.gob.ar\/#\/schema\/person\/68a3a6277a719a33d6694fcf820f5a21\",\"name\":\"tribumanager\"}]}<\/script>\n<!-- \/ Yoast SEO plugin. -->","yoast_head_json":{"title":"Violencia contra la mujer -","robots":{"index":"index","follow":"follow","max-snippet":"max-snippet:-1","max-image-preview":"max-image-preview:large","max-video-preview":"max-video-preview:-1"},"canonical":"https:\/\/www.tcuentaslp.gob.ar\/?p=3606","og_locale":"es_ES","og_type":"article","og_title":"Violencia contra la mujer -","og_description":"En el marco de las acciones desarrolladas por los Poderes del Estado para incorporar el enfoque de g\u00e9nero para prevenir ... Leer m\u00e1s...","og_url":"https:\/\/www.tcuentaslp.gob.ar\/?p=3606","article_publisher":"https:\/\/es-la.facebook.com\/TdeCLaPampa\/","article_published_time":"2020-03-05T16:17:40+00:00","article_modified_time":"2020-10-13T13:40:36+00:00","og_image":[{"width":1280,"height":1026,"url":"https:\/\/www.tcuentaslp.gob.ar\/wp-content\/uploads\/2020\/03\/cert_marita.jpg","type":"image\/jpeg"}],"author":"tribumanager","twitter_card":"summary_large_image","twitter_misc":{"Escrito por":"tribumanager","Tiempo de lectura":"1 minuto"},"schema":{"@context":"https:\/\/schema.org","@graph":[{"@type":"Article","@id":"https:\/\/www.tcuentaslp.gob.ar\/?p=3606#article","isPartOf":{"@id":"https:\/\/www.tcuentaslp.gob.ar\/?p=3606"},"author":{"name":"tribumanager","@id":"https:\/\/www.tcuentaslp.gob.ar\/#\/schema\/person\/68a3a6277a719a33d6694fcf820f5a21"},"headline":"Violencia contra la mujer","datePublished":"2020-03-05T16:17:40+00:00","dateModified":"2020-10-13T13:40:36+00:00","mainEntityOfPage":{"@id":"https:\/\/www.tcuentaslp.gob.ar\/?p=3606"},"wordCount":165,"publisher":{"@id":"https:\/\/www.tcuentaslp.gob.ar\/#organization"},"articleSection":["Noticias","Responsabilidad Social"],"inLanguage":"es-AR"},{"@type":"WebPage","@id":"https:\/\/www.tcuentaslp.gob.ar\/?p=3606","url":"https:\/\/www.tcuentaslp.gob.ar\/?p=3606","name":"Violencia contra la mujer -","isPartOf":{"@id":"https:\/\/www.tcuentaslp.gob.ar\/#website"},"datePublished":"2020-03-05T16:17:40+00:00","dateModified":"2020-10-13T13:40:36+00:00","breadcrumb":{"@id":"https:\/\/www.tcuentaslp.gob.ar\/?p=3606#breadcrumb"},"inLanguage":"es-AR","potentialAction":[{"@type":"ReadAction","target":["https:\/\/www.tcuentaslp.gob.ar\/?p=3606"]}]},{"@type":"BreadcrumbList","@id":"https:\/\/www.tcuentaslp.gob.ar\/?p=3606#breadcrumb","itemListElement":[{"@type":"ListItem","position":1,"name":"Inicio","item":"https:\/\/www.tcuentaslp.gob.ar\/"},{"@type":"ListItem","position":2,"name":"Violencia contra la mujer"}]},{"@type":"WebSite","@id":"https:\/\/www.tcuentaslp.gob.ar\/#website","url":"https:\/\/www.tcuentaslp.gob.ar\/","name":"Tribunal de Cuentas de La Pampa","description":"","publisher":{"@id":"https:\/\/www.tcuentaslp.gob.ar\/#organization"},"potentialAction":[{"@type":"SearchAction","target":{"@type":"EntryPoint","urlTemplate":"https:\/\/www.tcuentaslp.gob.ar\/?s={search_term_string}"},"query-input":"required name=search_term_string"}],"inLanguage":"es-AR"},{"@type":"Organization","@id":"https:\/\/www.tcuentaslp.gob.ar\/#organization","name":"Tribunal de Cuentas de La Pampa","url":"https:\/\/www.tcuentaslp.gob.ar\/","logo":{"@type":"ImageObject","inLanguage":"es-AR","@id":"https:\/\/www.tcuentaslp.gob.ar\/#\/schema\/logo\/image\/","url":"http:\/\/www.tcuentaslp.gob.ar\/wp-content\/uploads\/2017\/10\/logo_tribunal.png","contentUrl":"http:\/\/www.tcuentaslp.gob.ar\/wp-content\/uploads\/2017\/10\/logo_tribunal.png","width":200,"height":204,"caption":"Tribunal de Cuentas de La Pampa"},"image":{"@id":"https:\/\/www.tcuentaslp.gob.ar\/#\/schema\/logo\/image\/"},"sameAs":["https:\/\/es-la.facebook.com\/TdeCLaPampa\/"]},{"@type":"Person","@id":"https:\/\/www.tcuentaslp.gob.ar\/#\/schema\/person\/68a3a6277a719a33d6694fcf820f5a21","name":"tribumanager"}]}},"_links":{"self":[{"href":"https:\/\/www.tcuentaslp.gob.ar\/index.php?rest_route=\/wp\/v2\/posts\/3606"}],"collection":[{"href":"https:\/\/www.tcuentaslp.gob.ar\/index.php?rest_route=\/wp\/v2\/posts"}],"about":[{"href":"https:\/\/www.tcuentaslp.gob.ar\/index.php?rest_route=\/wp\/v2\/types\/post"}],"author":[{"embeddable":true,"href":"https:\/\/www.tcuentaslp.gob.ar\/index.php?rest_route=\/wp\/v2\/users\/1"}],"replies":[{"embeddable":true,"href":"https:\/\/www.tcuentaslp.gob.ar\/index.php?rest_route=%2Fwp%2Fv2%2Fcomments&post=3606"}],"version-history":[{"count":1,"href":"https:\/\/www.tcuentaslp.gob.ar\/index.php?rest_route=\/wp\/v2\/posts\/3606\/revisions"}],"predecessor-version":[{"id":3608,"href":"https:\/\/www.tcuentaslp.gob.ar\/index.php?rest_route=\/wp\/v2\/posts\/3606\/revisions\/3608"}],"wp:featuredmedia":[{"embeddable":true,"href":"https:\/\/www.tcuentaslp.gob.ar\/index.php?rest_route=\/wp\/v2\/media\/3607"}],"wp:attachment":[{"href":"https:\/\/www.tcuentaslp.gob.ar\/index.php?rest_route=%2Fwp%2Fv2%2Fmedia&parent=3606"}],"wp:term":[{"taxonomy":"category","embeddable":true,"href":"https:\/\/www.tcuentaslp.gob.ar\/index.php?rest_route=%2Fwp%2Fv2%2Fcategories&post=3606"},{"taxonomy":"post_tag","embeddable":true,"href":"https:\/\/www.tcuentaslp.gob.ar\/index.php?rest_route=%2Fwp%2Fv2%2Ftags&post=3606"}],"curies":[{"name":"wp","href":"https:\/\/api.w.org\/{rel}","templated":true}]}}