{"id":3625,"date":"2020-03-28T20:18:21","date_gmt":"2020-03-28T23:18:21","guid":{"rendered":"http:\/\/www.tcuentaslp.gob.ar\/?p=3625"},"modified":"2020-03-28T21:44:19","modified_gmt":"2020-03-29T00:44:19","slug":"formacion-de-equipo-de-emergencia-para-la-atencion-de-tramites","status":"publish","type":"post","link":"https:\/\/www.tcuentaslp.gob.ar\/?p=3625","title":{"rendered":"Formaci\u00f3n de equipo de emergencia para la atenci\u00f3n de tr\u00e1mites"},"content":{"rendered":"\n<p>El Tribunal de Cuentas, en virtud de las medidas adoptadas en el marco del aislamiento social obligatorio y con el fin de coadyuvar con las  acciones del ejecutivo provincial, dispuso conformar un equipo interdisciplinario para otorgar curso a las actuaciones administrativas que resultan necesarias en este per\u00edodo.<\/p>\n\n\n\n<p>De dicho equipo, integrado por las autoridades del organismo de control y personal de su Mesa de Entradas, Contralor\u00eda Fiscal y Sistemas, participan t\u00e9cnicos y administrativos cuya actividad espec\u00edfica se encuentra relacionada a la materia, el que pudo organizarse en la instancia previa la declaraci\u00f3n de emergencia.<\/p>\n\n\n\n<p>As\u00ed, merced a la asistencia efectiva e indispensable a los sitios de trabajo del personal precitado, y mediante el sistema de videoconferencia con las \u00e1reas Asesor\u00eda Letrada y Auditor\u00eda se llevan adelante las actuaciones en comunicaci\u00f3n permanente con el Poder Ejecutivo de la provincia.<\/p>\n\n\n\n<p>Para el desarrollo diario de su trabajo, el organismo dispone de medidas especiales de prevenci\u00f3n, destacando la disponibilidad de todos y cada uno de los integrantes del plantel que conforma el Tribunal para atender los requerimientos respectivos.<\/p>\n\n\n\n<p>A todos, una vez m\u00e1s, por su destacable compromiso, muchas gracias.<\/p>\n\n\n\n<div class=\"wp-block-image\"><figure class=\"aligncenter size-large\"><img decoding=\"async\" loading=\"lazy\" width=\"1024\" height=\"764\" src=\"http:\/\/www.tcuentaslp.gob.ar\/wp-content\/uploads\/2020\/03\/Screenshot_20200328-1656582-1024x764.png\" alt=\"\" class=\"wp-image-3627\" srcset=\"https:\/\/www.tcuentaslp.gob.ar\/wp-content\/uploads\/2020\/03\/Screenshot_20200328-1656582-1024x764.png 1024w, https:\/\/www.tcuentaslp.gob.ar\/wp-content\/uploads\/2020\/03\/Screenshot_20200328-1656582-300x224.png 300w, https:\/\/www.tcuentaslp.gob.ar\/wp-content\/uploads\/2020\/03\/Screenshot_20200328-1656582-768x573.png 768w, https:\/\/www.tcuentaslp.gob.ar\/wp-content\/uploads\/2020\/03\/Screenshot_20200328-1656582.png 1080w\" sizes=\"(max-width: 1024px) 100vw, 1024px\" \/><\/figure><\/div>\n","protected":false},"excerpt":{"rendered":"<p>El Tribunal de Cuentas, en virtud de las medidas adoptadas en el marco del aislamiento social obligatorio y con el &#8230; <a title=\"Formaci\u00f3n de equipo de emergencia para la atenci\u00f3n de tr\u00e1mites\" class=\"read-more\" href=\"https:\/\/www.tcuentaslp.gob.ar\/?p=3625\">Leer m\u00e1s&#8230;<\/a><\/p>\n","protected":false},"author":1,"featured_media":3626,"comment_status":"closed","ping_status":"closed","sticky":false,"template":"","format":"standard","meta":{"generate_page_header":""},"categories":[5],"tags":[],"yoast_head":"<!-- This site is optimized with the Yoast SEO plugin v20.12 - https:\/\/yoast.com\/wordpress\/plugins\/seo\/ -->\n<title>Formaci\u00f3n de equipo de emergencia para la atenci\u00f3n de tr\u00e1mites -<\/title>\n<meta name=\"robots\" content=\"index, follow, max-snippet:-1, max-image-preview:large, max-video-preview:-1\" \/>\n<link rel=\"canonical\" href=\"https:\/\/www.tcuentaslp.gob.ar\/?p=3625\" \/>\n<meta property=\"og:locale\" content=\"es_ES\" \/>\n<meta property=\"og:type\" content=\"article\" \/>\n<meta property=\"og:title\" content=\"Formaci\u00f3n de equipo de emergencia para la atenci\u00f3n de tr\u00e1mites -\" \/>\n<meta property=\"og:description\" content=\"El Tribunal de Cuentas, en virtud de las medidas adoptadas en el marco del aislamiento social obligatorio y con el ... Leer m\u00e1s...\" \/>\n<meta property=\"og:url\" content=\"https:\/\/www.tcuentaslp.gob.ar\/?p=3625\" \/>\n<meta property=\"article:publisher\" content=\"https:\/\/es-la.facebook.com\/TdeCLaPampa\/\" \/>\n<meta property=\"article:published_time\" content=\"2020-03-28T23:18:21+00:00\" \/>\n<meta property=\"article:modified_time\" content=\"2020-03-29T00:44:19+00:00\" \/>\n<meta property=\"og:image\" content=\"https:\/\/www.tcuentaslp.gob.ar\/wp-content\/uploads\/2020\/03\/Screenshot_20200328-1656452.png\" \/>\n\t<meta property=\"og:image:width\" content=\"985\" \/>\n\t<meta property=\"og:image:height\" content=\"572\" \/>\n\t<meta property=\"og:image:type\" content=\"image\/png\" \/>\n<meta name=\"author\" content=\"tribumanager\" \/>\n<meta name=\"twitter:card\" content=\"summary_large_image\" \/>\n<meta name=\"twitter:label1\" content=\"Escrito por\" \/>\n\t<meta name=\"twitter:data1\" content=\"tribumanager\" \/>\n\t<meta name=\"twitter:label2\" content=\"Tiempo de lectura\" \/>\n\t<meta name=\"twitter:data2\" content=\"1 minuto\" \/>\n<script type=\"application\/ld+json\" class=\"yoast-schema-graph\">{\"@context\":\"https:\/\/schema.org\",\"@graph\":[{\"@type\":\"Article\",\"@id\":\"https:\/\/www.tcuentaslp.gob.ar\/?p=3625#article\",\"isPartOf\":{\"@id\":\"https:\/\/www.tcuentaslp.gob.ar\/?p=3625\"},\"author\":{\"name\":\"tribumanager\",\"@id\":\"https:\/\/www.tcuentaslp.gob.ar\/#\/schema\/person\/68a3a6277a719a33d6694fcf820f5a21\"},\"headline\":\"Formaci\u00f3n de equipo de emergencia para la atenci\u00f3n de tr\u00e1mites\",\"datePublished\":\"2020-03-28T23:18:21+00:00\",\"dateModified\":\"2020-03-29T00:44:19+00:00\",\"mainEntityOfPage\":{\"@id\":\"https:\/\/www.tcuentaslp.gob.ar\/?p=3625\"},\"wordCount\":209,\"publisher\":{\"@id\":\"https:\/\/www.tcuentaslp.gob.ar\/#organization\"},\"articleSection\":[\"Noticias\"],\"inLanguage\":\"es-AR\"},{\"@type\":\"WebPage\",\"@id\":\"https:\/\/www.tcuentaslp.gob.ar\/?p=3625\",\"url\":\"https:\/\/www.tcuentaslp.gob.ar\/?p=3625\",\"name\":\"Formaci\u00f3n de equipo de emergencia para la atenci\u00f3n de tr\u00e1mites -\",\"isPartOf\":{\"@id\":\"https:\/\/www.tcuentaslp.gob.ar\/#website\"},\"datePublished\":\"2020-03-28T23:18:21+00:00\",\"dateModified\":\"2020-03-29T00:44:19+00:00\",\"breadcrumb\":{\"@id\":\"https:\/\/www.tcuentaslp.gob.ar\/?p=3625#breadcrumb\"},\"inLanguage\":\"es-AR\",\"potentialAction\":[{\"@type\":\"ReadAction\",\"target\":[\"https:\/\/www.tcuentaslp.gob.ar\/?p=3625\"]}]},{\"@type\":\"BreadcrumbList\",\"@id\":\"https:\/\/www.tcuentaslp.gob.ar\/?p=3625#breadcrumb\",\"itemListElement\":[{\"@type\":\"ListItem\",\"position\":1,\"name\":\"Inicio\",\"item\":\"https:\/\/www.tcuentaslp.gob.ar\/\"},{\"@type\":\"ListItem\",\"position\":2,\"name\":\"Formaci\u00f3n de equipo de emergencia para la atenci\u00f3n de tr\u00e1mites\"}]},{\"@type\":\"WebSite\",\"@id\":\"https:\/\/www.tcuentaslp.gob.ar\/#website\",\"url\":\"https:\/\/www.tcuentaslp.gob.ar\/\",\"name\":\"Tribunal de Cuentas de La Pampa\",\"description\":\"\",\"publisher\":{\"@id\":\"https:\/\/www.tcuentaslp.gob.ar\/#organization\"},\"potentialAction\":[{\"@type\":\"SearchAction\",\"target\":{\"@type\":\"EntryPoint\",\"urlTemplate\":\"https:\/\/www.tcuentaslp.gob.ar\/?s={search_term_string}\"},\"query-input\":\"required name=search_term_string\"}],\"inLanguage\":\"es-AR\"},{\"@type\":\"Organization\",\"@id\":\"https:\/\/www.tcuentaslp.gob.ar\/#organization\",\"name\":\"Tribunal de Cuentas de La Pampa\",\"url\":\"https:\/\/www.tcuentaslp.gob.ar\/\",\"logo\":{\"@type\":\"ImageObject\",\"inLanguage\":\"es-AR\",\"@id\":\"https:\/\/www.tcuentaslp.gob.ar\/#\/schema\/logo\/image\/\",\"url\":\"http:\/\/www.tcuentaslp.gob.ar\/wp-content\/uploads\/2017\/10\/logo_tribunal.png\",\"contentUrl\":\"http:\/\/www.tcuentaslp.gob.ar\/wp-content\/uploads\/2017\/10\/logo_tribunal.png\",\"width\":200,\"height\":204,\"caption\":\"Tribunal de Cuentas de La Pampa\"},\"image\":{\"@id\":\"https:\/\/www.tcuentaslp.gob.ar\/#\/schema\/logo\/image\/\"},\"sameAs\":[\"https:\/\/es-la.facebook.com\/TdeCLaPampa\/\"]},{\"@type\":\"Person\",\"@id\":\"https:\/\/www.tcuentaslp.gob.ar\/#\/schema\/person\/68a3a6277a719a33d6694fcf820f5a21\",\"name\":\"tribumanager\"}]}<\/script>\n<!-- \/ Yoast SEO plugin. -->","yoast_head_json":{"title":"Formaci\u00f3n de equipo de emergencia para la atenci\u00f3n de tr\u00e1mites -","robots":{"index":"index","follow":"follow","max-snippet":"max-snippet:-1","max-image-preview":"max-image-preview:large","max-video-preview":"max-video-preview:-1"},"canonical":"https:\/\/www.tcuentaslp.gob.ar\/?p=3625","og_locale":"es_ES","og_type":"article","og_title":"Formaci\u00f3n de equipo de emergencia para la atenci\u00f3n de tr\u00e1mites -","og_description":"El Tribunal de Cuentas, en virtud de las medidas adoptadas en el marco del aislamiento social obligatorio y con el ... Leer m\u00e1s...","og_url":"https:\/\/www.tcuentaslp.gob.ar\/?p=3625","article_publisher":"https:\/\/es-la.facebook.com\/TdeCLaPampa\/","article_published_time":"2020-03-28T23:18:21+00:00","article_modified_time":"2020-03-29T00:44:19+00:00","og_image":[{"width":985,"height":572,"url":"https:\/\/www.tcuentaslp.gob.ar\/wp-content\/uploads\/2020\/03\/Screenshot_20200328-1656452.png","type":"image\/png"}],"author":"tribumanager","twitter_card":"summary_large_image","twitter_misc":{"Escrito por":"tribumanager","Tiempo de lectura":"1 minuto"},"schema":{"@context":"https:\/\/schema.org","@graph":[{"@type":"Article","@id":"https:\/\/www.tcuentaslp.gob.ar\/?p=3625#article","isPartOf":{"@id":"https:\/\/www.tcuentaslp.gob.ar\/?p=3625"},"author":{"name":"tribumanager","@id":"https:\/\/www.tcuentaslp.gob.ar\/#\/schema\/person\/68a3a6277a719a33d6694fcf820f5a21"},"headline":"Formaci\u00f3n de equipo de emergencia para la atenci\u00f3n de tr\u00e1mites","datePublished":"2020-03-28T23:18:21+00:00","dateModified":"2020-03-29T00:44:19+00:00","mainEntityOfPage":{"@id":"https:\/\/www.tcuentaslp.gob.ar\/?p=3625"},"wordCount":209,"publisher":{"@id":"https:\/\/www.tcuentaslp.gob.ar\/#organization"},"articleSection":["Noticias"],"inLanguage":"es-AR"},{"@type":"WebPage","@id":"https:\/\/www.tcuentaslp.gob.ar\/?p=3625","url":"https:\/\/www.tcuentaslp.gob.ar\/?p=3625","name":"Formaci\u00f3n de equipo de emergencia para la atenci\u00f3n de tr\u00e1mites -","isPartOf":{"@id":"https:\/\/www.tcuentaslp.gob.ar\/#website"},"datePublished":"2020-03-28T23:18:21+00:00","dateModified":"2020-03-29T00:44:19+00:00","breadcrumb":{"@id":"https:\/\/www.tcuentaslp.gob.ar\/?p=3625#breadcrumb"},"inLanguage":"es-AR","potentialAction":[{"@type":"ReadAction","target":["https:\/\/www.tcuentaslp.gob.ar\/?p=3625"]}]},{"@type":"BreadcrumbList","@id":"https:\/\/www.tcuentaslp.gob.ar\/?p=3625#breadcrumb","itemListElement":[{"@type":"ListItem","position":1,"name":"Inicio","item":"https:\/\/www.tcuentaslp.gob.ar\/"},{"@type":"ListItem","position":2,"name":"Formaci\u00f3n de equipo de emergencia para la atenci\u00f3n de tr\u00e1mites"}]},{"@type":"WebSite","@id":"https:\/\/www.tcuentaslp.gob.ar\/#website","url":"https:\/\/www.tcuentaslp.gob.ar\/","name":"Tribunal de Cuentas de La Pampa","description":"","publisher":{"@id":"https:\/\/www.tcuentaslp.gob.ar\/#organization"},"potentialAction":[{"@type":"SearchAction","target":{"@type":"EntryPoint","urlTemplate":"https:\/\/www.tcuentaslp.gob.ar\/?s={search_term_string}"},"query-input":"required name=search_term_string"}],"inLanguage":"es-AR"},{"@type":"Organization","@id":"https:\/\/www.tcuentaslp.gob.ar\/#organization","name":"Tribunal de Cuentas de La Pampa","url":"https:\/\/www.tcuentaslp.gob.ar\/","logo":{"@type":"ImageObject","inLanguage":"es-AR","@id":"https:\/\/www.tcuentaslp.gob.ar\/#\/schema\/logo\/image\/","url":"http:\/\/www.tcuentaslp.gob.ar\/wp-content\/uploads\/2017\/10\/logo_tribunal.png","contentUrl":"http:\/\/www.tcuentaslp.gob.ar\/wp-content\/uploads\/2017\/10\/logo_tribunal.png","width":200,"height":204,"caption":"Tribunal de Cuentas de La Pampa"},"image":{"@id":"https:\/\/www.tcuentaslp.gob.ar\/#\/schema\/logo\/image\/"},"sameAs":["https:\/\/es-la.facebook.com\/TdeCLaPampa\/"]},{"@type":"Person","@id":"https:\/\/www.tcuentaslp.gob.ar\/#\/schema\/person\/68a3a6277a719a33d6694fcf820f5a21","name":"tribumanager"}]}},"_links":{"self":[{"href":"https:\/\/www.tcuentaslp.gob.ar\/index.php?rest_route=\/wp\/v2\/posts\/3625"}],"collection":[{"href":"https:\/\/www.tcuentaslp.gob.ar\/index.php?rest_route=\/wp\/v2\/posts"}],"about":[{"href":"https:\/\/www.tcuentaslp.gob.ar\/index.php?rest_route=\/wp\/v2\/types\/post"}],"author":[{"embeddable":true,"href":"https:\/\/www.tcuentaslp.gob.ar\/index.php?rest_route=\/wp\/v2\/users\/1"}],"replies":[{"embeddable":true,"href":"https:\/\/www.tcuentaslp.gob.ar\/index.php?rest_route=%2Fwp%2Fv2%2Fcomments&post=3625"}],"version-history":[{"count":2,"href":"https:\/\/www.tcuentaslp.gob.ar\/index.php?rest_route=\/wp\/v2\/posts\/3625\/revisions"}],"predecessor-version":[{"id":3630,"href":"https:\/\/www.tcuentaslp.gob.ar\/index.php?rest_route=\/wp\/v2\/posts\/3625\/revisions\/3630"}],"wp:featuredmedia":[{"embeddable":true,"href":"https:\/\/www.tcuentaslp.gob.ar\/index.php?rest_route=\/wp\/v2\/media\/3626"}],"wp:attachment":[{"href":"https:\/\/www.tcuentaslp.gob.ar\/index.php?rest_route=%2Fwp%2Fv2%2Fmedia&parent=3625"}],"wp:term":[{"taxonomy":"category","embeddable":true,"href":"https:\/\/www.tcuentaslp.gob.ar\/index.php?rest_route=%2Fwp%2Fv2%2Fcategories&post=3625"},{"taxonomy":"post_tag","embeddable":true,"href":"https:\/\/www.tcuentaslp.gob.ar\/index.php?rest_route=%2Fwp%2Fv2%2Ftags&post=3625"}],"curies":[{"name":"wp","href":"https:\/\/api.w.org\/{rel}","templated":true}]}}