{"id":3632,"date":"2020-04-23T13:12:02","date_gmt":"2020-04-23T16:12:02","guid":{"rendered":"http:\/\/www.tcuentaslp.gob.ar\/?p=3632"},"modified":"2020-04-29T10:04:41","modified_gmt":"2020-04-29T13:04:41","slug":"adhesion-al-fondo-solidario-para-la-emergencia-sanitaria","status":"publish","type":"post","link":"https:\/\/www.tcuentaslp.gob.ar\/?p=3632","title":{"rendered":"Adhesi\u00f3n al Fondo Solidario para la Emergencia Sanitaria"},"content":{"rendered":"\n<p>Por <a href=\"http:\/\/www.tcuentaslp.gob.ar\/wp-content\/uploads\/2020\/04\/doc00694920200429090734.pdf\" target=\"_blank\" rel=\"noreferrer noopener\">Resoluci\u00f3n N\u00ba 72\/2020<\/a>, el Tribunal de Cuentas de La Pampa adhiri\u00f3 al T\u00edtulo I de la Ley N\u00b0 3218 que crea el \u201cFONDO SOLIDARIO PARA LA EMERGENCIA SANITARIA\u201d y al Decreto Reglamentario N\u00ba 695\/2020.<br>Dicha Ley cre\u00f3 el Fondo precitado con la finalidad de facilitar la adquisici\u00f3n y disposici\u00f3n de equipamiento y recurso humano tendiente a contribuir en la contenci\u00f3n y mitigaci\u00f3n del COVID-19, con vigencia durante el Estado de M\u00e1xima Alerta Sanitaria, invitando a adherir -entre otros- a los organismos constitucionales.<br>En tal sentido, el Poder Ejecutivo Provincial a trav\u00e9s del Decreto N\u00b0 695\/20 estableci\u00f3 la metodolog\u00eda para la implementaci\u00f3n del Fondo respecto de los aportes que realizar\u00e1n los funcionarios p\u00fablicos dependientes de ese Poder, creando una Cuenta Corriente en pesos en el Banco de La Pampa SEM \u2013Casa Central- N\u00b0 40500\/7 a nombre de la Tesorer\u00eda General de la Provincia.<br>Por ello, compartiendo la iniciativa, el Tribunal de Cuentas ha adherido a la misma mediante la Resoluci\u00f3n de referencia, estableciendo la metodolog\u00eda de aplicaci\u00f3n por la que cada funcionario p\u00fablico titular y\/o subrogante dependiente del Tribunal deber\u00e1 efectuar su aporte solidario a trav\u00e9s del pertinente descuento de haberes.<\/p>\n","protected":false},"excerpt":{"rendered":"<p>Por Resoluci\u00f3n N\u00ba 72\/2020, el Tribunal de Cuentas de La Pampa adhiri\u00f3 al T\u00edtulo I de la Ley N\u00b0 3218 &#8230; <a title=\"Adhesi\u00f3n al Fondo Solidario para la Emergencia Sanitaria\" class=\"read-more\" href=\"https:\/\/www.tcuentaslp.gob.ar\/?p=3632\">Leer m\u00e1s&#8230;<\/a><\/p>\n","protected":false},"author":1,"featured_media":0,"comment_status":"closed","ping_status":"closed","sticky":false,"template":"","format":"standard","meta":{"generate_page_header":""},"categories":[5],"tags":[],"yoast_head":"<!-- This site is optimized with the Yoast SEO plugin v20.12 - https:\/\/yoast.com\/wordpress\/plugins\/seo\/ -->\n<title>Adhesi\u00f3n al Fondo Solidario para la Emergencia Sanitaria -<\/title>\n<meta name=\"robots\" content=\"index, follow, max-snippet:-1, max-image-preview:large, max-video-preview:-1\" \/>\n<link rel=\"canonical\" href=\"https:\/\/www.tcuentaslp.gob.ar\/?p=3632\" \/>\n<meta property=\"og:locale\" content=\"es_ES\" \/>\n<meta property=\"og:type\" content=\"article\" \/>\n<meta property=\"og:title\" content=\"Adhesi\u00f3n al Fondo Solidario para la Emergencia Sanitaria -\" \/>\n<meta property=\"og:description\" content=\"Por Resoluci\u00f3n N\u00ba 72\/2020, el Tribunal de Cuentas de La Pampa adhiri\u00f3 al T\u00edtulo I de la Ley N\u00b0 3218 ... Leer m\u00e1s...\" \/>\n<meta property=\"og:url\" content=\"https:\/\/www.tcuentaslp.gob.ar\/?p=3632\" \/>\n<meta property=\"article:publisher\" content=\"https:\/\/es-la.facebook.com\/TdeCLaPampa\/\" \/>\n<meta property=\"article:published_time\" content=\"2020-04-23T16:12:02+00:00\" \/>\n<meta property=\"article:modified_time\" content=\"2020-04-29T13:04:41+00:00\" \/>\n<meta name=\"author\" content=\"tribumanager\" \/>\n<meta name=\"twitter:card\" content=\"summary_large_image\" \/>\n<meta name=\"twitter:label1\" content=\"Escrito por\" \/>\n\t<meta name=\"twitter:data1\" content=\"tribumanager\" \/>\n\t<meta name=\"twitter:label2\" content=\"Tiempo de lectura\" \/>\n\t<meta name=\"twitter:data2\" content=\"1 minuto\" \/>\n<script type=\"application\/ld+json\" class=\"yoast-schema-graph\">{\"@context\":\"https:\/\/schema.org\",\"@graph\":[{\"@type\":\"Article\",\"@id\":\"https:\/\/www.tcuentaslp.gob.ar\/?p=3632#article\",\"isPartOf\":{\"@id\":\"https:\/\/www.tcuentaslp.gob.ar\/?p=3632\"},\"author\":{\"name\":\"tribumanager\",\"@id\":\"https:\/\/www.tcuentaslp.gob.ar\/#\/schema\/person\/68a3a6277a719a33d6694fcf820f5a21\"},\"headline\":\"Adhesi\u00f3n al Fondo Solidario para la Emergencia Sanitaria\",\"datePublished\":\"2020-04-23T16:12:02+00:00\",\"dateModified\":\"2020-04-29T13:04:41+00:00\",\"mainEntityOfPage\":{\"@id\":\"https:\/\/www.tcuentaslp.gob.ar\/?p=3632\"},\"wordCount\":214,\"publisher\":{\"@id\":\"https:\/\/www.tcuentaslp.gob.ar\/#organization\"},\"articleSection\":[\"Noticias\"],\"inLanguage\":\"es-AR\"},{\"@type\":\"WebPage\",\"@id\":\"https:\/\/www.tcuentaslp.gob.ar\/?p=3632\",\"url\":\"https:\/\/www.tcuentaslp.gob.ar\/?p=3632\",\"name\":\"Adhesi\u00f3n al Fondo Solidario para la Emergencia Sanitaria -\",\"isPartOf\":{\"@id\":\"https:\/\/www.tcuentaslp.gob.ar\/#website\"},\"datePublished\":\"2020-04-23T16:12:02+00:00\",\"dateModified\":\"2020-04-29T13:04:41+00:00\",\"breadcrumb\":{\"@id\":\"https:\/\/www.tcuentaslp.gob.ar\/?p=3632#breadcrumb\"},\"inLanguage\":\"es-AR\",\"potentialAction\":[{\"@type\":\"ReadAction\",\"target\":[\"https:\/\/www.tcuentaslp.gob.ar\/?p=3632\"]}]},{\"@type\":\"BreadcrumbList\",\"@id\":\"https:\/\/www.tcuentaslp.gob.ar\/?p=3632#breadcrumb\",\"itemListElement\":[{\"@type\":\"ListItem\",\"position\":1,\"name\":\"Inicio\",\"item\":\"https:\/\/www.tcuentaslp.gob.ar\/\"},{\"@type\":\"ListItem\",\"position\":2,\"name\":\"Adhesi\u00f3n al Fondo Solidario para la Emergencia Sanitaria\"}]},{\"@type\":\"WebSite\",\"@id\":\"https:\/\/www.tcuentaslp.gob.ar\/#website\",\"url\":\"https:\/\/www.tcuentaslp.gob.ar\/\",\"name\":\"Tribunal de Cuentas de La Pampa\",\"description\":\"\",\"publisher\":{\"@id\":\"https:\/\/www.tcuentaslp.gob.ar\/#organization\"},\"potentialAction\":[{\"@type\":\"SearchAction\",\"target\":{\"@type\":\"EntryPoint\",\"urlTemplate\":\"https:\/\/www.tcuentaslp.gob.ar\/?s={search_term_string}\"},\"query-input\":\"required name=search_term_string\"}],\"inLanguage\":\"es-AR\"},{\"@type\":\"Organization\",\"@id\":\"https:\/\/www.tcuentaslp.gob.ar\/#organization\",\"name\":\"Tribunal de Cuentas de La Pampa\",\"url\":\"https:\/\/www.tcuentaslp.gob.ar\/\",\"logo\":{\"@type\":\"ImageObject\",\"inLanguage\":\"es-AR\",\"@id\":\"https:\/\/www.tcuentaslp.gob.ar\/#\/schema\/logo\/image\/\",\"url\":\"http:\/\/www.tcuentaslp.gob.ar\/wp-content\/uploads\/2017\/10\/logo_tribunal.png\",\"contentUrl\":\"http:\/\/www.tcuentaslp.gob.ar\/wp-content\/uploads\/2017\/10\/logo_tribunal.png\",\"width\":200,\"height\":204,\"caption\":\"Tribunal de Cuentas de La Pampa\"},\"image\":{\"@id\":\"https:\/\/www.tcuentaslp.gob.ar\/#\/schema\/logo\/image\/\"},\"sameAs\":[\"https:\/\/es-la.facebook.com\/TdeCLaPampa\/\"]},{\"@type\":\"Person\",\"@id\":\"https:\/\/www.tcuentaslp.gob.ar\/#\/schema\/person\/68a3a6277a719a33d6694fcf820f5a21\",\"name\":\"tribumanager\"}]}<\/script>\n<!-- \/ Yoast SEO plugin. -->","yoast_head_json":{"title":"Adhesi\u00f3n al Fondo Solidario para la Emergencia Sanitaria -","robots":{"index":"index","follow":"follow","max-snippet":"max-snippet:-1","max-image-preview":"max-image-preview:large","max-video-preview":"max-video-preview:-1"},"canonical":"https:\/\/www.tcuentaslp.gob.ar\/?p=3632","og_locale":"es_ES","og_type":"article","og_title":"Adhesi\u00f3n al Fondo Solidario para la Emergencia Sanitaria -","og_description":"Por Resoluci\u00f3n N\u00ba 72\/2020, el Tribunal de Cuentas de La Pampa adhiri\u00f3 al T\u00edtulo I de la Ley N\u00b0 3218 ... Leer m\u00e1s...","og_url":"https:\/\/www.tcuentaslp.gob.ar\/?p=3632","article_publisher":"https:\/\/es-la.facebook.com\/TdeCLaPampa\/","article_published_time":"2020-04-23T16:12:02+00:00","article_modified_time":"2020-04-29T13:04:41+00:00","author":"tribumanager","twitter_card":"summary_large_image","twitter_misc":{"Escrito por":"tribumanager","Tiempo de lectura":"1 minuto"},"schema":{"@context":"https:\/\/schema.org","@graph":[{"@type":"Article","@id":"https:\/\/www.tcuentaslp.gob.ar\/?p=3632#article","isPartOf":{"@id":"https:\/\/www.tcuentaslp.gob.ar\/?p=3632"},"author":{"name":"tribumanager","@id":"https:\/\/www.tcuentaslp.gob.ar\/#\/schema\/person\/68a3a6277a719a33d6694fcf820f5a21"},"headline":"Adhesi\u00f3n al Fondo Solidario para la Emergencia Sanitaria","datePublished":"2020-04-23T16:12:02+00:00","dateModified":"2020-04-29T13:04:41+00:00","mainEntityOfPage":{"@id":"https:\/\/www.tcuentaslp.gob.ar\/?p=3632"},"wordCount":214,"publisher":{"@id":"https:\/\/www.tcuentaslp.gob.ar\/#organization"},"articleSection":["Noticias"],"inLanguage":"es-AR"},{"@type":"WebPage","@id":"https:\/\/www.tcuentaslp.gob.ar\/?p=3632","url":"https:\/\/www.tcuentaslp.gob.ar\/?p=3632","name":"Adhesi\u00f3n al Fondo Solidario para la Emergencia Sanitaria -","isPartOf":{"@id":"https:\/\/www.tcuentaslp.gob.ar\/#website"},"datePublished":"2020-04-23T16:12:02+00:00","dateModified":"2020-04-29T13:04:41+00:00","breadcrumb":{"@id":"https:\/\/www.tcuentaslp.gob.ar\/?p=3632#breadcrumb"},"inLanguage":"es-AR","potentialAction":[{"@type":"ReadAction","target":["https:\/\/www.tcuentaslp.gob.ar\/?p=3632"]}]},{"@type":"BreadcrumbList","@id":"https:\/\/www.tcuentaslp.gob.ar\/?p=3632#breadcrumb","itemListElement":[{"@type":"ListItem","position":1,"name":"Inicio","item":"https:\/\/www.tcuentaslp.gob.ar\/"},{"@type":"ListItem","position":2,"name":"Adhesi\u00f3n al Fondo Solidario para la Emergencia Sanitaria"}]},{"@type":"WebSite","@id":"https:\/\/www.tcuentaslp.gob.ar\/#website","url":"https:\/\/www.tcuentaslp.gob.ar\/","name":"Tribunal de Cuentas de La Pampa","description":"","publisher":{"@id":"https:\/\/www.tcuentaslp.gob.ar\/#organization"},"potentialAction":[{"@type":"SearchAction","target":{"@type":"EntryPoint","urlTemplate":"https:\/\/www.tcuentaslp.gob.ar\/?s={search_term_string}"},"query-input":"required name=search_term_string"}],"inLanguage":"es-AR"},{"@type":"Organization","@id":"https:\/\/www.tcuentaslp.gob.ar\/#organization","name":"Tribunal de Cuentas de La Pampa","url":"https:\/\/www.tcuentaslp.gob.ar\/","logo":{"@type":"ImageObject","inLanguage":"es-AR","@id":"https:\/\/www.tcuentaslp.gob.ar\/#\/schema\/logo\/image\/","url":"http:\/\/www.tcuentaslp.gob.ar\/wp-content\/uploads\/2017\/10\/logo_tribunal.png","contentUrl":"http:\/\/www.tcuentaslp.gob.ar\/wp-content\/uploads\/2017\/10\/logo_tribunal.png","width":200,"height":204,"caption":"Tribunal de Cuentas de La Pampa"},"image":{"@id":"https:\/\/www.tcuentaslp.gob.ar\/#\/schema\/logo\/image\/"},"sameAs":["https:\/\/es-la.facebook.com\/TdeCLaPampa\/"]},{"@type":"Person","@id":"https:\/\/www.tcuentaslp.gob.ar\/#\/schema\/person\/68a3a6277a719a33d6694fcf820f5a21","name":"tribumanager"}]}},"_links":{"self":[{"href":"https:\/\/www.tcuentaslp.gob.ar\/index.php?rest_route=\/wp\/v2\/posts\/3632"}],"collection":[{"href":"https:\/\/www.tcuentaslp.gob.ar\/index.php?rest_route=\/wp\/v2\/posts"}],"about":[{"href":"https:\/\/www.tcuentaslp.gob.ar\/index.php?rest_route=\/wp\/v2\/types\/post"}],"author":[{"embeddable":true,"href":"https:\/\/www.tcuentaslp.gob.ar\/index.php?rest_route=\/wp\/v2\/users\/1"}],"replies":[{"embeddable":true,"href":"https:\/\/www.tcuentaslp.gob.ar\/index.php?rest_route=%2Fwp%2Fv2%2Fcomments&post=3632"}],"version-history":[{"count":5,"href":"https:\/\/www.tcuentaslp.gob.ar\/index.php?rest_route=\/wp\/v2\/posts\/3632\/revisions"}],"predecessor-version":[{"id":3639,"href":"https:\/\/www.tcuentaslp.gob.ar\/index.php?rest_route=\/wp\/v2\/posts\/3632\/revisions\/3639"}],"wp:attachment":[{"href":"https:\/\/www.tcuentaslp.gob.ar\/index.php?rest_route=%2Fwp%2Fv2%2Fmedia&parent=3632"}],"wp:term":[{"taxonomy":"category","embeddable":true,"href":"https:\/\/www.tcuentaslp.gob.ar\/index.php?rest_route=%2Fwp%2Fv2%2Fcategories&post=3632"},{"taxonomy":"post_tag","embeddable":true,"href":"https:\/\/www.tcuentaslp.gob.ar\/index.php?rest_route=%2Fwp%2Fv2%2Ftags&post=3632"}],"curies":[{"name":"wp","href":"https:\/\/api.w.org\/{rel}","templated":true}]}}