{"id":3641,"date":"2020-05-08T10:49:48","date_gmt":"2020-05-08T13:49:48","guid":{"rendered":"http:\/\/www.tcuentaslp.gob.ar\/?p=3641"},"modified":"2021-02-08T08:57:41","modified_gmt":"2021-02-08T11:57:41","slug":"reunion-virtual-de-la-red-federal-de-control-publico","status":"publish","type":"post","link":"https:\/\/www.tcuentaslp.gob.ar\/?p=3641","title":{"rendered":"Reuni\u00f3n virtual de la Red Federal de Control P\u00fablico"},"content":{"rendered":"\n<p>El S\u00edndico General de la Naci\u00f3n C.P.N. Carlos Antonio Montero encabez\u00f3 la semana pasada el primer encuentro virtual de la Red Federal de Control P\u00fablico junto a los representantes de veinte Tribunales de Cuentas de todo el pa\u00eds.<br>De la misma particip\u00f3 la Presidenta del organismo pampeano de control, C.P.N. Mar\u00eda Alejandra Mac Allister, abord\u00e1ndose el estado de situaci\u00f3n de cada jurisdicci\u00f3n frente a la pandemia, as\u00ed como los lineamientos necesarios para profundizar la articulaci\u00f3n de todos los miembros de la Red Federal.<br>En palabras de Montero \u201cTransitamos meses muy duros y esta coyuntura nos obliga m\u00e1s que nunca a lograr que los recursos del Estado sean controlados. Cada proceso debe tener la mayor celeridad posible, pero tambi\u00e9n es clave garantizar que cada centavo tenga el destino correcto\u201d.<br>\u201cA\u00fan en la emergencia, el control debe seguir siendo el centro\u201d<br>Del encuentro virtual participaron tambi\u00e9n la S\u00edndica General Adjunta de la Naci\u00f3n, Irma Miranda y el Coordinador de Departamento de la Red Federal de Control P\u00fablico, Jorge Mor\u00e1n<\/p>\n\n\n\n<p class=\"has-text-align-center\"><img decoding=\"async\" loading=\"lazy\" width=\"977\" height=\"554\" class=\"wp-image-3644\" style=\"width: 900px;\" src=\"http:\/\/www.tcuentaslp.gob.ar\/wp-content\/uploads\/2020\/05\/Screenshot_20200508-0932452.png\" alt=\"\" srcset=\"https:\/\/www.tcuentaslp.gob.ar\/wp-content\/uploads\/2020\/05\/Screenshot_20200508-0932452.png 977w, https:\/\/www.tcuentaslp.gob.ar\/wp-content\/uploads\/2020\/05\/Screenshot_20200508-0932452-300x170.png 300w, https:\/\/www.tcuentaslp.gob.ar\/wp-content\/uploads\/2020\/05\/Screenshot_20200508-0932452-768x435.png 768w\" sizes=\"(max-width: 977px) 100vw, 977px\" \/><\/p>\n","protected":false},"excerpt":{"rendered":"<p>El S\u00edndico General de la Naci\u00f3n C.P.N. Carlos Antonio Montero encabez\u00f3 la semana pasada el primer encuentro virtual de la &#8230; <a title=\"Reuni\u00f3n virtual de la Red Federal de Control P\u00fablico\" class=\"read-more\" href=\"https:\/\/www.tcuentaslp.gob.ar\/?p=3641\">Leer m\u00e1s&#8230;<\/a><\/p>\n","protected":false},"author":1,"featured_media":3643,"comment_status":"closed","ping_status":"closed","sticky":false,"template":"","format":"standard","meta":{"generate_page_header":""},"categories":[5],"tags":[],"yoast_head":"<!-- This site is optimized with the Yoast SEO plugin v20.12 - https:\/\/yoast.com\/wordpress\/plugins\/seo\/ -->\n<title>Reuni\u00f3n virtual de la Red Federal de Control P\u00fablico -<\/title>\n<meta name=\"robots\" content=\"index, follow, max-snippet:-1, max-image-preview:large, max-video-preview:-1\" \/>\n<link rel=\"canonical\" href=\"https:\/\/www.tcuentaslp.gob.ar\/?p=3641\" \/>\n<meta property=\"og:locale\" content=\"es_ES\" \/>\n<meta property=\"og:type\" content=\"article\" \/>\n<meta property=\"og:title\" content=\"Reuni\u00f3n virtual de la Red Federal de Control P\u00fablico -\" \/>\n<meta property=\"og:description\" content=\"El S\u00edndico General de la Naci\u00f3n C.P.N. Carlos Antonio Montero encabez\u00f3 la semana pasada el primer encuentro virtual de la ... Leer m\u00e1s...\" \/>\n<meta property=\"og:url\" content=\"https:\/\/www.tcuentaslp.gob.ar\/?p=3641\" \/>\n<meta property=\"article:publisher\" content=\"https:\/\/es-la.facebook.com\/TdeCLaPampa\/\" \/>\n<meta property=\"article:published_time\" content=\"2020-05-08T13:49:48+00:00\" \/>\n<meta property=\"article:modified_time\" content=\"2021-02-08T11:57:41+00:00\" \/>\n<meta property=\"og:image\" content=\"https:\/\/www.tcuentaslp.gob.ar\/wp-content\/uploads\/2020\/05\/IMG_20200507_1247402062-scaled.jpg\" \/>\n\t<meta property=\"og:image:width\" content=\"2560\" \/>\n\t<meta property=\"og:image:height\" content=\"1714\" \/>\n\t<meta property=\"og:image:type\" content=\"image\/jpeg\" \/>\n<meta name=\"author\" content=\"tribumanager\" \/>\n<meta name=\"twitter:card\" content=\"summary_large_image\" \/>\n<meta name=\"twitter:label1\" content=\"Escrito por\" \/>\n\t<meta name=\"twitter:data1\" content=\"tribumanager\" \/>\n\t<meta name=\"twitter:label2\" content=\"Tiempo de lectura\" \/>\n\t<meta name=\"twitter:data2\" content=\"1 minuto\" \/>\n<script type=\"application\/ld+json\" class=\"yoast-schema-graph\">{\"@context\":\"https:\/\/schema.org\",\"@graph\":[{\"@type\":\"Article\",\"@id\":\"https:\/\/www.tcuentaslp.gob.ar\/?p=3641#article\",\"isPartOf\":{\"@id\":\"https:\/\/www.tcuentaslp.gob.ar\/?p=3641\"},\"author\":{\"name\":\"tribumanager\",\"@id\":\"https:\/\/www.tcuentaslp.gob.ar\/#\/schema\/person\/68a3a6277a719a33d6694fcf820f5a21\"},\"headline\":\"Reuni\u00f3n virtual de la Red Federal de Control P\u00fablico\",\"datePublished\":\"2020-05-08T13:49:48+00:00\",\"dateModified\":\"2021-02-08T11:57:41+00:00\",\"mainEntityOfPage\":{\"@id\":\"https:\/\/www.tcuentaslp.gob.ar\/?p=3641\"},\"wordCount\":199,\"publisher\":{\"@id\":\"https:\/\/www.tcuentaslp.gob.ar\/#organization\"},\"articleSection\":[\"Noticias\"],\"inLanguage\":\"es-AR\"},{\"@type\":\"WebPage\",\"@id\":\"https:\/\/www.tcuentaslp.gob.ar\/?p=3641\",\"url\":\"https:\/\/www.tcuentaslp.gob.ar\/?p=3641\",\"name\":\"Reuni\u00f3n virtual de la Red Federal de Control P\u00fablico -\",\"isPartOf\":{\"@id\":\"https:\/\/www.tcuentaslp.gob.ar\/#website\"},\"datePublished\":\"2020-05-08T13:49:48+00:00\",\"dateModified\":\"2021-02-08T11:57:41+00:00\",\"breadcrumb\":{\"@id\":\"https:\/\/www.tcuentaslp.gob.ar\/?p=3641#breadcrumb\"},\"inLanguage\":\"es-AR\",\"potentialAction\":[{\"@type\":\"ReadAction\",\"target\":[\"https:\/\/www.tcuentaslp.gob.ar\/?p=3641\"]}]},{\"@type\":\"BreadcrumbList\",\"@id\":\"https:\/\/www.tcuentaslp.gob.ar\/?p=3641#breadcrumb\",\"itemListElement\":[{\"@type\":\"ListItem\",\"position\":1,\"name\":\"Inicio\",\"item\":\"https:\/\/www.tcuentaslp.gob.ar\/\"},{\"@type\":\"ListItem\",\"position\":2,\"name\":\"Reuni\u00f3n virtual de la Red Federal de Control P\u00fablico\"}]},{\"@type\":\"WebSite\",\"@id\":\"https:\/\/www.tcuentaslp.gob.ar\/#website\",\"url\":\"https:\/\/www.tcuentaslp.gob.ar\/\",\"name\":\"Tribunal de Cuentas de La Pampa\",\"description\":\"\",\"publisher\":{\"@id\":\"https:\/\/www.tcuentaslp.gob.ar\/#organization\"},\"potentialAction\":[{\"@type\":\"SearchAction\",\"target\":{\"@type\":\"EntryPoint\",\"urlTemplate\":\"https:\/\/www.tcuentaslp.gob.ar\/?s={search_term_string}\"},\"query-input\":\"required name=search_term_string\"}],\"inLanguage\":\"es-AR\"},{\"@type\":\"Organization\",\"@id\":\"https:\/\/www.tcuentaslp.gob.ar\/#organization\",\"name\":\"Tribunal de Cuentas de La Pampa\",\"url\":\"https:\/\/www.tcuentaslp.gob.ar\/\",\"logo\":{\"@type\":\"ImageObject\",\"inLanguage\":\"es-AR\",\"@id\":\"https:\/\/www.tcuentaslp.gob.ar\/#\/schema\/logo\/image\/\",\"url\":\"http:\/\/www.tcuentaslp.gob.ar\/wp-content\/uploads\/2017\/10\/logo_tribunal.png\",\"contentUrl\":\"http:\/\/www.tcuentaslp.gob.ar\/wp-content\/uploads\/2017\/10\/logo_tribunal.png\",\"width\":200,\"height\":204,\"caption\":\"Tribunal de Cuentas de La Pampa\"},\"image\":{\"@id\":\"https:\/\/www.tcuentaslp.gob.ar\/#\/schema\/logo\/image\/\"},\"sameAs\":[\"https:\/\/es-la.facebook.com\/TdeCLaPampa\/\"]},{\"@type\":\"Person\",\"@id\":\"https:\/\/www.tcuentaslp.gob.ar\/#\/schema\/person\/68a3a6277a719a33d6694fcf820f5a21\",\"name\":\"tribumanager\"}]}<\/script>\n<!-- \/ Yoast SEO plugin. -->","yoast_head_json":{"title":"Reuni\u00f3n virtual de la Red Federal de Control P\u00fablico -","robots":{"index":"index","follow":"follow","max-snippet":"max-snippet:-1","max-image-preview":"max-image-preview:large","max-video-preview":"max-video-preview:-1"},"canonical":"https:\/\/www.tcuentaslp.gob.ar\/?p=3641","og_locale":"es_ES","og_type":"article","og_title":"Reuni\u00f3n virtual de la Red Federal de Control P\u00fablico -","og_description":"El S\u00edndico General de la Naci\u00f3n C.P.N. Carlos Antonio Montero encabez\u00f3 la semana pasada el primer encuentro virtual de la ... Leer m\u00e1s...","og_url":"https:\/\/www.tcuentaslp.gob.ar\/?p=3641","article_publisher":"https:\/\/es-la.facebook.com\/TdeCLaPampa\/","article_published_time":"2020-05-08T13:49:48+00:00","article_modified_time":"2021-02-08T11:57:41+00:00","og_image":[{"width":2560,"height":1714,"url":"https:\/\/www.tcuentaslp.gob.ar\/wp-content\/uploads\/2020\/05\/IMG_20200507_1247402062-scaled.jpg","type":"image\/jpeg"}],"author":"tribumanager","twitter_card":"summary_large_image","twitter_misc":{"Escrito por":"tribumanager","Tiempo de lectura":"1 minuto"},"schema":{"@context":"https:\/\/schema.org","@graph":[{"@type":"Article","@id":"https:\/\/www.tcuentaslp.gob.ar\/?p=3641#article","isPartOf":{"@id":"https:\/\/www.tcuentaslp.gob.ar\/?p=3641"},"author":{"name":"tribumanager","@id":"https:\/\/www.tcuentaslp.gob.ar\/#\/schema\/person\/68a3a6277a719a33d6694fcf820f5a21"},"headline":"Reuni\u00f3n virtual de la Red Federal de Control P\u00fablico","datePublished":"2020-05-08T13:49:48+00:00","dateModified":"2021-02-08T11:57:41+00:00","mainEntityOfPage":{"@id":"https:\/\/www.tcuentaslp.gob.ar\/?p=3641"},"wordCount":199,"publisher":{"@id":"https:\/\/www.tcuentaslp.gob.ar\/#organization"},"articleSection":["Noticias"],"inLanguage":"es-AR"},{"@type":"WebPage","@id":"https:\/\/www.tcuentaslp.gob.ar\/?p=3641","url":"https:\/\/www.tcuentaslp.gob.ar\/?p=3641","name":"Reuni\u00f3n virtual de la Red Federal de Control P\u00fablico -","isPartOf":{"@id":"https:\/\/www.tcuentaslp.gob.ar\/#website"},"datePublished":"2020-05-08T13:49:48+00:00","dateModified":"2021-02-08T11:57:41+00:00","breadcrumb":{"@id":"https:\/\/www.tcuentaslp.gob.ar\/?p=3641#breadcrumb"},"inLanguage":"es-AR","potentialAction":[{"@type":"ReadAction","target":["https:\/\/www.tcuentaslp.gob.ar\/?p=3641"]}]},{"@type":"BreadcrumbList","@id":"https:\/\/www.tcuentaslp.gob.ar\/?p=3641#breadcrumb","itemListElement":[{"@type":"ListItem","position":1,"name":"Inicio","item":"https:\/\/www.tcuentaslp.gob.ar\/"},{"@type":"ListItem","position":2,"name":"Reuni\u00f3n virtual de la Red Federal de Control P\u00fablico"}]},{"@type":"WebSite","@id":"https:\/\/www.tcuentaslp.gob.ar\/#website","url":"https:\/\/www.tcuentaslp.gob.ar\/","name":"Tribunal de Cuentas de La Pampa","description":"","publisher":{"@id":"https:\/\/www.tcuentaslp.gob.ar\/#organization"},"potentialAction":[{"@type":"SearchAction","target":{"@type":"EntryPoint","urlTemplate":"https:\/\/www.tcuentaslp.gob.ar\/?s={search_term_string}"},"query-input":"required name=search_term_string"}],"inLanguage":"es-AR"},{"@type":"Organization","@id":"https:\/\/www.tcuentaslp.gob.ar\/#organization","name":"Tribunal de Cuentas de La Pampa","url":"https:\/\/www.tcuentaslp.gob.ar\/","logo":{"@type":"ImageObject","inLanguage":"es-AR","@id":"https:\/\/www.tcuentaslp.gob.ar\/#\/schema\/logo\/image\/","url":"http:\/\/www.tcuentaslp.gob.ar\/wp-content\/uploads\/2017\/10\/logo_tribunal.png","contentUrl":"http:\/\/www.tcuentaslp.gob.ar\/wp-content\/uploads\/2017\/10\/logo_tribunal.png","width":200,"height":204,"caption":"Tribunal de Cuentas de La Pampa"},"image":{"@id":"https:\/\/www.tcuentaslp.gob.ar\/#\/schema\/logo\/image\/"},"sameAs":["https:\/\/es-la.facebook.com\/TdeCLaPampa\/"]},{"@type":"Person","@id":"https:\/\/www.tcuentaslp.gob.ar\/#\/schema\/person\/68a3a6277a719a33d6694fcf820f5a21","name":"tribumanager"}]}},"_links":{"self":[{"href":"https:\/\/www.tcuentaslp.gob.ar\/index.php?rest_route=\/wp\/v2\/posts\/3641"}],"collection":[{"href":"https:\/\/www.tcuentaslp.gob.ar\/index.php?rest_route=\/wp\/v2\/posts"}],"about":[{"href":"https:\/\/www.tcuentaslp.gob.ar\/index.php?rest_route=\/wp\/v2\/types\/post"}],"author":[{"embeddable":true,"href":"https:\/\/www.tcuentaslp.gob.ar\/index.php?rest_route=\/wp\/v2\/users\/1"}],"replies":[{"embeddable":true,"href":"https:\/\/www.tcuentaslp.gob.ar\/index.php?rest_route=%2Fwp%2Fv2%2Fcomments&post=3641"}],"version-history":[{"count":5,"href":"https:\/\/www.tcuentaslp.gob.ar\/index.php?rest_route=\/wp\/v2\/posts\/3641\/revisions"}],"predecessor-version":[{"id":3649,"href":"https:\/\/www.tcuentaslp.gob.ar\/index.php?rest_route=\/wp\/v2\/posts\/3641\/revisions\/3649"}],"wp:featuredmedia":[{"embeddable":true,"href":"https:\/\/www.tcuentaslp.gob.ar\/index.php?rest_route=\/wp\/v2\/media\/3643"}],"wp:attachment":[{"href":"https:\/\/www.tcuentaslp.gob.ar\/index.php?rest_route=%2Fwp%2Fv2%2Fmedia&parent=3641"}],"wp:term":[{"taxonomy":"category","embeddable":true,"href":"https:\/\/www.tcuentaslp.gob.ar\/index.php?rest_route=%2Fwp%2Fv2%2Fcategories&post=3641"},{"taxonomy":"post_tag","embeddable":true,"href":"https:\/\/www.tcuentaslp.gob.ar\/index.php?rest_route=%2Fwp%2Fv2%2Ftags&post=3641"}],"curies":[{"name":"wp","href":"https:\/\/api.w.org\/{rel}","templated":true}]}}