{"id":3651,"date":"2020-05-20T19:48:04","date_gmt":"2020-05-20T22:48:04","guid":{"rendered":"http:\/\/www.tcuentaslp.gob.ar\/?p=3651"},"modified":"2020-05-20T19:48:05","modified_gmt":"2020-05-20T22:48:05","slug":"aislamiento-social-preventivo-y-obligatorio-tareas-desarrolladas-por-el-tribunal-de-cuentas","status":"publish","type":"post","link":"https:\/\/www.tcuentaslp.gob.ar\/?p=3651","title":{"rendered":"Aislamiento social preventivo y obligatorio: tareas desarrolladas por el Tribunal de Cuentas."},"content":{"rendered":"\n<p>El Tribunal de Cuentas, bajo medidas de seguridad sanitaria establecidas conjuntamente con la Direcci\u00f3n de Epidemiolog\u00eda de La Pampa, continu\u00f3 desarrollando durante la etapa de aislamiento social preventivon y obligatorio las tareas esenciales que permitieron al Estado Provincial cumplimentar los procesos de contrataci\u00f3n necesarios para atender la emergencia sanitaria dispuesta por DNU 260\/2020 y la declaraci\u00f3n provincial de Estado de M\u00e1xima Alerta Sanitaria, con la respectiva intervenci\u00f3n de este organismo de contralor.<\/p>\n\n\n\n<p>El dictado del protocolo de actuaci\u00f3n para el funcionamiento del Tribunal permiti\u00f3 reforzar las medidas preventivas ya adoptadas para propiciar un lugar de trabajo seguro.<\/p>\n\n\n\n<p>En el per\u00edodo de aislamiento social preventivo y obligatorio se desarrollaron las tareas inherentes al Control Previo que establece el Decreto Ley 513\/1969, entre las que podemos destacar las siguientes intervenciones:<\/p>\n\n\n\n<p>1) Adquisici\u00f3n de insumos y equipamiento hospitalario<\/p>\n\n\n\n<p>2) Contrataciones necesarias para la ejecuci\u00f3n de obras asistenciales.<\/p>\n\n\n\n<p>3) Contratos de arriendo, contratos de adquisici\u00f3n bienes y locaci\u00f3n de servicios tales como los de profesionales, viandas y refrigerios, limpieza, equipamiento inform\u00e1tico, etc.<\/p>\n\n\n\n<p>4) Adquisici\u00f3n de uniformes policiales y combustible.<\/p>\n\n\n\n<p>5) Redeterminaci\u00f3n de contratos de obra y limpieza.<\/p>\n\n\n\n<p>6) Adquisici\u00f3n de insumos m\u00e9dicos para la detecci\u00f3n de posibles casos de Covid 19 (testeos).<\/p>\n\n\n\n<p>Asimismo se llevaron a cabo las reuniones virtuales de cada una de las \u00e1reas del Tribunal y de las autoridades del organismo con sus pares provinciales, con la Contadur\u00eda General de la provincia en su car\u00e1cter de \u00f3rgano de control interno, con autoridades nacionales y de la Red Federal de Control P\u00fablico.<\/p>\n\n\n\n<p>A los efectos de asegurar la comunicaci\u00f3n de las autoridades y\/o representantes de los distintos Poderes y personal del mismoTribunal se procedi\u00f3 a la adquisici\u00f3n de la licencia para el uso de salas virtuales de interacci\u00f3n -promovida por el Ministerio de Modernizaci\u00f3n-, se sum\u00f3 la capacitaci\u00f3n remota de agentes del Tribunal en tem\u00e1ticas tales como g\u00e9nero (Ley Micaela) y accesibilidad a sitios web propiciadas por INAP. Se canalizaron consultas telef\u00f3nicas y v\u00eda mail y desde el \u00e1rea Sistemas se avanz\u00f3 en la conexi\u00f3n remota de los equipos tecnol\u00f3gicos y en el aplicativo de b\u00fasqueda r\u00e1pida de sentencias.<\/p>\n\n\n\n<p>La actualizaci\u00f3n permanente del Digesto brind\u00f3 de manera ininterrumpida el servicio de informaci\u00f3n normativa, gener\u00e1ndose el enlace con el sitio nacional en que obran las medidas dictadas por dicha autoridad en el marco de la atenci\u00f3n de la pandemia; se divulg\u00f3 la informaci\u00f3n sanitaria provista y diagramaron internamente con el personal las propuestas de trabajo para la etapa en que lo disponga la autoridad competente.<\/p>\n\n\n\n<p>De esta forma se propici\u00f3 el cumplimiento en tiempo oportuno de la actividad de control inherente al organismo que, en todo momento, mantuvo comunicaci\u00f3n con los representantes de los tres Poderes del Estado para coadyuvar al desarrollo de sus tareas esenciales.<\/p>\n","protected":false},"excerpt":{"rendered":"<p>El Tribunal de Cuentas, bajo medidas de seguridad sanitaria establecidas conjuntamente con la Direcci\u00f3n de Epidemiolog\u00eda de La Pampa, continu\u00f3 &#8230; <a title=\"Aislamiento social preventivo y obligatorio: tareas desarrolladas por el Tribunal de Cuentas.\" class=\"read-more\" href=\"https:\/\/www.tcuentaslp.gob.ar\/?p=3651\">Leer m\u00e1s&#8230;<\/a><\/p>\n","protected":false},"author":1,"featured_media":3652,"comment_status":"closed","ping_status":"closed","sticky":false,"template":"","format":"standard","meta":{"generate_page_header":""},"categories":[5],"tags":[],"yoast_head":"<!-- This site is optimized with the Yoast SEO plugin v20.12 - https:\/\/yoast.com\/wordpress\/plugins\/seo\/ -->\n<title>Aislamiento social preventivo y obligatorio: tareas desarrolladas por el Tribunal de Cuentas. -<\/title>\n<meta name=\"robots\" content=\"index, follow, max-snippet:-1, max-image-preview:large, max-video-preview:-1\" \/>\n<link rel=\"canonical\" href=\"https:\/\/www.tcuentaslp.gob.ar\/?p=3651\" \/>\n<meta property=\"og:locale\" content=\"es_ES\" \/>\n<meta property=\"og:type\" content=\"article\" \/>\n<meta property=\"og:title\" content=\"Aislamiento social preventivo y obligatorio: tareas desarrolladas por el Tribunal de Cuentas. -\" \/>\n<meta property=\"og:description\" content=\"El Tribunal de Cuentas, bajo medidas de seguridad sanitaria establecidas conjuntamente con la Direcci\u00f3n de Epidemiolog\u00eda de La Pampa, continu\u00f3 ... Leer m\u00e1s...\" \/>\n<meta property=\"og:url\" content=\"https:\/\/www.tcuentaslp.gob.ar\/?p=3651\" \/>\n<meta property=\"article:publisher\" content=\"https:\/\/es-la.facebook.com\/TdeCLaPampa\/\" \/>\n<meta property=\"article:published_time\" content=\"2020-05-20T22:48:04+00:00\" \/>\n<meta property=\"article:modified_time\" content=\"2020-05-20T22:48:05+00:00\" \/>\n<meta property=\"og:image\" content=\"https:\/\/www.tcuentaslp.gob.ar\/wp-content\/uploads\/2020\/05\/Contraloria-Fiscal-scaled-e1590014845651.jpg\" \/>\n\t<meta property=\"og:image:width\" content=\"1000\" \/>\n\t<meta property=\"og:image:height\" content=\"563\" \/>\n\t<meta property=\"og:image:type\" content=\"image\/jpeg\" \/>\n<meta name=\"author\" content=\"tribumanager\" \/>\n<meta name=\"twitter:card\" content=\"summary_large_image\" \/>\n<meta name=\"twitter:label1\" content=\"Escrito por\" \/>\n\t<meta name=\"twitter:data1\" content=\"tribumanager\" \/>\n\t<meta name=\"twitter:label2\" content=\"Tiempo de lectura\" \/>\n\t<meta name=\"twitter:data2\" content=\"2 minutos\" \/>\n<script type=\"application\/ld+json\" class=\"yoast-schema-graph\">{\"@context\":\"https:\/\/schema.org\",\"@graph\":[{\"@type\":\"Article\",\"@id\":\"https:\/\/www.tcuentaslp.gob.ar\/?p=3651#article\",\"isPartOf\":{\"@id\":\"https:\/\/www.tcuentaslp.gob.ar\/?p=3651\"},\"author\":{\"name\":\"tribumanager\",\"@id\":\"https:\/\/www.tcuentaslp.gob.ar\/#\/schema\/person\/68a3a6277a719a33d6694fcf820f5a21\"},\"headline\":\"Aislamiento social preventivo y obligatorio: tareas desarrolladas por el Tribunal de Cuentas.\",\"datePublished\":\"2020-05-20T22:48:04+00:00\",\"dateModified\":\"2020-05-20T22:48:05+00:00\",\"mainEntityOfPage\":{\"@id\":\"https:\/\/www.tcuentaslp.gob.ar\/?p=3651\"},\"wordCount\":497,\"publisher\":{\"@id\":\"https:\/\/www.tcuentaslp.gob.ar\/#organization\"},\"articleSection\":[\"Noticias\"],\"inLanguage\":\"es-AR\"},{\"@type\":\"WebPage\",\"@id\":\"https:\/\/www.tcuentaslp.gob.ar\/?p=3651\",\"url\":\"https:\/\/www.tcuentaslp.gob.ar\/?p=3651\",\"name\":\"Aislamiento social preventivo y obligatorio: tareas desarrolladas por el Tribunal de Cuentas. -\",\"isPartOf\":{\"@id\":\"https:\/\/www.tcuentaslp.gob.ar\/#website\"},\"datePublished\":\"2020-05-20T22:48:04+00:00\",\"dateModified\":\"2020-05-20T22:48:05+00:00\",\"breadcrumb\":{\"@id\":\"https:\/\/www.tcuentaslp.gob.ar\/?p=3651#breadcrumb\"},\"inLanguage\":\"es-AR\",\"potentialAction\":[{\"@type\":\"ReadAction\",\"target\":[\"https:\/\/www.tcuentaslp.gob.ar\/?p=3651\"]}]},{\"@type\":\"BreadcrumbList\",\"@id\":\"https:\/\/www.tcuentaslp.gob.ar\/?p=3651#breadcrumb\",\"itemListElement\":[{\"@type\":\"ListItem\",\"position\":1,\"name\":\"Inicio\",\"item\":\"https:\/\/www.tcuentaslp.gob.ar\/\"},{\"@type\":\"ListItem\",\"position\":2,\"name\":\"Aislamiento social preventivo y obligatorio: tareas desarrolladas por el Tribunal de Cuentas.\"}]},{\"@type\":\"WebSite\",\"@id\":\"https:\/\/www.tcuentaslp.gob.ar\/#website\",\"url\":\"https:\/\/www.tcuentaslp.gob.ar\/\",\"name\":\"Tribunal de Cuentas de La Pampa\",\"description\":\"\",\"publisher\":{\"@id\":\"https:\/\/www.tcuentaslp.gob.ar\/#organization\"},\"potentialAction\":[{\"@type\":\"SearchAction\",\"target\":{\"@type\":\"EntryPoint\",\"urlTemplate\":\"https:\/\/www.tcuentaslp.gob.ar\/?s={search_term_string}\"},\"query-input\":\"required name=search_term_string\"}],\"inLanguage\":\"es-AR\"},{\"@type\":\"Organization\",\"@id\":\"https:\/\/www.tcuentaslp.gob.ar\/#organization\",\"name\":\"Tribunal de Cuentas de La Pampa\",\"url\":\"https:\/\/www.tcuentaslp.gob.ar\/\",\"logo\":{\"@type\":\"ImageObject\",\"inLanguage\":\"es-AR\",\"@id\":\"https:\/\/www.tcuentaslp.gob.ar\/#\/schema\/logo\/image\/\",\"url\":\"http:\/\/www.tcuentaslp.gob.ar\/wp-content\/uploads\/2017\/10\/logo_tribunal.png\",\"contentUrl\":\"http:\/\/www.tcuentaslp.gob.ar\/wp-content\/uploads\/2017\/10\/logo_tribunal.png\",\"width\":200,\"height\":204,\"caption\":\"Tribunal de Cuentas de La Pampa\"},\"image\":{\"@id\":\"https:\/\/www.tcuentaslp.gob.ar\/#\/schema\/logo\/image\/\"},\"sameAs\":[\"https:\/\/es-la.facebook.com\/TdeCLaPampa\/\"]},{\"@type\":\"Person\",\"@id\":\"https:\/\/www.tcuentaslp.gob.ar\/#\/schema\/person\/68a3a6277a719a33d6694fcf820f5a21\",\"name\":\"tribumanager\"}]}<\/script>\n<!-- \/ Yoast SEO plugin. -->","yoast_head_json":{"title":"Aislamiento social preventivo y obligatorio: tareas desarrolladas por el Tribunal de Cuentas. -","robots":{"index":"index","follow":"follow","max-snippet":"max-snippet:-1","max-image-preview":"max-image-preview:large","max-video-preview":"max-video-preview:-1"},"canonical":"https:\/\/www.tcuentaslp.gob.ar\/?p=3651","og_locale":"es_ES","og_type":"article","og_title":"Aislamiento social preventivo y obligatorio: tareas desarrolladas por el Tribunal de Cuentas. -","og_description":"El Tribunal de Cuentas, bajo medidas de seguridad sanitaria establecidas conjuntamente con la Direcci\u00f3n de Epidemiolog\u00eda de La Pampa, continu\u00f3 ... Leer m\u00e1s...","og_url":"https:\/\/www.tcuentaslp.gob.ar\/?p=3651","article_publisher":"https:\/\/es-la.facebook.com\/TdeCLaPampa\/","article_published_time":"2020-05-20T22:48:04+00:00","article_modified_time":"2020-05-20T22:48:05+00:00","og_image":[{"width":1000,"height":563,"url":"https:\/\/www.tcuentaslp.gob.ar\/wp-content\/uploads\/2020\/05\/Contraloria-Fiscal-scaled-e1590014845651.jpg","type":"image\/jpeg"}],"author":"tribumanager","twitter_card":"summary_large_image","twitter_misc":{"Escrito por":"tribumanager","Tiempo de lectura":"2 minutos"},"schema":{"@context":"https:\/\/schema.org","@graph":[{"@type":"Article","@id":"https:\/\/www.tcuentaslp.gob.ar\/?p=3651#article","isPartOf":{"@id":"https:\/\/www.tcuentaslp.gob.ar\/?p=3651"},"author":{"name":"tribumanager","@id":"https:\/\/www.tcuentaslp.gob.ar\/#\/schema\/person\/68a3a6277a719a33d6694fcf820f5a21"},"headline":"Aislamiento social preventivo y obligatorio: tareas desarrolladas por el Tribunal de Cuentas.","datePublished":"2020-05-20T22:48:04+00:00","dateModified":"2020-05-20T22:48:05+00:00","mainEntityOfPage":{"@id":"https:\/\/www.tcuentaslp.gob.ar\/?p=3651"},"wordCount":497,"publisher":{"@id":"https:\/\/www.tcuentaslp.gob.ar\/#organization"},"articleSection":["Noticias"],"inLanguage":"es-AR"},{"@type":"WebPage","@id":"https:\/\/www.tcuentaslp.gob.ar\/?p=3651","url":"https:\/\/www.tcuentaslp.gob.ar\/?p=3651","name":"Aislamiento social preventivo y obligatorio: tareas desarrolladas por el Tribunal de Cuentas. -","isPartOf":{"@id":"https:\/\/www.tcuentaslp.gob.ar\/#website"},"datePublished":"2020-05-20T22:48:04+00:00","dateModified":"2020-05-20T22:48:05+00:00","breadcrumb":{"@id":"https:\/\/www.tcuentaslp.gob.ar\/?p=3651#breadcrumb"},"inLanguage":"es-AR","potentialAction":[{"@type":"ReadAction","target":["https:\/\/www.tcuentaslp.gob.ar\/?p=3651"]}]},{"@type":"BreadcrumbList","@id":"https:\/\/www.tcuentaslp.gob.ar\/?p=3651#breadcrumb","itemListElement":[{"@type":"ListItem","position":1,"name":"Inicio","item":"https:\/\/www.tcuentaslp.gob.ar\/"},{"@type":"ListItem","position":2,"name":"Aislamiento social preventivo y obligatorio: tareas desarrolladas por el Tribunal de Cuentas."}]},{"@type":"WebSite","@id":"https:\/\/www.tcuentaslp.gob.ar\/#website","url":"https:\/\/www.tcuentaslp.gob.ar\/","name":"Tribunal de Cuentas de La Pampa","description":"","publisher":{"@id":"https:\/\/www.tcuentaslp.gob.ar\/#organization"},"potentialAction":[{"@type":"SearchAction","target":{"@type":"EntryPoint","urlTemplate":"https:\/\/www.tcuentaslp.gob.ar\/?s={search_term_string}"},"query-input":"required name=search_term_string"}],"inLanguage":"es-AR"},{"@type":"Organization","@id":"https:\/\/www.tcuentaslp.gob.ar\/#organization","name":"Tribunal de Cuentas de La Pampa","url":"https:\/\/www.tcuentaslp.gob.ar\/","logo":{"@type":"ImageObject","inLanguage":"es-AR","@id":"https:\/\/www.tcuentaslp.gob.ar\/#\/schema\/logo\/image\/","url":"http:\/\/www.tcuentaslp.gob.ar\/wp-content\/uploads\/2017\/10\/logo_tribunal.png","contentUrl":"http:\/\/www.tcuentaslp.gob.ar\/wp-content\/uploads\/2017\/10\/logo_tribunal.png","width":200,"height":204,"caption":"Tribunal de Cuentas de La Pampa"},"image":{"@id":"https:\/\/www.tcuentaslp.gob.ar\/#\/schema\/logo\/image\/"},"sameAs":["https:\/\/es-la.facebook.com\/TdeCLaPampa\/"]},{"@type":"Person","@id":"https:\/\/www.tcuentaslp.gob.ar\/#\/schema\/person\/68a3a6277a719a33d6694fcf820f5a21","name":"tribumanager"}]}},"_links":{"self":[{"href":"https:\/\/www.tcuentaslp.gob.ar\/index.php?rest_route=\/wp\/v2\/posts\/3651"}],"collection":[{"href":"https:\/\/www.tcuentaslp.gob.ar\/index.php?rest_route=\/wp\/v2\/posts"}],"about":[{"href":"https:\/\/www.tcuentaslp.gob.ar\/index.php?rest_route=\/wp\/v2\/types\/post"}],"author":[{"embeddable":true,"href":"https:\/\/www.tcuentaslp.gob.ar\/index.php?rest_route=\/wp\/v2\/users\/1"}],"replies":[{"embeddable":true,"href":"https:\/\/www.tcuentaslp.gob.ar\/index.php?rest_route=%2Fwp%2Fv2%2Fcomments&post=3651"}],"version-history":[{"count":1,"href":"https:\/\/www.tcuentaslp.gob.ar\/index.php?rest_route=\/wp\/v2\/posts\/3651\/revisions"}],"predecessor-version":[{"id":3653,"href":"https:\/\/www.tcuentaslp.gob.ar\/index.php?rest_route=\/wp\/v2\/posts\/3651\/revisions\/3653"}],"wp:featuredmedia":[{"embeddable":true,"href":"https:\/\/www.tcuentaslp.gob.ar\/index.php?rest_route=\/wp\/v2\/media\/3652"}],"wp:attachment":[{"href":"https:\/\/www.tcuentaslp.gob.ar\/index.php?rest_route=%2Fwp%2Fv2%2Fmedia&parent=3651"}],"wp:term":[{"taxonomy":"category","embeddable":true,"href":"https:\/\/www.tcuentaslp.gob.ar\/index.php?rest_route=%2Fwp%2Fv2%2Fcategories&post=3651"},{"taxonomy":"post_tag","embeddable":true,"href":"https:\/\/www.tcuentaslp.gob.ar\/index.php?rest_route=%2Fwp%2Fv2%2Ftags&post=3651"}],"curies":[{"name":"wp","href":"https:\/\/api.w.org\/{rel}","templated":true}]}}