{"id":3675,"date":"2020-07-28T10:12:24","date_gmt":"2020-07-28T13:12:24","guid":{"rendered":"http:\/\/www.tcuentaslp.gob.ar\/?p=3675"},"modified":"2020-07-28T10:12:26","modified_gmt":"2020-07-28T13:12:26","slug":"reunion-virtual-de-los-tribunales-de-cuentas-con-la-dra-carla-vizzotti","status":"publish","type":"post","link":"https:\/\/www.tcuentaslp.gob.ar\/?p=3675","title":{"rendered":"Reuni\u00f3n virtual de los Tribunales de Cuentas con la Dra. Carla Vizzotti"},"content":{"rendered":"\n<p>El d\u00eda 23 de Julio,&nbsp; todos los Tribunales de Cuentas del pa\u00eds mantuvieron una reuni\u00f3n virtual con la m\u00e9dica infect\u00f3loga especializada en enfermedades inmunoprevenibles y a cargo de la Secretar\u00eda de Acceso a la Salud del Ministerio de Salud de la Naci\u00f3n Dra.&nbsp; Carla Vizzotti.&nbsp; En el encuentro la funcionaria brind\u00f3 datos relativos a la pandemia Covid 19, destacando que a la fecha un alto porcentaje de infectados se recupera, no obstante lo cual el virus necesita de nosotros&nbsp; para poder instalarse y avanza hacia un tiempo en que gran parte de la poblaci\u00f3n habr\u00e1 de infectarse en alg\u00fan momento.&nbsp; Adem\u00e1s de recordar las medidas adoptadas para preparar el sistema sanitario, resalt\u00f3 la importancia de que los contagios se dilataran en el tiempo para evitar su colapso, encontr\u00e1ndose en estudio avanzado el tratamiento con plasma artificial con caballos, los que se encuentran ya en instancia de aprobaci\u00f3n del ANMAT.&nbsp; En este sentido, lo sucedido en Europa sirvi\u00f3 para diagramar cierres de actividades, ya que a\u00fan no disponemos de vacuna (tal como s\u00ed ocurre con la gripe respecto de la que cu\u00e1l existe&nbsp; y se sabe como abordarla epidemiol\u00f3gicamente). En cuanto los testeos, explic\u00f3 que&nbsp; se est\u00e1n haciendo en funci\u00f3n de la situaci\u00f3n epidemiol\u00f3gica pero tambi\u00e9n&nbsp; de la capacidad para procesar las muestras. El objetivo de ninguna manera es que no haya casos sino que los mismos&nbsp; se detecten precozmente para poder atenderlos, raz\u00f3n por la que resulta indispensable dar aviso sobre&nbsp; los s\u00edntomas que el virus provoca.&nbsp; El Estado Nacional ha requerido&nbsp; que la vacuna se pruebe en el pa\u00eds&nbsp; por varios fundamentos que incluyen&nbsp; el n\u00famero de contagios y la confiabilidad que la poblaci\u00f3n argentina culturalmente posee respecto de la vacunaci\u00f3n El indicador principal es la morbilidad. Los h\u00e1bitos de prevenci\u00f3n e higiene&nbsp; llegaron para quedarse (airear ambientes, usar tapabocas, respetar los dos metros distancia, estornudar en el pliegue del codo y lavarse las manos, entre otros) pues el virus continuar\u00e1 circulando.<\/p>\n","protected":false},"excerpt":{"rendered":"<p>El d\u00eda 23 de Julio,&nbsp; todos los Tribunales de Cuentas del pa\u00eds mantuvieron una reuni\u00f3n virtual con la m\u00e9dica infect\u00f3loga &#8230; <a title=\"Reuni\u00f3n virtual de los Tribunales de Cuentas con la Dra. Carla Vizzotti\" class=\"read-more\" href=\"https:\/\/www.tcuentaslp.gob.ar\/?p=3675\">Leer m\u00e1s&#8230;<\/a><\/p>\n","protected":false},"author":1,"featured_media":3676,"comment_status":"closed","ping_status":"closed","sticky":false,"template":"","format":"standard","meta":{"generate_page_header":""},"categories":[5],"tags":[],"yoast_head":"<!-- This site is optimized with the Yoast SEO plugin v20.12 - https:\/\/yoast.com\/wordpress\/plugins\/seo\/ -->\n<title>Reuni\u00f3n virtual de los Tribunales de Cuentas con la Dra. Carla Vizzotti -<\/title>\n<meta name=\"robots\" content=\"index, follow, max-snippet:-1, max-image-preview:large, max-video-preview:-1\" \/>\n<link rel=\"canonical\" href=\"https:\/\/www.tcuentaslp.gob.ar\/?p=3675\" \/>\n<meta property=\"og:locale\" content=\"es_ES\" \/>\n<meta property=\"og:type\" content=\"article\" \/>\n<meta property=\"og:title\" content=\"Reuni\u00f3n virtual de los Tribunales de Cuentas con la Dra. Carla Vizzotti -\" \/>\n<meta property=\"og:description\" content=\"El d\u00eda 23 de Julio,&nbsp; todos los Tribunales de Cuentas del pa\u00eds mantuvieron una reuni\u00f3n virtual con la m\u00e9dica infect\u00f3loga ... Leer m\u00e1s...\" \/>\n<meta property=\"og:url\" content=\"https:\/\/www.tcuentaslp.gob.ar\/?p=3675\" \/>\n<meta property=\"article:publisher\" content=\"https:\/\/es-la.facebook.com\/TdeCLaPampa\/\" \/>\n<meta property=\"article:published_time\" content=\"2020-07-28T13:12:24+00:00\" \/>\n<meta property=\"article:modified_time\" content=\"2020-07-28T13:12:26+00:00\" \/>\n<meta property=\"og:image\" content=\"https:\/\/www.tcuentaslp.gob.ar\/wp-content\/uploads\/2020\/07\/IMG-20200723-WA0011.jpg\" \/>\n\t<meta property=\"og:image:width\" content=\"833\" \/>\n\t<meta property=\"og:image:height\" content=\"518\" \/>\n\t<meta property=\"og:image:type\" content=\"image\/jpeg\" \/>\n<meta name=\"author\" content=\"tribumanager\" \/>\n<meta name=\"twitter:card\" content=\"summary_large_image\" \/>\n<meta name=\"twitter:label1\" content=\"Escrito por\" \/>\n\t<meta name=\"twitter:data1\" content=\"tribumanager\" \/>\n\t<meta name=\"twitter:label2\" content=\"Tiempo de lectura\" \/>\n\t<meta name=\"twitter:data2\" content=\"2 minutos\" \/>\n<script type=\"application\/ld+json\" class=\"yoast-schema-graph\">{\"@context\":\"https:\/\/schema.org\",\"@graph\":[{\"@type\":\"Article\",\"@id\":\"https:\/\/www.tcuentaslp.gob.ar\/?p=3675#article\",\"isPartOf\":{\"@id\":\"https:\/\/www.tcuentaslp.gob.ar\/?p=3675\"},\"author\":{\"name\":\"tribumanager\",\"@id\":\"https:\/\/www.tcuentaslp.gob.ar\/#\/schema\/person\/68a3a6277a719a33d6694fcf820f5a21\"},\"headline\":\"Reuni\u00f3n virtual de los Tribunales de Cuentas con la Dra. Carla Vizzotti\",\"datePublished\":\"2020-07-28T13:12:24+00:00\",\"dateModified\":\"2020-07-28T13:12:26+00:00\",\"mainEntityOfPage\":{\"@id\":\"https:\/\/www.tcuentaslp.gob.ar\/?p=3675\"},\"wordCount\":378,\"publisher\":{\"@id\":\"https:\/\/www.tcuentaslp.gob.ar\/#organization\"},\"articleSection\":[\"Noticias\"],\"inLanguage\":\"es-AR\"},{\"@type\":\"WebPage\",\"@id\":\"https:\/\/www.tcuentaslp.gob.ar\/?p=3675\",\"url\":\"https:\/\/www.tcuentaslp.gob.ar\/?p=3675\",\"name\":\"Reuni\u00f3n virtual de los Tribunales de Cuentas con la Dra. Carla Vizzotti -\",\"isPartOf\":{\"@id\":\"https:\/\/www.tcuentaslp.gob.ar\/#website\"},\"datePublished\":\"2020-07-28T13:12:24+00:00\",\"dateModified\":\"2020-07-28T13:12:26+00:00\",\"breadcrumb\":{\"@id\":\"https:\/\/www.tcuentaslp.gob.ar\/?p=3675#breadcrumb\"},\"inLanguage\":\"es-AR\",\"potentialAction\":[{\"@type\":\"ReadAction\",\"target\":[\"https:\/\/www.tcuentaslp.gob.ar\/?p=3675\"]}]},{\"@type\":\"BreadcrumbList\",\"@id\":\"https:\/\/www.tcuentaslp.gob.ar\/?p=3675#breadcrumb\",\"itemListElement\":[{\"@type\":\"ListItem\",\"position\":1,\"name\":\"Inicio\",\"item\":\"https:\/\/www.tcuentaslp.gob.ar\/\"},{\"@type\":\"ListItem\",\"position\":2,\"name\":\"Reuni\u00f3n virtual de los Tribunales de Cuentas con la Dra. Carla Vizzotti\"}]},{\"@type\":\"WebSite\",\"@id\":\"https:\/\/www.tcuentaslp.gob.ar\/#website\",\"url\":\"https:\/\/www.tcuentaslp.gob.ar\/\",\"name\":\"Tribunal de Cuentas de La Pampa\",\"description\":\"\",\"publisher\":{\"@id\":\"https:\/\/www.tcuentaslp.gob.ar\/#organization\"},\"potentialAction\":[{\"@type\":\"SearchAction\",\"target\":{\"@type\":\"EntryPoint\",\"urlTemplate\":\"https:\/\/www.tcuentaslp.gob.ar\/?s={search_term_string}\"},\"query-input\":\"required name=search_term_string\"}],\"inLanguage\":\"es-AR\"},{\"@type\":\"Organization\",\"@id\":\"https:\/\/www.tcuentaslp.gob.ar\/#organization\",\"name\":\"Tribunal de Cuentas de La Pampa\",\"url\":\"https:\/\/www.tcuentaslp.gob.ar\/\",\"logo\":{\"@type\":\"ImageObject\",\"inLanguage\":\"es-AR\",\"@id\":\"https:\/\/www.tcuentaslp.gob.ar\/#\/schema\/logo\/image\/\",\"url\":\"http:\/\/www.tcuentaslp.gob.ar\/wp-content\/uploads\/2017\/10\/logo_tribunal.png\",\"contentUrl\":\"http:\/\/www.tcuentaslp.gob.ar\/wp-content\/uploads\/2017\/10\/logo_tribunal.png\",\"width\":200,\"height\":204,\"caption\":\"Tribunal de Cuentas de La Pampa\"},\"image\":{\"@id\":\"https:\/\/www.tcuentaslp.gob.ar\/#\/schema\/logo\/image\/\"},\"sameAs\":[\"https:\/\/es-la.facebook.com\/TdeCLaPampa\/\"]},{\"@type\":\"Person\",\"@id\":\"https:\/\/www.tcuentaslp.gob.ar\/#\/schema\/person\/68a3a6277a719a33d6694fcf820f5a21\",\"name\":\"tribumanager\"}]}<\/script>\n<!-- \/ Yoast SEO plugin. -->","yoast_head_json":{"title":"Reuni\u00f3n virtual de los Tribunales de Cuentas con la Dra. Carla Vizzotti -","robots":{"index":"index","follow":"follow","max-snippet":"max-snippet:-1","max-image-preview":"max-image-preview:large","max-video-preview":"max-video-preview:-1"},"canonical":"https:\/\/www.tcuentaslp.gob.ar\/?p=3675","og_locale":"es_ES","og_type":"article","og_title":"Reuni\u00f3n virtual de los Tribunales de Cuentas con la Dra. Carla Vizzotti -","og_description":"El d\u00eda 23 de Julio,&nbsp; todos los Tribunales de Cuentas del pa\u00eds mantuvieron una reuni\u00f3n virtual con la m\u00e9dica infect\u00f3loga ... Leer m\u00e1s...","og_url":"https:\/\/www.tcuentaslp.gob.ar\/?p=3675","article_publisher":"https:\/\/es-la.facebook.com\/TdeCLaPampa\/","article_published_time":"2020-07-28T13:12:24+00:00","article_modified_time":"2020-07-28T13:12:26+00:00","og_image":[{"width":833,"height":518,"url":"https:\/\/www.tcuentaslp.gob.ar\/wp-content\/uploads\/2020\/07\/IMG-20200723-WA0011.jpg","type":"image\/jpeg"}],"author":"tribumanager","twitter_card":"summary_large_image","twitter_misc":{"Escrito por":"tribumanager","Tiempo de lectura":"2 minutos"},"schema":{"@context":"https:\/\/schema.org","@graph":[{"@type":"Article","@id":"https:\/\/www.tcuentaslp.gob.ar\/?p=3675#article","isPartOf":{"@id":"https:\/\/www.tcuentaslp.gob.ar\/?p=3675"},"author":{"name":"tribumanager","@id":"https:\/\/www.tcuentaslp.gob.ar\/#\/schema\/person\/68a3a6277a719a33d6694fcf820f5a21"},"headline":"Reuni\u00f3n virtual de los Tribunales de Cuentas con la Dra. Carla Vizzotti","datePublished":"2020-07-28T13:12:24+00:00","dateModified":"2020-07-28T13:12:26+00:00","mainEntityOfPage":{"@id":"https:\/\/www.tcuentaslp.gob.ar\/?p=3675"},"wordCount":378,"publisher":{"@id":"https:\/\/www.tcuentaslp.gob.ar\/#organization"},"articleSection":["Noticias"],"inLanguage":"es-AR"},{"@type":"WebPage","@id":"https:\/\/www.tcuentaslp.gob.ar\/?p=3675","url":"https:\/\/www.tcuentaslp.gob.ar\/?p=3675","name":"Reuni\u00f3n virtual de los Tribunales de Cuentas con la Dra. Carla Vizzotti -","isPartOf":{"@id":"https:\/\/www.tcuentaslp.gob.ar\/#website"},"datePublished":"2020-07-28T13:12:24+00:00","dateModified":"2020-07-28T13:12:26+00:00","breadcrumb":{"@id":"https:\/\/www.tcuentaslp.gob.ar\/?p=3675#breadcrumb"},"inLanguage":"es-AR","potentialAction":[{"@type":"ReadAction","target":["https:\/\/www.tcuentaslp.gob.ar\/?p=3675"]}]},{"@type":"BreadcrumbList","@id":"https:\/\/www.tcuentaslp.gob.ar\/?p=3675#breadcrumb","itemListElement":[{"@type":"ListItem","position":1,"name":"Inicio","item":"https:\/\/www.tcuentaslp.gob.ar\/"},{"@type":"ListItem","position":2,"name":"Reuni\u00f3n virtual de los Tribunales de Cuentas con la Dra. Carla Vizzotti"}]},{"@type":"WebSite","@id":"https:\/\/www.tcuentaslp.gob.ar\/#website","url":"https:\/\/www.tcuentaslp.gob.ar\/","name":"Tribunal de Cuentas de La Pampa","description":"","publisher":{"@id":"https:\/\/www.tcuentaslp.gob.ar\/#organization"},"potentialAction":[{"@type":"SearchAction","target":{"@type":"EntryPoint","urlTemplate":"https:\/\/www.tcuentaslp.gob.ar\/?s={search_term_string}"},"query-input":"required name=search_term_string"}],"inLanguage":"es-AR"},{"@type":"Organization","@id":"https:\/\/www.tcuentaslp.gob.ar\/#organization","name":"Tribunal de Cuentas de La Pampa","url":"https:\/\/www.tcuentaslp.gob.ar\/","logo":{"@type":"ImageObject","inLanguage":"es-AR","@id":"https:\/\/www.tcuentaslp.gob.ar\/#\/schema\/logo\/image\/","url":"http:\/\/www.tcuentaslp.gob.ar\/wp-content\/uploads\/2017\/10\/logo_tribunal.png","contentUrl":"http:\/\/www.tcuentaslp.gob.ar\/wp-content\/uploads\/2017\/10\/logo_tribunal.png","width":200,"height":204,"caption":"Tribunal de Cuentas de La Pampa"},"image":{"@id":"https:\/\/www.tcuentaslp.gob.ar\/#\/schema\/logo\/image\/"},"sameAs":["https:\/\/es-la.facebook.com\/TdeCLaPampa\/"]},{"@type":"Person","@id":"https:\/\/www.tcuentaslp.gob.ar\/#\/schema\/person\/68a3a6277a719a33d6694fcf820f5a21","name":"tribumanager"}]}},"_links":{"self":[{"href":"https:\/\/www.tcuentaslp.gob.ar\/index.php?rest_route=\/wp\/v2\/posts\/3675"}],"collection":[{"href":"https:\/\/www.tcuentaslp.gob.ar\/index.php?rest_route=\/wp\/v2\/posts"}],"about":[{"href":"https:\/\/www.tcuentaslp.gob.ar\/index.php?rest_route=\/wp\/v2\/types\/post"}],"author":[{"embeddable":true,"href":"https:\/\/www.tcuentaslp.gob.ar\/index.php?rest_route=\/wp\/v2\/users\/1"}],"replies":[{"embeddable":true,"href":"https:\/\/www.tcuentaslp.gob.ar\/index.php?rest_route=%2Fwp%2Fv2%2Fcomments&post=3675"}],"version-history":[{"count":1,"href":"https:\/\/www.tcuentaslp.gob.ar\/index.php?rest_route=\/wp\/v2\/posts\/3675\/revisions"}],"predecessor-version":[{"id":3677,"href":"https:\/\/www.tcuentaslp.gob.ar\/index.php?rest_route=\/wp\/v2\/posts\/3675\/revisions\/3677"}],"wp:featuredmedia":[{"embeddable":true,"href":"https:\/\/www.tcuentaslp.gob.ar\/index.php?rest_route=\/wp\/v2\/media\/3676"}],"wp:attachment":[{"href":"https:\/\/www.tcuentaslp.gob.ar\/index.php?rest_route=%2Fwp%2Fv2%2Fmedia&parent=3675"}],"wp:term":[{"taxonomy":"category","embeddable":true,"href":"https:\/\/www.tcuentaslp.gob.ar\/index.php?rest_route=%2Fwp%2Fv2%2Fcategories&post=3675"},{"taxonomy":"post_tag","embeddable":true,"href":"https:\/\/www.tcuentaslp.gob.ar\/index.php?rest_route=%2Fwp%2Fv2%2Ftags&post=3675"}],"curies":[{"name":"wp","href":"https:\/\/api.w.org\/{rel}","templated":true}]}}