{"id":3734,"date":"2020-09-29T22:35:04","date_gmt":"2020-09-30T01:35:04","guid":{"rendered":"http:\/\/www.tcuentaslp.gob.ar\/?p=3734"},"modified":"2020-10-22T08:24:24","modified_gmt":"2020-10-22T11:24:24","slug":"miercoles-30-10-tribunal-de-cuentas-cerrado-importante","status":"publish","type":"post","link":"https:\/\/www.tcuentaslp.gob.ar\/?p=3734","title":{"rendered":"MIERCOLES 30\/09 TRIBUNAL DE CUENTAS CERRADO"},"content":{"rendered":"\n<p><span class=\"has-inline-color has-vivid-red-color\"><strong>El mi\u00e9rcoles 30 de septiembre el TRIBUNAL de CUENTAS permanecer\u00e1 CERRADO para la atenci\u00f3n al p\u00fablico y sin asistencia de personal, realiz\u00e1ndose en el mismo tareas de desinfecci\u00f3n general de las instalaciones en el marco de las medidas preventivas contra el Covid 19.<\/strong><\/span><\/p>\n","protected":false},"excerpt":{"rendered":"<p>El mi\u00e9rcoles 30 de septiembre el TRIBUNAL de CUENTAS permanecer\u00e1 CERRADO para la atenci\u00f3n al p\u00fablico y sin asistencia de &#8230; <a title=\"MIERCOLES 30\/09 TRIBUNAL DE CUENTAS CERRADO\" class=\"read-more\" href=\"https:\/\/www.tcuentaslp.gob.ar\/?p=3734\">Leer m\u00e1s&#8230;<\/a><\/p>\n","protected":false},"author":1,"featured_media":0,"comment_status":"closed","ping_status":"closed","sticky":false,"template":"","format":"standard","meta":{"generate_page_header":""},"categories":[5],"tags":[],"yoast_head":"<!-- This site is optimized with the Yoast SEO plugin v20.12 - https:\/\/yoast.com\/wordpress\/plugins\/seo\/ -->\n<title>MIERCOLES 30\/09 TRIBUNAL DE CUENTAS CERRADO -<\/title>\n<meta name=\"robots\" content=\"index, follow, max-snippet:-1, max-image-preview:large, max-video-preview:-1\" \/>\n<link rel=\"canonical\" href=\"https:\/\/www.tcuentaslp.gob.ar\/?p=3734\" \/>\n<meta property=\"og:locale\" content=\"es_ES\" \/>\n<meta property=\"og:type\" content=\"article\" \/>\n<meta property=\"og:title\" content=\"MIERCOLES 30\/09 TRIBUNAL DE CUENTAS CERRADO -\" \/>\n<meta property=\"og:description\" content=\"El mi\u00e9rcoles 30 de septiembre el TRIBUNAL de CUENTAS permanecer\u00e1 CERRADO para la atenci\u00f3n al p\u00fablico y sin asistencia de ... Leer m\u00e1s...\" \/>\n<meta property=\"og:url\" content=\"https:\/\/www.tcuentaslp.gob.ar\/?p=3734\" \/>\n<meta property=\"article:publisher\" content=\"https:\/\/es-la.facebook.com\/TdeCLaPampa\/\" \/>\n<meta property=\"article:published_time\" content=\"2020-09-30T01:35:04+00:00\" \/>\n<meta property=\"article:modified_time\" content=\"2020-10-22T11:24:24+00:00\" \/>\n<meta name=\"author\" content=\"tribumanager\" \/>\n<meta name=\"twitter:card\" content=\"summary_large_image\" \/>\n<meta name=\"twitter:label1\" content=\"Escrito por\" \/>\n\t<meta name=\"twitter:data1\" content=\"tribumanager\" \/>\n<script type=\"application\/ld+json\" class=\"yoast-schema-graph\">{\"@context\":\"https:\/\/schema.org\",\"@graph\":[{\"@type\":\"Article\",\"@id\":\"https:\/\/www.tcuentaslp.gob.ar\/?p=3734#article\",\"isPartOf\":{\"@id\":\"https:\/\/www.tcuentaslp.gob.ar\/?p=3734\"},\"author\":{\"name\":\"tribumanager\",\"@id\":\"https:\/\/www.tcuentaslp.gob.ar\/#\/schema\/person\/68a3a6277a719a33d6694fcf820f5a21\"},\"headline\":\"MIERCOLES 30\/09 TRIBUNAL DE CUENTAS CERRADO\",\"datePublished\":\"2020-09-30T01:35:04+00:00\",\"dateModified\":\"2020-10-22T11:24:24+00:00\",\"mainEntityOfPage\":{\"@id\":\"https:\/\/www.tcuentaslp.gob.ar\/?p=3734\"},\"wordCount\":51,\"publisher\":{\"@id\":\"https:\/\/www.tcuentaslp.gob.ar\/#organization\"},\"articleSection\":[\"Noticias\"],\"inLanguage\":\"es-AR\"},{\"@type\":\"WebPage\",\"@id\":\"https:\/\/www.tcuentaslp.gob.ar\/?p=3734\",\"url\":\"https:\/\/www.tcuentaslp.gob.ar\/?p=3734\",\"name\":\"MIERCOLES 30\/09 TRIBUNAL DE CUENTAS CERRADO -\",\"isPartOf\":{\"@id\":\"https:\/\/www.tcuentaslp.gob.ar\/#website\"},\"datePublished\":\"2020-09-30T01:35:04+00:00\",\"dateModified\":\"2020-10-22T11:24:24+00:00\",\"breadcrumb\":{\"@id\":\"https:\/\/www.tcuentaslp.gob.ar\/?p=3734#breadcrumb\"},\"inLanguage\":\"es-AR\",\"potentialAction\":[{\"@type\":\"ReadAction\",\"target\":[\"https:\/\/www.tcuentaslp.gob.ar\/?p=3734\"]}]},{\"@type\":\"BreadcrumbList\",\"@id\":\"https:\/\/www.tcuentaslp.gob.ar\/?p=3734#breadcrumb\",\"itemListElement\":[{\"@type\":\"ListItem\",\"position\":1,\"name\":\"Inicio\",\"item\":\"https:\/\/www.tcuentaslp.gob.ar\/\"},{\"@type\":\"ListItem\",\"position\":2,\"name\":\"MIERCOLES 30\/09 TRIBUNAL DE CUENTAS CERRADO\"}]},{\"@type\":\"WebSite\",\"@id\":\"https:\/\/www.tcuentaslp.gob.ar\/#website\",\"url\":\"https:\/\/www.tcuentaslp.gob.ar\/\",\"name\":\"Tribunal de Cuentas de La Pampa\",\"description\":\"\",\"publisher\":{\"@id\":\"https:\/\/www.tcuentaslp.gob.ar\/#organization\"},\"potentialAction\":[{\"@type\":\"SearchAction\",\"target\":{\"@type\":\"EntryPoint\",\"urlTemplate\":\"https:\/\/www.tcuentaslp.gob.ar\/?s={search_term_string}\"},\"query-input\":\"required name=search_term_string\"}],\"inLanguage\":\"es-AR\"},{\"@type\":\"Organization\",\"@id\":\"https:\/\/www.tcuentaslp.gob.ar\/#organization\",\"name\":\"Tribunal de Cuentas de La Pampa\",\"url\":\"https:\/\/www.tcuentaslp.gob.ar\/\",\"logo\":{\"@type\":\"ImageObject\",\"inLanguage\":\"es-AR\",\"@id\":\"https:\/\/www.tcuentaslp.gob.ar\/#\/schema\/logo\/image\/\",\"url\":\"http:\/\/www.tcuentaslp.gob.ar\/wp-content\/uploads\/2017\/10\/logo_tribunal.png\",\"contentUrl\":\"http:\/\/www.tcuentaslp.gob.ar\/wp-content\/uploads\/2017\/10\/logo_tribunal.png\",\"width\":200,\"height\":204,\"caption\":\"Tribunal de Cuentas de La Pampa\"},\"image\":{\"@id\":\"https:\/\/www.tcuentaslp.gob.ar\/#\/schema\/logo\/image\/\"},\"sameAs\":[\"https:\/\/es-la.facebook.com\/TdeCLaPampa\/\"]},{\"@type\":\"Person\",\"@id\":\"https:\/\/www.tcuentaslp.gob.ar\/#\/schema\/person\/68a3a6277a719a33d6694fcf820f5a21\",\"name\":\"tribumanager\"}]}<\/script>\n<!-- \/ Yoast SEO plugin. -->","yoast_head_json":{"title":"MIERCOLES 30\/09 TRIBUNAL DE CUENTAS CERRADO -","robots":{"index":"index","follow":"follow","max-snippet":"max-snippet:-1","max-image-preview":"max-image-preview:large","max-video-preview":"max-video-preview:-1"},"canonical":"https:\/\/www.tcuentaslp.gob.ar\/?p=3734","og_locale":"es_ES","og_type":"article","og_title":"MIERCOLES 30\/09 TRIBUNAL DE CUENTAS CERRADO -","og_description":"El mi\u00e9rcoles 30 de septiembre el TRIBUNAL de CUENTAS permanecer\u00e1 CERRADO para la atenci\u00f3n al p\u00fablico y sin asistencia de ... Leer m\u00e1s...","og_url":"https:\/\/www.tcuentaslp.gob.ar\/?p=3734","article_publisher":"https:\/\/es-la.facebook.com\/TdeCLaPampa\/","article_published_time":"2020-09-30T01:35:04+00:00","article_modified_time":"2020-10-22T11:24:24+00:00","author":"tribumanager","twitter_card":"summary_large_image","twitter_misc":{"Escrito por":"tribumanager"},"schema":{"@context":"https:\/\/schema.org","@graph":[{"@type":"Article","@id":"https:\/\/www.tcuentaslp.gob.ar\/?p=3734#article","isPartOf":{"@id":"https:\/\/www.tcuentaslp.gob.ar\/?p=3734"},"author":{"name":"tribumanager","@id":"https:\/\/www.tcuentaslp.gob.ar\/#\/schema\/person\/68a3a6277a719a33d6694fcf820f5a21"},"headline":"MIERCOLES 30\/09 TRIBUNAL DE CUENTAS CERRADO","datePublished":"2020-09-30T01:35:04+00:00","dateModified":"2020-10-22T11:24:24+00:00","mainEntityOfPage":{"@id":"https:\/\/www.tcuentaslp.gob.ar\/?p=3734"},"wordCount":51,"publisher":{"@id":"https:\/\/www.tcuentaslp.gob.ar\/#organization"},"articleSection":["Noticias"],"inLanguage":"es-AR"},{"@type":"WebPage","@id":"https:\/\/www.tcuentaslp.gob.ar\/?p=3734","url":"https:\/\/www.tcuentaslp.gob.ar\/?p=3734","name":"MIERCOLES 30\/09 TRIBUNAL DE CUENTAS CERRADO -","isPartOf":{"@id":"https:\/\/www.tcuentaslp.gob.ar\/#website"},"datePublished":"2020-09-30T01:35:04+00:00","dateModified":"2020-10-22T11:24:24+00:00","breadcrumb":{"@id":"https:\/\/www.tcuentaslp.gob.ar\/?p=3734#breadcrumb"},"inLanguage":"es-AR","potentialAction":[{"@type":"ReadAction","target":["https:\/\/www.tcuentaslp.gob.ar\/?p=3734"]}]},{"@type":"BreadcrumbList","@id":"https:\/\/www.tcuentaslp.gob.ar\/?p=3734#breadcrumb","itemListElement":[{"@type":"ListItem","position":1,"name":"Inicio","item":"https:\/\/www.tcuentaslp.gob.ar\/"},{"@type":"ListItem","position":2,"name":"MIERCOLES 30\/09 TRIBUNAL DE CUENTAS CERRADO"}]},{"@type":"WebSite","@id":"https:\/\/www.tcuentaslp.gob.ar\/#website","url":"https:\/\/www.tcuentaslp.gob.ar\/","name":"Tribunal de Cuentas de La Pampa","description":"","publisher":{"@id":"https:\/\/www.tcuentaslp.gob.ar\/#organization"},"potentialAction":[{"@type":"SearchAction","target":{"@type":"EntryPoint","urlTemplate":"https:\/\/www.tcuentaslp.gob.ar\/?s={search_term_string}"},"query-input":"required name=search_term_string"}],"inLanguage":"es-AR"},{"@type":"Organization","@id":"https:\/\/www.tcuentaslp.gob.ar\/#organization","name":"Tribunal de Cuentas de La Pampa","url":"https:\/\/www.tcuentaslp.gob.ar\/","logo":{"@type":"ImageObject","inLanguage":"es-AR","@id":"https:\/\/www.tcuentaslp.gob.ar\/#\/schema\/logo\/image\/","url":"http:\/\/www.tcuentaslp.gob.ar\/wp-content\/uploads\/2017\/10\/logo_tribunal.png","contentUrl":"http:\/\/www.tcuentaslp.gob.ar\/wp-content\/uploads\/2017\/10\/logo_tribunal.png","width":200,"height":204,"caption":"Tribunal de Cuentas de La Pampa"},"image":{"@id":"https:\/\/www.tcuentaslp.gob.ar\/#\/schema\/logo\/image\/"},"sameAs":["https:\/\/es-la.facebook.com\/TdeCLaPampa\/"]},{"@type":"Person","@id":"https:\/\/www.tcuentaslp.gob.ar\/#\/schema\/person\/68a3a6277a719a33d6694fcf820f5a21","name":"tribumanager"}]}},"_links":{"self":[{"href":"https:\/\/www.tcuentaslp.gob.ar\/index.php?rest_route=\/wp\/v2\/posts\/3734"}],"collection":[{"href":"https:\/\/www.tcuentaslp.gob.ar\/index.php?rest_route=\/wp\/v2\/posts"}],"about":[{"href":"https:\/\/www.tcuentaslp.gob.ar\/index.php?rest_route=\/wp\/v2\/types\/post"}],"author":[{"embeddable":true,"href":"https:\/\/www.tcuentaslp.gob.ar\/index.php?rest_route=\/wp\/v2\/users\/1"}],"replies":[{"embeddable":true,"href":"https:\/\/www.tcuentaslp.gob.ar\/index.php?rest_route=%2Fwp%2Fv2%2Fcomments&post=3734"}],"version-history":[{"count":4,"href":"https:\/\/www.tcuentaslp.gob.ar\/index.php?rest_route=\/wp\/v2\/posts\/3734\/revisions"}],"predecessor-version":[{"id":3759,"href":"https:\/\/www.tcuentaslp.gob.ar\/index.php?rest_route=\/wp\/v2\/posts\/3734\/revisions\/3759"}],"wp:attachment":[{"href":"https:\/\/www.tcuentaslp.gob.ar\/index.php?rest_route=%2Fwp%2Fv2%2Fmedia&parent=3734"}],"wp:term":[{"taxonomy":"category","embeddable":true,"href":"https:\/\/www.tcuentaslp.gob.ar\/index.php?rest_route=%2Fwp%2Fv2%2Fcategories&post=3734"},{"taxonomy":"post_tag","embeddable":true,"href":"https:\/\/www.tcuentaslp.gob.ar\/index.php?rest_route=%2Fwp%2Fv2%2Ftags&post=3734"}],"curies":[{"name":"wp","href":"https:\/\/api.w.org\/{rel}","templated":true}]}}