{"id":3836,"date":"2021-02-24T11:55:39","date_gmt":"2021-02-24T14:55:39","guid":{"rendered":"http:\/\/www.tcuentaslp.gob.ar\/?p=3836"},"modified":"2021-03-01T13:18:23","modified_gmt":"2021-03-01T16:18:23","slug":"especializacion-en-administracion-y-control-publico-2","status":"publish","type":"post","link":"https:\/\/www.tcuentaslp.gob.ar\/?p=3836","title":{"rendered":"Especializaci\u00f3n en Administraci\u00f3n y Control P\u00fablico"},"content":{"rendered":"\n<p>El Tribunal de Cuentas invita a todos los interesados, a&nbsp; participar de la Especializaci\u00f3n en Administraci\u00f3n y Control P\u00fablico que dicta la Facultad de Ciencias Econ\u00f3micas y Jur\u00eddicas de la UNLPam.<\/p>\n\n\n\n<p>El \u00f3rgano constitucional de control forma parte de la organizaci\u00f3n y del Comit\u00e9 Acad\u00e9mico de la Especializaci\u00f3n&nbsp; en el marco del Convenio Particular de Cooperaci\u00f3n suscripto oportunamente con dicha Facultad. La especializaci\u00f3n&nbsp; se encuentra acreditada ante CONEAU, lo que importa el reconocimiento de la misma y haber&nbsp; atravesado procesos de evaluaci\u00f3n que garantizan sus est\u00e1ndares de calidad acad\u00e9mica, cuerpo docente y gesti\u00f3n.<\/p>\n\n\n\n<p>La propuesta comenzar\u00e1 de forma virtual, hasta tanto pueda retomarse la presencialidad.<\/p>\n\n\n\n<p>Las pre-inscripci\u00f3n est\u00e1 abierta y puede completarse online, ingresando en <a href=\"http:\/\/www.eco.unlpam.edu.ar\/?page_id=104\" target=\"_blank\" rel=\"noreferrer noopener\">www.eco.unlpam.edu.ar<\/a>, as\u00ed como enviar sus consultas a <strong>investigacionyposgrado@eco.unlpam.edu.ar.<\/strong><\/p>\n","protected":false},"excerpt":{"rendered":"<p>El Tribunal de Cuentas invita a todos los interesados, a&nbsp; participar de la Especializaci\u00f3n en Administraci\u00f3n y Control P\u00fablico que &#8230; <a title=\"Especializaci\u00f3n en Administraci\u00f3n y Control P\u00fablico\" class=\"read-more\" href=\"https:\/\/www.tcuentaslp.gob.ar\/?p=3836\">Leer m\u00e1s&#8230;<\/a><\/p>\n","protected":false},"author":3,"featured_media":3838,"comment_status":"closed","ping_status":"closed","sticky":false,"template":"","format":"standard","meta":{"generate_page_header":""},"categories":[4,5],"tags":[],"yoast_head":"<!-- This site is optimized with the Yoast SEO plugin v20.12 - https:\/\/yoast.com\/wordpress\/plugins\/seo\/ -->\n<title>Especializaci\u00f3n en Administraci\u00f3n y Control P\u00fablico -<\/title>\n<meta name=\"robots\" content=\"index, follow, max-snippet:-1, max-image-preview:large, max-video-preview:-1\" \/>\n<link rel=\"canonical\" href=\"https:\/\/www.tcuentaslp.gob.ar\/?p=3836\" \/>\n<meta property=\"og:locale\" content=\"es_ES\" \/>\n<meta property=\"og:type\" content=\"article\" \/>\n<meta property=\"og:title\" content=\"Especializaci\u00f3n en Administraci\u00f3n y Control P\u00fablico -\" \/>\n<meta property=\"og:description\" content=\"El Tribunal de Cuentas invita a todos los interesados, a&nbsp; participar de la Especializaci\u00f3n en Administraci\u00f3n y Control P\u00fablico que ... Leer m\u00e1s...\" \/>\n<meta property=\"og:url\" content=\"https:\/\/www.tcuentaslp.gob.ar\/?p=3836\" \/>\n<meta property=\"article:publisher\" content=\"https:\/\/es-la.facebook.com\/TdeCLaPampa\/\" \/>\n<meta property=\"article:published_time\" content=\"2021-02-24T14:55:39+00:00\" \/>\n<meta property=\"article:modified_time\" content=\"2021-03-01T16:18:23+00:00\" \/>\n<meta property=\"og:image\" content=\"https:\/\/www.tcuentaslp.gob.ar\/wp-content\/uploads\/2021\/02\/descarga-1-e1614178662679.png\" \/>\n\t<meta property=\"og:image:width\" content=\"560\" \/>\n\t<meta property=\"og:image:height\" content=\"560\" \/>\n\t<meta property=\"og:image:type\" content=\"image\/png\" \/>\n<meta name=\"author\" content=\"M\u00f3nica Mataloni\" \/>\n<meta name=\"twitter:card\" content=\"summary_large_image\" \/>\n<meta name=\"twitter:label1\" content=\"Escrito por\" \/>\n\t<meta name=\"twitter:data1\" content=\"M\u00f3nica Mataloni\" \/>\n\t<meta name=\"twitter:label2\" content=\"Tiempo de lectura\" \/>\n\t<meta name=\"twitter:data2\" content=\"1 minuto\" \/>\n<script type=\"application\/ld+json\" class=\"yoast-schema-graph\">{\"@context\":\"https:\/\/schema.org\",\"@graph\":[{\"@type\":\"Article\",\"@id\":\"https:\/\/www.tcuentaslp.gob.ar\/?p=3836#article\",\"isPartOf\":{\"@id\":\"https:\/\/www.tcuentaslp.gob.ar\/?p=3836\"},\"author\":{\"name\":\"M\u00f3nica Mataloni\",\"@id\":\"https:\/\/www.tcuentaslp.gob.ar\/#\/schema\/person\/08bc1fa2c19b665f792be34107b8c79e\"},\"headline\":\"Especializaci\u00f3n en Administraci\u00f3n y Control P\u00fablico\",\"datePublished\":\"2021-02-24T14:55:39+00:00\",\"dateModified\":\"2021-03-01T16:18:23+00:00\",\"mainEntityOfPage\":{\"@id\":\"https:\/\/www.tcuentaslp.gob.ar\/?p=3836\"},\"wordCount\":159,\"publisher\":{\"@id\":\"https:\/\/www.tcuentaslp.gob.ar\/#organization\"},\"articleSection\":[\"Capacitaciones\",\"Noticias\"],\"inLanguage\":\"es-AR\"},{\"@type\":\"WebPage\",\"@id\":\"https:\/\/www.tcuentaslp.gob.ar\/?p=3836\",\"url\":\"https:\/\/www.tcuentaslp.gob.ar\/?p=3836\",\"name\":\"Especializaci\u00f3n en Administraci\u00f3n y Control P\u00fablico -\",\"isPartOf\":{\"@id\":\"https:\/\/www.tcuentaslp.gob.ar\/#website\"},\"datePublished\":\"2021-02-24T14:55:39+00:00\",\"dateModified\":\"2021-03-01T16:18:23+00:00\",\"breadcrumb\":{\"@id\":\"https:\/\/www.tcuentaslp.gob.ar\/?p=3836#breadcrumb\"},\"inLanguage\":\"es-AR\",\"potentialAction\":[{\"@type\":\"ReadAction\",\"target\":[\"https:\/\/www.tcuentaslp.gob.ar\/?p=3836\"]}]},{\"@type\":\"BreadcrumbList\",\"@id\":\"https:\/\/www.tcuentaslp.gob.ar\/?p=3836#breadcrumb\",\"itemListElement\":[{\"@type\":\"ListItem\",\"position\":1,\"name\":\"Inicio\",\"item\":\"https:\/\/www.tcuentaslp.gob.ar\/\"},{\"@type\":\"ListItem\",\"position\":2,\"name\":\"Especializaci\u00f3n en Administraci\u00f3n y Control P\u00fablico\"}]},{\"@type\":\"WebSite\",\"@id\":\"https:\/\/www.tcuentaslp.gob.ar\/#website\",\"url\":\"https:\/\/www.tcuentaslp.gob.ar\/\",\"name\":\"Tribunal de Cuentas de La Pampa\",\"description\":\"\",\"publisher\":{\"@id\":\"https:\/\/www.tcuentaslp.gob.ar\/#organization\"},\"potentialAction\":[{\"@type\":\"SearchAction\",\"target\":{\"@type\":\"EntryPoint\",\"urlTemplate\":\"https:\/\/www.tcuentaslp.gob.ar\/?s={search_term_string}\"},\"query-input\":\"required name=search_term_string\"}],\"inLanguage\":\"es-AR\"},{\"@type\":\"Organization\",\"@id\":\"https:\/\/www.tcuentaslp.gob.ar\/#organization\",\"name\":\"Tribunal de Cuentas de La Pampa\",\"url\":\"https:\/\/www.tcuentaslp.gob.ar\/\",\"logo\":{\"@type\":\"ImageObject\",\"inLanguage\":\"es-AR\",\"@id\":\"https:\/\/www.tcuentaslp.gob.ar\/#\/schema\/logo\/image\/\",\"url\":\"http:\/\/www.tcuentaslp.gob.ar\/wp-content\/uploads\/2017\/10\/logo_tribunal.png\",\"contentUrl\":\"http:\/\/www.tcuentaslp.gob.ar\/wp-content\/uploads\/2017\/10\/logo_tribunal.png\",\"width\":200,\"height\":204,\"caption\":\"Tribunal de Cuentas de La Pampa\"},\"image\":{\"@id\":\"https:\/\/www.tcuentaslp.gob.ar\/#\/schema\/logo\/image\/\"},\"sameAs\":[\"https:\/\/es-la.facebook.com\/TdeCLaPampa\/\"]},{\"@type\":\"Person\",\"@id\":\"https:\/\/www.tcuentaslp.gob.ar\/#\/schema\/person\/08bc1fa2c19b665f792be34107b8c79e\",\"name\":\"M\u00f3nica Mataloni\"}]}<\/script>\n<!-- \/ Yoast SEO plugin. -->","yoast_head_json":{"title":"Especializaci\u00f3n en Administraci\u00f3n y Control P\u00fablico -","robots":{"index":"index","follow":"follow","max-snippet":"max-snippet:-1","max-image-preview":"max-image-preview:large","max-video-preview":"max-video-preview:-1"},"canonical":"https:\/\/www.tcuentaslp.gob.ar\/?p=3836","og_locale":"es_ES","og_type":"article","og_title":"Especializaci\u00f3n en Administraci\u00f3n y Control P\u00fablico -","og_description":"El Tribunal de Cuentas invita a todos los interesados, a&nbsp; participar de la Especializaci\u00f3n en Administraci\u00f3n y Control P\u00fablico que ... Leer m\u00e1s...","og_url":"https:\/\/www.tcuentaslp.gob.ar\/?p=3836","article_publisher":"https:\/\/es-la.facebook.com\/TdeCLaPampa\/","article_published_time":"2021-02-24T14:55:39+00:00","article_modified_time":"2021-03-01T16:18:23+00:00","og_image":[{"width":560,"height":560,"url":"https:\/\/www.tcuentaslp.gob.ar\/wp-content\/uploads\/2021\/02\/descarga-1-e1614178662679.png","type":"image\/png"}],"author":"M\u00f3nica Mataloni","twitter_card":"summary_large_image","twitter_misc":{"Escrito por":"M\u00f3nica Mataloni","Tiempo de lectura":"1 minuto"},"schema":{"@context":"https:\/\/schema.org","@graph":[{"@type":"Article","@id":"https:\/\/www.tcuentaslp.gob.ar\/?p=3836#article","isPartOf":{"@id":"https:\/\/www.tcuentaslp.gob.ar\/?p=3836"},"author":{"name":"M\u00f3nica Mataloni","@id":"https:\/\/www.tcuentaslp.gob.ar\/#\/schema\/person\/08bc1fa2c19b665f792be34107b8c79e"},"headline":"Especializaci\u00f3n en Administraci\u00f3n y Control P\u00fablico","datePublished":"2021-02-24T14:55:39+00:00","dateModified":"2021-03-01T16:18:23+00:00","mainEntityOfPage":{"@id":"https:\/\/www.tcuentaslp.gob.ar\/?p=3836"},"wordCount":159,"publisher":{"@id":"https:\/\/www.tcuentaslp.gob.ar\/#organization"},"articleSection":["Capacitaciones","Noticias"],"inLanguage":"es-AR"},{"@type":"WebPage","@id":"https:\/\/www.tcuentaslp.gob.ar\/?p=3836","url":"https:\/\/www.tcuentaslp.gob.ar\/?p=3836","name":"Especializaci\u00f3n en Administraci\u00f3n y Control P\u00fablico -","isPartOf":{"@id":"https:\/\/www.tcuentaslp.gob.ar\/#website"},"datePublished":"2021-02-24T14:55:39+00:00","dateModified":"2021-03-01T16:18:23+00:00","breadcrumb":{"@id":"https:\/\/www.tcuentaslp.gob.ar\/?p=3836#breadcrumb"},"inLanguage":"es-AR","potentialAction":[{"@type":"ReadAction","target":["https:\/\/www.tcuentaslp.gob.ar\/?p=3836"]}]},{"@type":"BreadcrumbList","@id":"https:\/\/www.tcuentaslp.gob.ar\/?p=3836#breadcrumb","itemListElement":[{"@type":"ListItem","position":1,"name":"Inicio","item":"https:\/\/www.tcuentaslp.gob.ar\/"},{"@type":"ListItem","position":2,"name":"Especializaci\u00f3n en Administraci\u00f3n y Control P\u00fablico"}]},{"@type":"WebSite","@id":"https:\/\/www.tcuentaslp.gob.ar\/#website","url":"https:\/\/www.tcuentaslp.gob.ar\/","name":"Tribunal de Cuentas de La Pampa","description":"","publisher":{"@id":"https:\/\/www.tcuentaslp.gob.ar\/#organization"},"potentialAction":[{"@type":"SearchAction","target":{"@type":"EntryPoint","urlTemplate":"https:\/\/www.tcuentaslp.gob.ar\/?s={search_term_string}"},"query-input":"required name=search_term_string"}],"inLanguage":"es-AR"},{"@type":"Organization","@id":"https:\/\/www.tcuentaslp.gob.ar\/#organization","name":"Tribunal de Cuentas de La Pampa","url":"https:\/\/www.tcuentaslp.gob.ar\/","logo":{"@type":"ImageObject","inLanguage":"es-AR","@id":"https:\/\/www.tcuentaslp.gob.ar\/#\/schema\/logo\/image\/","url":"http:\/\/www.tcuentaslp.gob.ar\/wp-content\/uploads\/2017\/10\/logo_tribunal.png","contentUrl":"http:\/\/www.tcuentaslp.gob.ar\/wp-content\/uploads\/2017\/10\/logo_tribunal.png","width":200,"height":204,"caption":"Tribunal de Cuentas de La Pampa"},"image":{"@id":"https:\/\/www.tcuentaslp.gob.ar\/#\/schema\/logo\/image\/"},"sameAs":["https:\/\/es-la.facebook.com\/TdeCLaPampa\/"]},{"@type":"Person","@id":"https:\/\/www.tcuentaslp.gob.ar\/#\/schema\/person\/08bc1fa2c19b665f792be34107b8c79e","name":"M\u00f3nica Mataloni"}]}},"_links":{"self":[{"href":"https:\/\/www.tcuentaslp.gob.ar\/index.php?rest_route=\/wp\/v2\/posts\/3836"}],"collection":[{"href":"https:\/\/www.tcuentaslp.gob.ar\/index.php?rest_route=\/wp\/v2\/posts"}],"about":[{"href":"https:\/\/www.tcuentaslp.gob.ar\/index.php?rest_route=\/wp\/v2\/types\/post"}],"author":[{"embeddable":true,"href":"https:\/\/www.tcuentaslp.gob.ar\/index.php?rest_route=\/wp\/v2\/users\/3"}],"replies":[{"embeddable":true,"href":"https:\/\/www.tcuentaslp.gob.ar\/index.php?rest_route=%2Fwp%2Fv2%2Fcomments&post=3836"}],"version-history":[{"count":4,"href":"https:\/\/www.tcuentaslp.gob.ar\/index.php?rest_route=\/wp\/v2\/posts\/3836\/revisions"}],"predecessor-version":[{"id":3844,"href":"https:\/\/www.tcuentaslp.gob.ar\/index.php?rest_route=\/wp\/v2\/posts\/3836\/revisions\/3844"}],"wp:featuredmedia":[{"embeddable":true,"href":"https:\/\/www.tcuentaslp.gob.ar\/index.php?rest_route=\/wp\/v2\/media\/3838"}],"wp:attachment":[{"href":"https:\/\/www.tcuentaslp.gob.ar\/index.php?rest_route=%2Fwp%2Fv2%2Fmedia&parent=3836"}],"wp:term":[{"taxonomy":"category","embeddable":true,"href":"https:\/\/www.tcuentaslp.gob.ar\/index.php?rest_route=%2Fwp%2Fv2%2Fcategories&post=3836"},{"taxonomy":"post_tag","embeddable":true,"href":"https:\/\/www.tcuentaslp.gob.ar\/index.php?rest_route=%2Fwp%2Fv2%2Ftags&post=3836"}],"curies":[{"name":"wp","href":"https:\/\/api.w.org\/{rel}","templated":true}]}}