{"id":3860,"date":"2021-03-22T13:14:22","date_gmt":"2021-03-22T16:14:22","guid":{"rendered":"http:\/\/www.tcuentaslp.gob.ar\/?p=3860"},"modified":"2021-03-22T13:14:28","modified_gmt":"2021-03-22T16:14:28","slug":"el-tribunal-de-cuentas-radico-denuncias-penales","status":"publish","type":"post","link":"https:\/\/www.tcuentaslp.gob.ar\/?p=3860","title":{"rendered":"El Tribunal de Cuentas radic\u00f3 denuncias penales"},"content":{"rendered":"\n<p>El Tribunal de Cuentas de La Pampa informa que el pasado mes de febrero radic\u00f3 ante la Fiscal\u00eda con sede en Victorica, denuncia penal con el objeto de que se investigue la posible responsabilidad de agentes y\/o funcionarios p\u00fablicos de Loventu\u00e9 en virtud de haber constatado en las rendiciones de cuentas comunales de los per\u00edodos marzo, abril, mayo, junio, julio, octubre, noviembre y diciembre de 2018, y marzo, septiembre, octubre y diciembre 2019,&nbsp; pagos a proveedores con cheques que fueron rechazados, algunos por falta de fondos y otros por defectos formales.<br>El monto total de cheques rechazados asciende a la suma de PESOS DIEZ MILLONES SETECIENTOS TREINTA MIL SETECIENTOS SESENTA Y DOS CON DOS CENTAVOS.<br><br>Dado que las conductas podr\u00edan configurar delito de malversaci\u00f3n de caudales p\u00fablicos (Cap\u00edtulo VII, Cod. Penal) y\/o delito en los t\u00e9rminos de los art\u00edculos 302 Cod. Penal, es que se solicit\u00f3 la intervenci\u00f3n judicial correspondiente.<br><br>Asimismo se radic\u00f3 ante la Fiscal\u00eda con sede en General Acha denuncia penal por la posible comisi\u00f3n de delito de acci\u00f3n p\u00fablica, atento los hechos e irregularidades detectadas en el marco del Juicio de Cuentas correspondientes a las rendiciones presentadas por responsables de la Comisi\u00f3n de Fomento de Unanue, por los per\u00edodos: enero, febrero, marzo, abril, mayo, junio, julio, agosto, septiembre, octubre, noviembre de 2019.<\/p>\n\n\n\n<p><br>En los mismos se constat\u00f3 la rendici\u00f3n&nbsp; de varias facturas por gastos vinculados a la realizaci\u00f3n de obras en la localidad que, conforme lo informara la actual autoridad comunal, no se habr\u00edan concretado.<\/p>\n","protected":false},"excerpt":{"rendered":"<p>El Tribunal de Cuentas de La Pampa informa que el pasado mes de febrero radic\u00f3 ante la Fiscal\u00eda con sede &#8230; <a title=\"El Tribunal de Cuentas radic\u00f3 denuncias penales\" class=\"read-more\" href=\"https:\/\/www.tcuentaslp.gob.ar\/?p=3860\">Leer m\u00e1s&#8230;<\/a><\/p>\n","protected":false},"author":3,"featured_media":0,"comment_status":"closed","ping_status":"closed","sticky":false,"template":"","format":"standard","meta":{"generate_page_header":""},"categories":[5],"tags":[],"yoast_head":"<!-- This site is optimized with the Yoast SEO plugin v20.12 - https:\/\/yoast.com\/wordpress\/plugins\/seo\/ -->\n<title>El Tribunal de Cuentas radic\u00f3 denuncias penales -<\/title>\n<meta name=\"robots\" content=\"index, follow, max-snippet:-1, max-image-preview:large, max-video-preview:-1\" \/>\n<link rel=\"canonical\" href=\"https:\/\/www.tcuentaslp.gob.ar\/?p=3860\" \/>\n<meta property=\"og:locale\" content=\"es_ES\" \/>\n<meta property=\"og:type\" content=\"article\" \/>\n<meta property=\"og:title\" content=\"El Tribunal de Cuentas radic\u00f3 denuncias penales -\" \/>\n<meta property=\"og:description\" content=\"El Tribunal de Cuentas de La Pampa informa que el pasado mes de febrero radic\u00f3 ante la Fiscal\u00eda con sede ... Leer m\u00e1s...\" \/>\n<meta property=\"og:url\" content=\"https:\/\/www.tcuentaslp.gob.ar\/?p=3860\" \/>\n<meta property=\"article:publisher\" content=\"https:\/\/es-la.facebook.com\/TdeCLaPampa\/\" \/>\n<meta property=\"article:published_time\" content=\"2021-03-22T16:14:22+00:00\" \/>\n<meta property=\"article:modified_time\" content=\"2021-03-22T16:14:28+00:00\" \/>\n<meta name=\"author\" content=\"M\u00f3nica Mataloni\" \/>\n<meta name=\"twitter:card\" content=\"summary_large_image\" \/>\n<meta name=\"twitter:label1\" content=\"Escrito por\" \/>\n\t<meta name=\"twitter:data1\" content=\"M\u00f3nica Mataloni\" \/>\n\t<meta name=\"twitter:label2\" content=\"Tiempo de lectura\" \/>\n\t<meta name=\"twitter:data2\" content=\"2 minutos\" \/>\n<script type=\"application\/ld+json\" class=\"yoast-schema-graph\">{\"@context\":\"https:\/\/schema.org\",\"@graph\":[{\"@type\":\"Article\",\"@id\":\"https:\/\/www.tcuentaslp.gob.ar\/?p=3860#article\",\"isPartOf\":{\"@id\":\"https:\/\/www.tcuentaslp.gob.ar\/?p=3860\"},\"author\":{\"name\":\"M\u00f3nica Mataloni\",\"@id\":\"https:\/\/www.tcuentaslp.gob.ar\/#\/schema\/person\/08bc1fa2c19b665f792be34107b8c79e\"},\"headline\":\"El Tribunal de Cuentas radic\u00f3 denuncias penales\",\"datePublished\":\"2021-03-22T16:14:22+00:00\",\"dateModified\":\"2021-03-22T16:14:28+00:00\",\"mainEntityOfPage\":{\"@id\":\"https:\/\/www.tcuentaslp.gob.ar\/?p=3860\"},\"wordCount\":274,\"publisher\":{\"@id\":\"https:\/\/www.tcuentaslp.gob.ar\/#organization\"},\"articleSection\":[\"Noticias\"],\"inLanguage\":\"es-AR\"},{\"@type\":\"WebPage\",\"@id\":\"https:\/\/www.tcuentaslp.gob.ar\/?p=3860\",\"url\":\"https:\/\/www.tcuentaslp.gob.ar\/?p=3860\",\"name\":\"El Tribunal de Cuentas radic\u00f3 denuncias penales -\",\"isPartOf\":{\"@id\":\"https:\/\/www.tcuentaslp.gob.ar\/#website\"},\"datePublished\":\"2021-03-22T16:14:22+00:00\",\"dateModified\":\"2021-03-22T16:14:28+00:00\",\"breadcrumb\":{\"@id\":\"https:\/\/www.tcuentaslp.gob.ar\/?p=3860#breadcrumb\"},\"inLanguage\":\"es-AR\",\"potentialAction\":[{\"@type\":\"ReadAction\",\"target\":[\"https:\/\/www.tcuentaslp.gob.ar\/?p=3860\"]}]},{\"@type\":\"BreadcrumbList\",\"@id\":\"https:\/\/www.tcuentaslp.gob.ar\/?p=3860#breadcrumb\",\"itemListElement\":[{\"@type\":\"ListItem\",\"position\":1,\"name\":\"Inicio\",\"item\":\"https:\/\/www.tcuentaslp.gob.ar\/\"},{\"@type\":\"ListItem\",\"position\":2,\"name\":\"El Tribunal de Cuentas radic\u00f3 denuncias penales\"}]},{\"@type\":\"WebSite\",\"@id\":\"https:\/\/www.tcuentaslp.gob.ar\/#website\",\"url\":\"https:\/\/www.tcuentaslp.gob.ar\/\",\"name\":\"Tribunal de Cuentas de La Pampa\",\"description\":\"\",\"publisher\":{\"@id\":\"https:\/\/www.tcuentaslp.gob.ar\/#organization\"},\"potentialAction\":[{\"@type\":\"SearchAction\",\"target\":{\"@type\":\"EntryPoint\",\"urlTemplate\":\"https:\/\/www.tcuentaslp.gob.ar\/?s={search_term_string}\"},\"query-input\":\"required name=search_term_string\"}],\"inLanguage\":\"es-AR\"},{\"@type\":\"Organization\",\"@id\":\"https:\/\/www.tcuentaslp.gob.ar\/#organization\",\"name\":\"Tribunal de Cuentas de La Pampa\",\"url\":\"https:\/\/www.tcuentaslp.gob.ar\/\",\"logo\":{\"@type\":\"ImageObject\",\"inLanguage\":\"es-AR\",\"@id\":\"https:\/\/www.tcuentaslp.gob.ar\/#\/schema\/logo\/image\/\",\"url\":\"http:\/\/www.tcuentaslp.gob.ar\/wp-content\/uploads\/2017\/10\/logo_tribunal.png\",\"contentUrl\":\"http:\/\/www.tcuentaslp.gob.ar\/wp-content\/uploads\/2017\/10\/logo_tribunal.png\",\"width\":200,\"height\":204,\"caption\":\"Tribunal de Cuentas de La Pampa\"},\"image\":{\"@id\":\"https:\/\/www.tcuentaslp.gob.ar\/#\/schema\/logo\/image\/\"},\"sameAs\":[\"https:\/\/es-la.facebook.com\/TdeCLaPampa\/\"]},{\"@type\":\"Person\",\"@id\":\"https:\/\/www.tcuentaslp.gob.ar\/#\/schema\/person\/08bc1fa2c19b665f792be34107b8c79e\",\"name\":\"M\u00f3nica Mataloni\"}]}<\/script>\n<!-- \/ Yoast SEO plugin. -->","yoast_head_json":{"title":"El Tribunal de Cuentas radic\u00f3 denuncias penales -","robots":{"index":"index","follow":"follow","max-snippet":"max-snippet:-1","max-image-preview":"max-image-preview:large","max-video-preview":"max-video-preview:-1"},"canonical":"https:\/\/www.tcuentaslp.gob.ar\/?p=3860","og_locale":"es_ES","og_type":"article","og_title":"El Tribunal de Cuentas radic\u00f3 denuncias penales -","og_description":"El Tribunal de Cuentas de La Pampa informa que el pasado mes de febrero radic\u00f3 ante la Fiscal\u00eda con sede ... Leer m\u00e1s...","og_url":"https:\/\/www.tcuentaslp.gob.ar\/?p=3860","article_publisher":"https:\/\/es-la.facebook.com\/TdeCLaPampa\/","article_published_time":"2021-03-22T16:14:22+00:00","article_modified_time":"2021-03-22T16:14:28+00:00","author":"M\u00f3nica Mataloni","twitter_card":"summary_large_image","twitter_misc":{"Escrito por":"M\u00f3nica Mataloni","Tiempo de lectura":"2 minutos"},"schema":{"@context":"https:\/\/schema.org","@graph":[{"@type":"Article","@id":"https:\/\/www.tcuentaslp.gob.ar\/?p=3860#article","isPartOf":{"@id":"https:\/\/www.tcuentaslp.gob.ar\/?p=3860"},"author":{"name":"M\u00f3nica Mataloni","@id":"https:\/\/www.tcuentaslp.gob.ar\/#\/schema\/person\/08bc1fa2c19b665f792be34107b8c79e"},"headline":"El Tribunal de Cuentas radic\u00f3 denuncias penales","datePublished":"2021-03-22T16:14:22+00:00","dateModified":"2021-03-22T16:14:28+00:00","mainEntityOfPage":{"@id":"https:\/\/www.tcuentaslp.gob.ar\/?p=3860"},"wordCount":274,"publisher":{"@id":"https:\/\/www.tcuentaslp.gob.ar\/#organization"},"articleSection":["Noticias"],"inLanguage":"es-AR"},{"@type":"WebPage","@id":"https:\/\/www.tcuentaslp.gob.ar\/?p=3860","url":"https:\/\/www.tcuentaslp.gob.ar\/?p=3860","name":"El Tribunal de Cuentas radic\u00f3 denuncias penales -","isPartOf":{"@id":"https:\/\/www.tcuentaslp.gob.ar\/#website"},"datePublished":"2021-03-22T16:14:22+00:00","dateModified":"2021-03-22T16:14:28+00:00","breadcrumb":{"@id":"https:\/\/www.tcuentaslp.gob.ar\/?p=3860#breadcrumb"},"inLanguage":"es-AR","potentialAction":[{"@type":"ReadAction","target":["https:\/\/www.tcuentaslp.gob.ar\/?p=3860"]}]},{"@type":"BreadcrumbList","@id":"https:\/\/www.tcuentaslp.gob.ar\/?p=3860#breadcrumb","itemListElement":[{"@type":"ListItem","position":1,"name":"Inicio","item":"https:\/\/www.tcuentaslp.gob.ar\/"},{"@type":"ListItem","position":2,"name":"El Tribunal de Cuentas radic\u00f3 denuncias penales"}]},{"@type":"WebSite","@id":"https:\/\/www.tcuentaslp.gob.ar\/#website","url":"https:\/\/www.tcuentaslp.gob.ar\/","name":"Tribunal de Cuentas de La Pampa","description":"","publisher":{"@id":"https:\/\/www.tcuentaslp.gob.ar\/#organization"},"potentialAction":[{"@type":"SearchAction","target":{"@type":"EntryPoint","urlTemplate":"https:\/\/www.tcuentaslp.gob.ar\/?s={search_term_string}"},"query-input":"required name=search_term_string"}],"inLanguage":"es-AR"},{"@type":"Organization","@id":"https:\/\/www.tcuentaslp.gob.ar\/#organization","name":"Tribunal de Cuentas de La Pampa","url":"https:\/\/www.tcuentaslp.gob.ar\/","logo":{"@type":"ImageObject","inLanguage":"es-AR","@id":"https:\/\/www.tcuentaslp.gob.ar\/#\/schema\/logo\/image\/","url":"http:\/\/www.tcuentaslp.gob.ar\/wp-content\/uploads\/2017\/10\/logo_tribunal.png","contentUrl":"http:\/\/www.tcuentaslp.gob.ar\/wp-content\/uploads\/2017\/10\/logo_tribunal.png","width":200,"height":204,"caption":"Tribunal de Cuentas de La Pampa"},"image":{"@id":"https:\/\/www.tcuentaslp.gob.ar\/#\/schema\/logo\/image\/"},"sameAs":["https:\/\/es-la.facebook.com\/TdeCLaPampa\/"]},{"@type":"Person","@id":"https:\/\/www.tcuentaslp.gob.ar\/#\/schema\/person\/08bc1fa2c19b665f792be34107b8c79e","name":"M\u00f3nica Mataloni"}]}},"_links":{"self":[{"href":"https:\/\/www.tcuentaslp.gob.ar\/index.php?rest_route=\/wp\/v2\/posts\/3860"}],"collection":[{"href":"https:\/\/www.tcuentaslp.gob.ar\/index.php?rest_route=\/wp\/v2\/posts"}],"about":[{"href":"https:\/\/www.tcuentaslp.gob.ar\/index.php?rest_route=\/wp\/v2\/types\/post"}],"author":[{"embeddable":true,"href":"https:\/\/www.tcuentaslp.gob.ar\/index.php?rest_route=\/wp\/v2\/users\/3"}],"replies":[{"embeddable":true,"href":"https:\/\/www.tcuentaslp.gob.ar\/index.php?rest_route=%2Fwp%2Fv2%2Fcomments&post=3860"}],"version-history":[{"count":1,"href":"https:\/\/www.tcuentaslp.gob.ar\/index.php?rest_route=\/wp\/v2\/posts\/3860\/revisions"}],"predecessor-version":[{"id":3861,"href":"https:\/\/www.tcuentaslp.gob.ar\/index.php?rest_route=\/wp\/v2\/posts\/3860\/revisions\/3861"}],"wp:attachment":[{"href":"https:\/\/www.tcuentaslp.gob.ar\/index.php?rest_route=%2Fwp%2Fv2%2Fmedia&parent=3860"}],"wp:term":[{"taxonomy":"category","embeddable":true,"href":"https:\/\/www.tcuentaslp.gob.ar\/index.php?rest_route=%2Fwp%2Fv2%2Fcategories&post=3860"},{"taxonomy":"post_tag","embeddable":true,"href":"https:\/\/www.tcuentaslp.gob.ar\/index.php?rest_route=%2Fwp%2Fv2%2Ftags&post=3860"}],"curies":[{"name":"wp","href":"https:\/\/api.w.org\/{rel}","templated":true}]}}