{"id":4239,"date":"2022-03-28T13:58:54","date_gmt":"2022-03-28T16:58:54","guid":{"rendered":"https:\/\/www.tcuentaslp.gob.ar\/?p=4239"},"modified":"2022-03-28T14:03:03","modified_gmt":"2022-03-28T17:03:03","slug":"encuentro-del-comite-de-responsabilidad-social-con-representantes-del-porder-judicial","status":"publish","type":"post","link":"https:\/\/www.tcuentaslp.gob.ar\/?p=4239","title":{"rendered":"ENCUENTRO DEL COMIT\u00c9 DE RESPONSABILIDAD SOCIAL CON REPRESENTANTES DEL PODER JUDICIAL"},"content":{"rendered":"\n<p>El d\u00eda 28 de marzo del corriente, el Tribunal de Cuentas recibi\u00f3 la visita de un grupo de representantes del Poder Judicial de La Pampa interesado en conocer la experiencia de trabajo del Comit\u00e9 de Responsabilidad Social de este organismo de control.<\/p>\n\n\n\n<p>En dicho encuentro se expuso el marco institucional de creaci\u00f3n del Comit\u00e9 y sus tres ejes de trabajo: Desarrollo institucional, humano y ambiental,&nbsp; comparti\u00e9ndose el detalle de las diferentes actividades desarrolladas en materia de cuidado de la salud, el ambiente, condiciones de trabajo y el impacto que cada una de ellas genera tanto en lo personal cuanto en lo comunitario.<\/p>\n\n\n\n<p>Se concreta as\u00ed otra jornada de vinculaci\u00f3n entre ambos estamentos estatales que, permite adem\u00e1s, cumplir uno de los objetivos del Comit\u00e9 de Responsabilidad Social cual es la difusi\u00f3n de sus actividades y la interacci\u00f3n con los diferentes organismos de la comunidad.<\/p>\n","protected":false},"excerpt":{"rendered":"<p>El d\u00eda 28 de marzo del corriente, el Tribunal de Cuentas recibi\u00f3 la visita de un grupo de representantes del &#8230; <a title=\"ENCUENTRO DEL COMIT\u00c9 DE RESPONSABILIDAD SOCIAL CON REPRESENTANTES DEL PODER JUDICIAL\" class=\"read-more\" href=\"https:\/\/www.tcuentaslp.gob.ar\/?p=4239\">Leer m\u00e1s&#8230;<\/a><\/p>\n","protected":false},"author":3,"featured_media":4240,"comment_status":"closed","ping_status":"closed","sticky":false,"template":"","format":"standard","meta":{"generate_page_header":""},"categories":[5,94],"tags":[],"yoast_head":"<!-- This site is optimized with the Yoast SEO plugin v20.12 - https:\/\/yoast.com\/wordpress\/plugins\/seo\/ -->\n<title>ENCUENTRO DEL COMIT\u00c9 DE RESPONSABILIDAD SOCIAL CON REPRESENTANTES DEL PODER JUDICIAL -<\/title>\n<meta name=\"robots\" content=\"index, follow, max-snippet:-1, max-image-preview:large, max-video-preview:-1\" \/>\n<link rel=\"canonical\" href=\"https:\/\/www.tcuentaslp.gob.ar\/?p=4239\" \/>\n<meta property=\"og:locale\" content=\"es_ES\" \/>\n<meta property=\"og:type\" content=\"article\" \/>\n<meta property=\"og:title\" content=\"ENCUENTRO DEL COMIT\u00c9 DE RESPONSABILIDAD SOCIAL CON REPRESENTANTES DEL PODER JUDICIAL -\" \/>\n<meta property=\"og:description\" content=\"El d\u00eda 28 de marzo del corriente, el Tribunal de Cuentas recibi\u00f3 la visita de un grupo de representantes del ... Leer m\u00e1s...\" \/>\n<meta property=\"og:url\" content=\"https:\/\/www.tcuentaslp.gob.ar\/?p=4239\" \/>\n<meta property=\"article:publisher\" content=\"https:\/\/es-la.facebook.com\/TdeCLaPampa\/\" \/>\n<meta property=\"article:published_time\" content=\"2022-03-28T16:58:54+00:00\" \/>\n<meta property=\"article:modified_time\" content=\"2022-03-28T17:03:03+00:00\" \/>\n<meta property=\"og:image\" content=\"https:\/\/www.tcuentaslp.gob.ar\/wp-content\/uploads\/2022\/03\/Foto-Reunion-CRS-PJ-1.jpg\" \/>\n\t<meta property=\"og:image:width\" content=\"1021\" \/>\n\t<meta property=\"og:image:height\" content=\"506\" \/>\n\t<meta property=\"og:image:type\" content=\"image\/jpeg\" \/>\n<meta name=\"author\" content=\"M\u00f3nica Mataloni\" \/>\n<meta name=\"twitter:card\" content=\"summary_large_image\" \/>\n<meta name=\"twitter:label1\" content=\"Escrito por\" \/>\n\t<meta name=\"twitter:data1\" content=\"M\u00f3nica Mataloni\" \/>\n\t<meta name=\"twitter:label2\" content=\"Tiempo de lectura\" \/>\n\t<meta name=\"twitter:data2\" content=\"1 minuto\" \/>\n<script type=\"application\/ld+json\" class=\"yoast-schema-graph\">{\"@context\":\"https:\/\/schema.org\",\"@graph\":[{\"@type\":\"Article\",\"@id\":\"https:\/\/www.tcuentaslp.gob.ar\/?p=4239#article\",\"isPartOf\":{\"@id\":\"https:\/\/www.tcuentaslp.gob.ar\/?p=4239\"},\"author\":{\"name\":\"M\u00f3nica Mataloni\",\"@id\":\"https:\/\/www.tcuentaslp.gob.ar\/#\/schema\/person\/08bc1fa2c19b665f792be34107b8c79e\"},\"headline\":\"ENCUENTRO DEL COMIT\u00c9 DE RESPONSABILIDAD SOCIAL CON REPRESENTANTES DEL PODER JUDICIAL\",\"datePublished\":\"2022-03-28T16:58:54+00:00\",\"dateModified\":\"2022-03-28T17:03:03+00:00\",\"mainEntityOfPage\":{\"@id\":\"https:\/\/www.tcuentaslp.gob.ar\/?p=4239\"},\"wordCount\":161,\"publisher\":{\"@id\":\"https:\/\/www.tcuentaslp.gob.ar\/#organization\"},\"articleSection\":[\"Noticias\",\"Responsabilidad Social\"],\"inLanguage\":\"es-AR\"},{\"@type\":\"WebPage\",\"@id\":\"https:\/\/www.tcuentaslp.gob.ar\/?p=4239\",\"url\":\"https:\/\/www.tcuentaslp.gob.ar\/?p=4239\",\"name\":\"ENCUENTRO DEL COMIT\u00c9 DE RESPONSABILIDAD SOCIAL CON REPRESENTANTES DEL PODER JUDICIAL -\",\"isPartOf\":{\"@id\":\"https:\/\/www.tcuentaslp.gob.ar\/#website\"},\"datePublished\":\"2022-03-28T16:58:54+00:00\",\"dateModified\":\"2022-03-28T17:03:03+00:00\",\"breadcrumb\":{\"@id\":\"https:\/\/www.tcuentaslp.gob.ar\/?p=4239#breadcrumb\"},\"inLanguage\":\"es-AR\",\"potentialAction\":[{\"@type\":\"ReadAction\",\"target\":[\"https:\/\/www.tcuentaslp.gob.ar\/?p=4239\"]}]},{\"@type\":\"BreadcrumbList\",\"@id\":\"https:\/\/www.tcuentaslp.gob.ar\/?p=4239#breadcrumb\",\"itemListElement\":[{\"@type\":\"ListItem\",\"position\":1,\"name\":\"Inicio\",\"item\":\"https:\/\/www.tcuentaslp.gob.ar\/\"},{\"@type\":\"ListItem\",\"position\":2,\"name\":\"ENCUENTRO DEL COMIT\u00c9 DE RESPONSABILIDAD SOCIAL CON REPRESENTANTES DEL PODER JUDICIAL\"}]},{\"@type\":\"WebSite\",\"@id\":\"https:\/\/www.tcuentaslp.gob.ar\/#website\",\"url\":\"https:\/\/www.tcuentaslp.gob.ar\/\",\"name\":\"Tribunal de Cuentas de La Pampa\",\"description\":\"\",\"publisher\":{\"@id\":\"https:\/\/www.tcuentaslp.gob.ar\/#organization\"},\"potentialAction\":[{\"@type\":\"SearchAction\",\"target\":{\"@type\":\"EntryPoint\",\"urlTemplate\":\"https:\/\/www.tcuentaslp.gob.ar\/?s={search_term_string}\"},\"query-input\":\"required name=search_term_string\"}],\"inLanguage\":\"es-AR\"},{\"@type\":\"Organization\",\"@id\":\"https:\/\/www.tcuentaslp.gob.ar\/#organization\",\"name\":\"Tribunal de Cuentas de La Pampa\",\"url\":\"https:\/\/www.tcuentaslp.gob.ar\/\",\"logo\":{\"@type\":\"ImageObject\",\"inLanguage\":\"es-AR\",\"@id\":\"https:\/\/www.tcuentaslp.gob.ar\/#\/schema\/logo\/image\/\",\"url\":\"http:\/\/www.tcuentaslp.gob.ar\/wp-content\/uploads\/2017\/10\/logo_tribunal.png\",\"contentUrl\":\"http:\/\/www.tcuentaslp.gob.ar\/wp-content\/uploads\/2017\/10\/logo_tribunal.png\",\"width\":200,\"height\":204,\"caption\":\"Tribunal de Cuentas de La Pampa\"},\"image\":{\"@id\":\"https:\/\/www.tcuentaslp.gob.ar\/#\/schema\/logo\/image\/\"},\"sameAs\":[\"https:\/\/es-la.facebook.com\/TdeCLaPampa\/\"]},{\"@type\":\"Person\",\"@id\":\"https:\/\/www.tcuentaslp.gob.ar\/#\/schema\/person\/08bc1fa2c19b665f792be34107b8c79e\",\"name\":\"M\u00f3nica Mataloni\"}]}<\/script>\n<!-- \/ Yoast SEO plugin. -->","yoast_head_json":{"title":"ENCUENTRO DEL COMIT\u00c9 DE RESPONSABILIDAD SOCIAL CON REPRESENTANTES DEL PODER JUDICIAL -","robots":{"index":"index","follow":"follow","max-snippet":"max-snippet:-1","max-image-preview":"max-image-preview:large","max-video-preview":"max-video-preview:-1"},"canonical":"https:\/\/www.tcuentaslp.gob.ar\/?p=4239","og_locale":"es_ES","og_type":"article","og_title":"ENCUENTRO DEL COMIT\u00c9 DE RESPONSABILIDAD SOCIAL CON REPRESENTANTES DEL PODER JUDICIAL -","og_description":"El d\u00eda 28 de marzo del corriente, el Tribunal de Cuentas recibi\u00f3 la visita de un grupo de representantes del ... Leer m\u00e1s...","og_url":"https:\/\/www.tcuentaslp.gob.ar\/?p=4239","article_publisher":"https:\/\/es-la.facebook.com\/TdeCLaPampa\/","article_published_time":"2022-03-28T16:58:54+00:00","article_modified_time":"2022-03-28T17:03:03+00:00","og_image":[{"width":1021,"height":506,"url":"https:\/\/www.tcuentaslp.gob.ar\/wp-content\/uploads\/2022\/03\/Foto-Reunion-CRS-PJ-1.jpg","type":"image\/jpeg"}],"author":"M\u00f3nica Mataloni","twitter_card":"summary_large_image","twitter_misc":{"Escrito por":"M\u00f3nica Mataloni","Tiempo de lectura":"1 minuto"},"schema":{"@context":"https:\/\/schema.org","@graph":[{"@type":"Article","@id":"https:\/\/www.tcuentaslp.gob.ar\/?p=4239#article","isPartOf":{"@id":"https:\/\/www.tcuentaslp.gob.ar\/?p=4239"},"author":{"name":"M\u00f3nica Mataloni","@id":"https:\/\/www.tcuentaslp.gob.ar\/#\/schema\/person\/08bc1fa2c19b665f792be34107b8c79e"},"headline":"ENCUENTRO DEL COMIT\u00c9 DE RESPONSABILIDAD SOCIAL CON REPRESENTANTES DEL PODER JUDICIAL","datePublished":"2022-03-28T16:58:54+00:00","dateModified":"2022-03-28T17:03:03+00:00","mainEntityOfPage":{"@id":"https:\/\/www.tcuentaslp.gob.ar\/?p=4239"},"wordCount":161,"publisher":{"@id":"https:\/\/www.tcuentaslp.gob.ar\/#organization"},"articleSection":["Noticias","Responsabilidad Social"],"inLanguage":"es-AR"},{"@type":"WebPage","@id":"https:\/\/www.tcuentaslp.gob.ar\/?p=4239","url":"https:\/\/www.tcuentaslp.gob.ar\/?p=4239","name":"ENCUENTRO DEL COMIT\u00c9 DE RESPONSABILIDAD SOCIAL CON REPRESENTANTES DEL PODER JUDICIAL -","isPartOf":{"@id":"https:\/\/www.tcuentaslp.gob.ar\/#website"},"datePublished":"2022-03-28T16:58:54+00:00","dateModified":"2022-03-28T17:03:03+00:00","breadcrumb":{"@id":"https:\/\/www.tcuentaslp.gob.ar\/?p=4239#breadcrumb"},"inLanguage":"es-AR","potentialAction":[{"@type":"ReadAction","target":["https:\/\/www.tcuentaslp.gob.ar\/?p=4239"]}]},{"@type":"BreadcrumbList","@id":"https:\/\/www.tcuentaslp.gob.ar\/?p=4239#breadcrumb","itemListElement":[{"@type":"ListItem","position":1,"name":"Inicio","item":"https:\/\/www.tcuentaslp.gob.ar\/"},{"@type":"ListItem","position":2,"name":"ENCUENTRO DEL COMIT\u00c9 DE RESPONSABILIDAD SOCIAL CON REPRESENTANTES DEL PODER JUDICIAL"}]},{"@type":"WebSite","@id":"https:\/\/www.tcuentaslp.gob.ar\/#website","url":"https:\/\/www.tcuentaslp.gob.ar\/","name":"Tribunal de Cuentas de La Pampa","description":"","publisher":{"@id":"https:\/\/www.tcuentaslp.gob.ar\/#organization"},"potentialAction":[{"@type":"SearchAction","target":{"@type":"EntryPoint","urlTemplate":"https:\/\/www.tcuentaslp.gob.ar\/?s={search_term_string}"},"query-input":"required name=search_term_string"}],"inLanguage":"es-AR"},{"@type":"Organization","@id":"https:\/\/www.tcuentaslp.gob.ar\/#organization","name":"Tribunal de Cuentas de La Pampa","url":"https:\/\/www.tcuentaslp.gob.ar\/","logo":{"@type":"ImageObject","inLanguage":"es-AR","@id":"https:\/\/www.tcuentaslp.gob.ar\/#\/schema\/logo\/image\/","url":"http:\/\/www.tcuentaslp.gob.ar\/wp-content\/uploads\/2017\/10\/logo_tribunal.png","contentUrl":"http:\/\/www.tcuentaslp.gob.ar\/wp-content\/uploads\/2017\/10\/logo_tribunal.png","width":200,"height":204,"caption":"Tribunal de Cuentas de La Pampa"},"image":{"@id":"https:\/\/www.tcuentaslp.gob.ar\/#\/schema\/logo\/image\/"},"sameAs":["https:\/\/es-la.facebook.com\/TdeCLaPampa\/"]},{"@type":"Person","@id":"https:\/\/www.tcuentaslp.gob.ar\/#\/schema\/person\/08bc1fa2c19b665f792be34107b8c79e","name":"M\u00f3nica Mataloni"}]}},"_links":{"self":[{"href":"https:\/\/www.tcuentaslp.gob.ar\/index.php?rest_route=\/wp\/v2\/posts\/4239"}],"collection":[{"href":"https:\/\/www.tcuentaslp.gob.ar\/index.php?rest_route=\/wp\/v2\/posts"}],"about":[{"href":"https:\/\/www.tcuentaslp.gob.ar\/index.php?rest_route=\/wp\/v2\/types\/post"}],"author":[{"embeddable":true,"href":"https:\/\/www.tcuentaslp.gob.ar\/index.php?rest_route=\/wp\/v2\/users\/3"}],"replies":[{"embeddable":true,"href":"https:\/\/www.tcuentaslp.gob.ar\/index.php?rest_route=%2Fwp%2Fv2%2Fcomments&post=4239"}],"version-history":[{"count":2,"href":"https:\/\/www.tcuentaslp.gob.ar\/index.php?rest_route=\/wp\/v2\/posts\/4239\/revisions"}],"predecessor-version":[{"id":4244,"href":"https:\/\/www.tcuentaslp.gob.ar\/index.php?rest_route=\/wp\/v2\/posts\/4239\/revisions\/4244"}],"wp:featuredmedia":[{"embeddable":true,"href":"https:\/\/www.tcuentaslp.gob.ar\/index.php?rest_route=\/wp\/v2\/media\/4240"}],"wp:attachment":[{"href":"https:\/\/www.tcuentaslp.gob.ar\/index.php?rest_route=%2Fwp%2Fv2%2Fmedia&parent=4239"}],"wp:term":[{"taxonomy":"category","embeddable":true,"href":"https:\/\/www.tcuentaslp.gob.ar\/index.php?rest_route=%2Fwp%2Fv2%2Fcategories&post=4239"},{"taxonomy":"post_tag","embeddable":true,"href":"https:\/\/www.tcuentaslp.gob.ar\/index.php?rest_route=%2Fwp%2Fv2%2Ftags&post=4239"}],"curies":[{"name":"wp","href":"https:\/\/api.w.org\/{rel}","templated":true}]}}