{"id":444,"date":"2017-10-09T13:08:05","date_gmt":"2017-10-09T16:08:05","guid":{"rendered":"http:\/\/www.tcuentaslp.gob.ar\/?p=444"},"modified":"2018-07-17T08:25:00","modified_gmt":"2018-07-17T11:25:00","slug":"violencia-laboral-contra-la-mujer","status":"publish","type":"post","link":"https:\/\/www.tcuentaslp.gob.ar\/?p=444","title":{"rendered":"El Tribunal de Cuentas y su compromiso respecto de la erradicaci\u00f3n de la violencia laboral contra la mujer"},"content":{"rendered":"<p style=\"text-align: justify;\">Desde su Comit\u00e9 de Responsabilidad Social, el Tribunal de Cuentas de La Pampa procura realizar actividades de capacitaci\u00f3n, difusi\u00f3n, concientizaci\u00f3n y sensibilizaci\u00f3n en m\u00faltiples tem\u00e1ticas que coadyuvan tanto al desempe\u00f1o t\u00e9cnico del personal del organismo, cuanto al de las relaciones comunitarias y pr\u00e1cticas sanitarias que contribuyan al estado de bienestar bio-psico-social.<br \/>\nAs\u00ed, se han desarrollado \u2013entre otras- jornadas de capacitaci\u00f3n en materia de violencia laboral, estim\u00e1ndose oportuno ahondar sobre aquella que sufre la mujer.<br \/>\nEn este sentido debemos recordar que la Ley N\u00ba 26485 de Protecci\u00f3n integral para prevenir, sancionar y erradicar la violencia contra las mujeres en los \u00e1mbitos en que desarrollen sus relaciones interpersonales, establece que sus disposiciones son de orden p\u00fablico y promueve, entre otros objetivos la eliminaci\u00f3n de la discriminaci\u00f3n entre mujeres y varones en todos los \u00f3rdenes de la vida.<\/p>\n<p style=\"text-align: justify;\">Se entiende por violencia contra las mujeres toda conducta, acci\u00f3n u omisi\u00f3n, que de manera directa o indirecta, tanto en el \u00e1mbito p\u00fablico como en el privado, basada en una relaci\u00f3n desigual de poder, afecte su vida, libertad, dignidad, integridad f\u00edsica, psicol\u00f3gica, sexual, econ\u00f3mica o patrimonial, como as\u00ed tambi\u00e9n su seguridad personal. Quedan comprendidas las perpetradas desde el Estado o por sus agentes.<\/p>\n<p style=\"text-align: justify;\">Se considera violencia indirecta, toda conducta, acci\u00f3n omisi\u00f3n, disposici\u00f3n, criterio o pr\u00e1ctica discriminatoria que ponga a la mujer en desventaja con respecto al var\u00f3n.<\/p>\n<p style=\"text-align: justify;\">Entre los tipos de violencia contra la mujer, la psicol\u00f3gica es la que causa da\u00f1o emocional y disminuci\u00f3n de la autoestima o perjudica y perturba el pleno desarrollo personal o que busca degradar o controlar sus acciones, comportamientos, creencias y decisiones, mediante amenaza, acoso, hostigamiento, restricci\u00f3n, humillaci\u00f3n, deshonra, descr\u00e9dito, manipulaci\u00f3n aislamiento. Incluye tambi\u00e9n la culpabilizaci\u00f3n, vigilancia constante, exigencia de obediencia sumisi\u00f3n, coerci\u00f3n verbal, persecuci\u00f3n, insulto, indiferencia, abandono, celos excesivos, chantaje, ridiculizaci\u00f3n, explotaci\u00f3n y limitaci\u00f3n del derecho de circulaci\u00f3n o cualquier otro medio que cause perjuicio a su salud psicol\u00f3gica y a la autodeterminaci\u00f3n y la simb\u00f3lica es la que a trav\u00e9s de patrones estereotipados, mensajes, valores, \u00edconos o signos transmita y reproduzca dominaci\u00f3n, desigualdad y discriminaci\u00f3n en las relaciones sociales, naturalizando la subordinaci\u00f3n de la mujer en la sociedad.<\/p>\n<p style=\"text-align: justify;\">El hostigamiento psicol\u00f3gico sistem\u00e1tico tambi\u00e9n es una modalidad de violencia.<\/p>\n<p style=\"text-align: justify;\">Los actos de violencia contra la mujer ejercidos en el \u00e1mbito laboral conspiran contra el concepto de trabajo decente y pueden darse entre trabajadores\/as o entre ellos y los\/as supervisores\/as o empleadores y afectar a los pasantes y aprendices que no tienen una relaci\u00f3n de trabajo pero operan bajo la responsabilidad de otra persona<\/p>\n<p style=\"text-align: justify;\">Como consecuencia de tales actos la mujer puede padecer la sensaci\u00f3n de estar atrapada en un ambiente de trabajo t\u00f3xico, sentir disminuci\u00f3n moral, temor por la propia seguridad, autonegaci\u00f3n, culpabilidad, aumento del stress, impotencia, resentimiento, etc.<\/p>\n<p style=\"text-align: justify;\">Cuando la violencia laboral se traduce en hostigamiento psicol\u00f3gico comprende toda acci\u00f3n u omisi\u00f3n o comportamiento destinado a provocar directa o indirectamente, da\u00f1o f\u00edsico, psicol\u00f3gico o moral a una trabajadora sea como amenaza o acci\u00f3n consumada. Excede el objetivo de la exclusi\u00f3n laboral ya que tambi\u00e9n puede deberse a la personalidad perversa del hostigador.<\/p>\n<p style=\"text-align: justify;\">La violencia laboral puede manifestarse en diversos sentidos: descendente o procedente de la jerarqu\u00eda, en forma directa o consentida en el personal a cargo; horizontal, procedente de colegas o pares; o ascendente, que es la de los subordinados. La violencia laboral tambi\u00e9n comprende el hostigamiento sexual en el trabajo. Esto incluye conductas de tono sexual como contactos f\u00edsicos e insinuaciones, observaciones de tipos sexual, exhibici\u00f3n pornogr\u00e1fica, exigencias sexuales, ya sea verbales o de hecho. Este tipo de conducta puede ser humillante y constituir un problema de salud y de seguridad, es discriminatoria cuando la mujer tiene motivos suficientes para creer que su negativa le podr\u00eda causar problemas en relaci\u00f3n a su trabajo.<\/p>\n<p style=\"text-align: justify;\">La Organizaci\u00f3n Internacional del Trabajo entiende como acoso sexual en el trabajo \u201ctoda conducta de car\u00e1cter sexual no deseada que de acuerdo al receptor interfiere en su trabajo, se establece como una condici\u00f3n o crea un entorno de trabajo intimidatorio, hostil u ofensivo\u201d.<\/p>\n<p style=\"text-align: justify;\">Pese a que el asedio sexual constituye un hecho negativo, muchas mujeres lo soportan o aceptan en silencio, con verg\u00fcenza, confusi\u00f3n, angustia, temor al da\u00f1o que puede sufrir su reputaci\u00f3n o a las represalias, y sentimiento de culpa ante un medio social que suele culparlas bas\u00e1ndose en el estereotipo y el mito de la &#8220;mujer tentadora&#8221; (Nieves Rico. Consultora CEPAL) por lo que no resulta extra\u00f1o que muchas mujeres no se atrevan a hablar del tema, que piensen que se arreglar\u00e1n \u00a0solas, que no pidan ayuda por verg\u00fcenza o que no saben a d\u00f3nde o a qui\u00e9n acudir.<\/p>\n<p style=\"text-align: justify;\">Contribuir a erradicar la violencia y los patrones culturales que contribuyen a generarla o sostenerla es una obligaci\u00f3n de todos, por lo que la tarea de extensi\u00f3n y observaci\u00f3n cr\u00edtica de nuestra conductas cotidianas y de la que son receptoras nuestras compa\u00f1eras de trabajo debe constituirse en actividad constante en aras del debido respeto a los derechos humanos.<\/p>\n<p style=\"text-align: justify;\">Fuentes:<br \/>\nLey N\u00ba 26485 \u2013Argentina-.<br \/>\nViolencia contra las mujeres en el \u00e1mbito laboral: un reto colectivo. Mar\u00eda Jos\u00e9 Chamorro. \u2013OIT-<br \/>\nViolencia de g\u00e9nero: un problema de derechos humanos. Nieves Rico. \u2013CEPAL-<\/p>\n","protected":false},"excerpt":{"rendered":"<p>Desde su Comit\u00e9 de Responsabilidad Social, el Tribunal de Cuentas de La Pampa procura realizar actividades de capacitaci\u00f3n, difusi\u00f3n, concientizaci\u00f3n &#8230; <a title=\"El Tribunal de Cuentas y su compromiso respecto de la erradicaci\u00f3n de la violencia laboral contra la mujer\" class=\"read-more\" href=\"https:\/\/www.tcuentaslp.gob.ar\/?p=444\">Leer m\u00e1s&#8230;<\/a><\/p>\n","protected":false},"author":1,"featured_media":601,"comment_status":"closed","ping_status":"open","sticky":false,"template":"","format":"standard","meta":{"generate_page_header":""},"categories":[3],"tags":[48,47],"yoast_head":"<!-- This site is optimized with the Yoast SEO plugin v20.12 - https:\/\/yoast.com\/wordpress\/plugins\/seo\/ -->\n<title>El Tribunal de Cuentas y su compromiso respecto de la erradicaci\u00f3n de la violencia laboral contra la mujer -<\/title>\n<meta name=\"robots\" content=\"index, follow, max-snippet:-1, max-image-preview:large, max-video-preview:-1\" \/>\n<link rel=\"canonical\" href=\"https:\/\/www.tcuentaslp.gob.ar\/?p=444\" \/>\n<meta property=\"og:locale\" content=\"es_ES\" \/>\n<meta property=\"og:type\" content=\"article\" \/>\n<meta property=\"og:title\" content=\"El Tribunal de Cuentas y su compromiso respecto de la erradicaci\u00f3n de la violencia laboral contra la mujer -\" \/>\n<meta property=\"og:description\" content=\"Desde su Comit\u00e9 de Responsabilidad Social, el Tribunal de Cuentas de La Pampa procura realizar actividades de capacitaci\u00f3n, difusi\u00f3n, concientizaci\u00f3n ... Leer m\u00e1s...\" \/>\n<meta property=\"og:url\" content=\"https:\/\/www.tcuentaslp.gob.ar\/?p=444\" \/>\n<meta property=\"article:publisher\" content=\"https:\/\/es-la.facebook.com\/TdeCLaPampa\/\" \/>\n<meta property=\"article:published_time\" content=\"2017-10-09T16:08:05+00:00\" \/>\n<meta property=\"article:modified_time\" content=\"2018-07-17T11:25:00+00:00\" \/>\n<meta property=\"og:image\" content=\"https:\/\/www.tcuentaslp.gob.ar\/wp-content\/uploads\/2017\/10\/violencia-contra-la-mujer.jpg\" \/>\n\t<meta property=\"og:image:width\" content=\"930\" \/>\n\t<meta property=\"og:image:height\" content=\"525\" \/>\n\t<meta property=\"og:image:type\" content=\"image\/jpeg\" \/>\n<meta name=\"author\" content=\"tribumanager\" \/>\n<meta name=\"twitter:card\" content=\"summary_large_image\" \/>\n<meta name=\"twitter:label1\" content=\"Escrito por\" \/>\n\t<meta name=\"twitter:data1\" content=\"tribumanager\" \/>\n\t<meta name=\"twitter:label2\" content=\"Tiempo de lectura\" \/>\n\t<meta name=\"twitter:data2\" content=\"5 minutos\" \/>\n<script type=\"application\/ld+json\" class=\"yoast-schema-graph\">{\"@context\":\"https:\/\/schema.org\",\"@graph\":[{\"@type\":\"Article\",\"@id\":\"https:\/\/www.tcuentaslp.gob.ar\/?p=444#article\",\"isPartOf\":{\"@id\":\"https:\/\/www.tcuentaslp.gob.ar\/?p=444\"},\"author\":{\"name\":\"tribumanager\",\"@id\":\"https:\/\/www.tcuentaslp.gob.ar\/#\/schema\/person\/68a3a6277a719a33d6694fcf820f5a21\"},\"headline\":\"El Tribunal de Cuentas y su compromiso respecto de la erradicaci\u00f3n de la violencia laboral contra la mujer\",\"datePublished\":\"2017-10-09T16:08:05+00:00\",\"dateModified\":\"2018-07-17T11:25:00+00:00\",\"mainEntityOfPage\":{\"@id\":\"https:\/\/www.tcuentaslp.gob.ar\/?p=444\"},\"wordCount\":962,\"publisher\":{\"@id\":\"https:\/\/www.tcuentaslp.gob.ar\/#organization\"},\"keywords\":[\"g\u00e9nero\",\"Responsabilidad Social\"],\"articleSection\":[\"Publicaciones\"],\"inLanguage\":\"es-AR\"},{\"@type\":\"WebPage\",\"@id\":\"https:\/\/www.tcuentaslp.gob.ar\/?p=444\",\"url\":\"https:\/\/www.tcuentaslp.gob.ar\/?p=444\",\"name\":\"El Tribunal de Cuentas y su compromiso respecto de la erradicaci\u00f3n de la violencia laboral contra la mujer -\",\"isPartOf\":{\"@id\":\"https:\/\/www.tcuentaslp.gob.ar\/#website\"},\"datePublished\":\"2017-10-09T16:08:05+00:00\",\"dateModified\":\"2018-07-17T11:25:00+00:00\",\"breadcrumb\":{\"@id\":\"https:\/\/www.tcuentaslp.gob.ar\/?p=444#breadcrumb\"},\"inLanguage\":\"es-AR\",\"potentialAction\":[{\"@type\":\"ReadAction\",\"target\":[\"https:\/\/www.tcuentaslp.gob.ar\/?p=444\"]}]},{\"@type\":\"BreadcrumbList\",\"@id\":\"https:\/\/www.tcuentaslp.gob.ar\/?p=444#breadcrumb\",\"itemListElement\":[{\"@type\":\"ListItem\",\"position\":1,\"name\":\"Inicio\",\"item\":\"https:\/\/www.tcuentaslp.gob.ar\/\"},{\"@type\":\"ListItem\",\"position\":2,\"name\":\"El Tribunal de Cuentas y su compromiso respecto de la erradicaci\u00f3n de la violencia laboral contra la mujer\"}]},{\"@type\":\"WebSite\",\"@id\":\"https:\/\/www.tcuentaslp.gob.ar\/#website\",\"url\":\"https:\/\/www.tcuentaslp.gob.ar\/\",\"name\":\"Tribunal de Cuentas de La Pampa\",\"description\":\"\",\"publisher\":{\"@id\":\"https:\/\/www.tcuentaslp.gob.ar\/#organization\"},\"potentialAction\":[{\"@type\":\"SearchAction\",\"target\":{\"@type\":\"EntryPoint\",\"urlTemplate\":\"https:\/\/www.tcuentaslp.gob.ar\/?s={search_term_string}\"},\"query-input\":\"required name=search_term_string\"}],\"inLanguage\":\"es-AR\"},{\"@type\":\"Organization\",\"@id\":\"https:\/\/www.tcuentaslp.gob.ar\/#organization\",\"name\":\"Tribunal de Cuentas de La Pampa\",\"url\":\"https:\/\/www.tcuentaslp.gob.ar\/\",\"logo\":{\"@type\":\"ImageObject\",\"inLanguage\":\"es-AR\",\"@id\":\"https:\/\/www.tcuentaslp.gob.ar\/#\/schema\/logo\/image\/\",\"url\":\"http:\/\/www.tcuentaslp.gob.ar\/wp-content\/uploads\/2017\/10\/logo_tribunal.png\",\"contentUrl\":\"http:\/\/www.tcuentaslp.gob.ar\/wp-content\/uploads\/2017\/10\/logo_tribunal.png\",\"width\":200,\"height\":204,\"caption\":\"Tribunal de Cuentas de La Pampa\"},\"image\":{\"@id\":\"https:\/\/www.tcuentaslp.gob.ar\/#\/schema\/logo\/image\/\"},\"sameAs\":[\"https:\/\/es-la.facebook.com\/TdeCLaPampa\/\"]},{\"@type\":\"Person\",\"@id\":\"https:\/\/www.tcuentaslp.gob.ar\/#\/schema\/person\/68a3a6277a719a33d6694fcf820f5a21\",\"name\":\"tribumanager\"}]}<\/script>\n<!-- \/ Yoast SEO plugin. -->","yoast_head_json":{"title":"El Tribunal de Cuentas y su compromiso respecto de la erradicaci\u00f3n de la violencia laboral contra la mujer -","robots":{"index":"index","follow":"follow","max-snippet":"max-snippet:-1","max-image-preview":"max-image-preview:large","max-video-preview":"max-video-preview:-1"},"canonical":"https:\/\/www.tcuentaslp.gob.ar\/?p=444","og_locale":"es_ES","og_type":"article","og_title":"El Tribunal de Cuentas y su compromiso respecto de la erradicaci\u00f3n de la violencia laboral contra la mujer -","og_description":"Desde su Comit\u00e9 de Responsabilidad Social, el Tribunal de Cuentas de La Pampa procura realizar actividades de capacitaci\u00f3n, difusi\u00f3n, concientizaci\u00f3n ... Leer m\u00e1s...","og_url":"https:\/\/www.tcuentaslp.gob.ar\/?p=444","article_publisher":"https:\/\/es-la.facebook.com\/TdeCLaPampa\/","article_published_time":"2017-10-09T16:08:05+00:00","article_modified_time":"2018-07-17T11:25:00+00:00","og_image":[{"width":930,"height":525,"url":"https:\/\/www.tcuentaslp.gob.ar\/wp-content\/uploads\/2017\/10\/violencia-contra-la-mujer.jpg","type":"image\/jpeg"}],"author":"tribumanager","twitter_card":"summary_large_image","twitter_misc":{"Escrito por":"tribumanager","Tiempo de lectura":"5 minutos"},"schema":{"@context":"https:\/\/schema.org","@graph":[{"@type":"Article","@id":"https:\/\/www.tcuentaslp.gob.ar\/?p=444#article","isPartOf":{"@id":"https:\/\/www.tcuentaslp.gob.ar\/?p=444"},"author":{"name":"tribumanager","@id":"https:\/\/www.tcuentaslp.gob.ar\/#\/schema\/person\/68a3a6277a719a33d6694fcf820f5a21"},"headline":"El Tribunal de Cuentas y su compromiso respecto de la erradicaci\u00f3n de la violencia laboral contra la mujer","datePublished":"2017-10-09T16:08:05+00:00","dateModified":"2018-07-17T11:25:00+00:00","mainEntityOfPage":{"@id":"https:\/\/www.tcuentaslp.gob.ar\/?p=444"},"wordCount":962,"publisher":{"@id":"https:\/\/www.tcuentaslp.gob.ar\/#organization"},"keywords":["g\u00e9nero","Responsabilidad Social"],"articleSection":["Publicaciones"],"inLanguage":"es-AR"},{"@type":"WebPage","@id":"https:\/\/www.tcuentaslp.gob.ar\/?p=444","url":"https:\/\/www.tcuentaslp.gob.ar\/?p=444","name":"El Tribunal de Cuentas y su compromiso respecto de la erradicaci\u00f3n de la violencia laboral contra la mujer -","isPartOf":{"@id":"https:\/\/www.tcuentaslp.gob.ar\/#website"},"datePublished":"2017-10-09T16:08:05+00:00","dateModified":"2018-07-17T11:25:00+00:00","breadcrumb":{"@id":"https:\/\/www.tcuentaslp.gob.ar\/?p=444#breadcrumb"},"inLanguage":"es-AR","potentialAction":[{"@type":"ReadAction","target":["https:\/\/www.tcuentaslp.gob.ar\/?p=444"]}]},{"@type":"BreadcrumbList","@id":"https:\/\/www.tcuentaslp.gob.ar\/?p=444#breadcrumb","itemListElement":[{"@type":"ListItem","position":1,"name":"Inicio","item":"https:\/\/www.tcuentaslp.gob.ar\/"},{"@type":"ListItem","position":2,"name":"El Tribunal de Cuentas y su compromiso respecto de la erradicaci\u00f3n de la violencia laboral contra la mujer"}]},{"@type":"WebSite","@id":"https:\/\/www.tcuentaslp.gob.ar\/#website","url":"https:\/\/www.tcuentaslp.gob.ar\/","name":"Tribunal de Cuentas de La Pampa","description":"","publisher":{"@id":"https:\/\/www.tcuentaslp.gob.ar\/#organization"},"potentialAction":[{"@type":"SearchAction","target":{"@type":"EntryPoint","urlTemplate":"https:\/\/www.tcuentaslp.gob.ar\/?s={search_term_string}"},"query-input":"required name=search_term_string"}],"inLanguage":"es-AR"},{"@type":"Organization","@id":"https:\/\/www.tcuentaslp.gob.ar\/#organization","name":"Tribunal de Cuentas de La Pampa","url":"https:\/\/www.tcuentaslp.gob.ar\/","logo":{"@type":"ImageObject","inLanguage":"es-AR","@id":"https:\/\/www.tcuentaslp.gob.ar\/#\/schema\/logo\/image\/","url":"http:\/\/www.tcuentaslp.gob.ar\/wp-content\/uploads\/2017\/10\/logo_tribunal.png","contentUrl":"http:\/\/www.tcuentaslp.gob.ar\/wp-content\/uploads\/2017\/10\/logo_tribunal.png","width":200,"height":204,"caption":"Tribunal de Cuentas de La Pampa"},"image":{"@id":"https:\/\/www.tcuentaslp.gob.ar\/#\/schema\/logo\/image\/"},"sameAs":["https:\/\/es-la.facebook.com\/TdeCLaPampa\/"]},{"@type":"Person","@id":"https:\/\/www.tcuentaslp.gob.ar\/#\/schema\/person\/68a3a6277a719a33d6694fcf820f5a21","name":"tribumanager"}]}},"_links":{"self":[{"href":"https:\/\/www.tcuentaslp.gob.ar\/index.php?rest_route=\/wp\/v2\/posts\/444"}],"collection":[{"href":"https:\/\/www.tcuentaslp.gob.ar\/index.php?rest_route=\/wp\/v2\/posts"}],"about":[{"href":"https:\/\/www.tcuentaslp.gob.ar\/index.php?rest_route=\/wp\/v2\/types\/post"}],"author":[{"embeddable":true,"href":"https:\/\/www.tcuentaslp.gob.ar\/index.php?rest_route=\/wp\/v2\/users\/1"}],"replies":[{"embeddable":true,"href":"https:\/\/www.tcuentaslp.gob.ar\/index.php?rest_route=%2Fwp%2Fv2%2Fcomments&post=444"}],"version-history":[{"count":6,"href":"https:\/\/www.tcuentaslp.gob.ar\/index.php?rest_route=\/wp\/v2\/posts\/444\/revisions"}],"predecessor-version":[{"id":1212,"href":"https:\/\/www.tcuentaslp.gob.ar\/index.php?rest_route=\/wp\/v2\/posts\/444\/revisions\/1212"}],"wp:featuredmedia":[{"embeddable":true,"href":"https:\/\/www.tcuentaslp.gob.ar\/index.php?rest_route=\/wp\/v2\/media\/601"}],"wp:attachment":[{"href":"https:\/\/www.tcuentaslp.gob.ar\/index.php?rest_route=%2Fwp%2Fv2%2Fmedia&parent=444"}],"wp:term":[{"taxonomy":"category","embeddable":true,"href":"https:\/\/www.tcuentaslp.gob.ar\/index.php?rest_route=%2Fwp%2Fv2%2Fcategories&post=444"},{"taxonomy":"post_tag","embeddable":true,"href":"https:\/\/www.tcuentaslp.gob.ar\/index.php?rest_route=%2Fwp%2Fv2%2Ftags&post=444"}],"curies":[{"name":"wp","href":"https:\/\/api.w.org\/{rel}","templated":true}]}}