{"id":4616,"date":"2023-03-08T13:44:09","date_gmt":"2023-03-08T16:44:09","guid":{"rendered":"https:\/\/www.tcuentaslp.gob.ar\/?p=4616"},"modified":"2023-03-08T13:44:10","modified_gmt":"2023-03-08T16:44:10","slug":"8-de-marzo-dia-internacional-de-la-mujer","status":"publish","type":"post","link":"https:\/\/www.tcuentaslp.gob.ar\/?p=4616","title":{"rendered":"8 DE MARZO DIA INTERNACIONAL DE LA MUJER"},"content":{"rendered":"\n<p>El D\u00eda Internacional de la Mujer se ha instituido como instancia de reflexi\u00f3n sobre el papel de la mujer en el mundo;<\/p>\n\n\n\n<p>Una reivindicaci\u00f3n de la lucha en pro de la equidad, la igualdad y la justicia.<\/p>\n\n\n\n<p>Una celebraci\u00f3n de los actos asumidos por distintas mujeres que enfrentaron desaf\u00edos y generaron cambios en nuestra historia.<\/p>\n\n\n\n<p>Hoy queremos saludar a todas las mujeres que forman parte del equipo de trabajo del Tribunal de Cuentas, reconocer en cada una de ellas el compromiso, esfuerzo y dedicaci\u00f3n con que contribuyen a la participaci\u00f3n plena e igualitaria en la actividad de control que lleva adelante este organismo constitucional.<\/p>\n\n\n\n<p>Agradecemos a nuestro compa\u00f1ero Germ\u00e1n Piccirilli por la colaboraci\u00f3n de la toma fotogr\u00e1fica.<\/p>\n","protected":false},"excerpt":{"rendered":"<p>El D\u00eda Internacional de la Mujer se ha instituido como instancia de reflexi\u00f3n sobre el papel de la mujer en &#8230; <a title=\"8 DE MARZO DIA INTERNACIONAL DE LA MUJER\" class=\"read-more\" href=\"https:\/\/www.tcuentaslp.gob.ar\/?p=4616\">Leer m\u00e1s&#8230;<\/a><\/p>\n","protected":false},"author":3,"featured_media":4617,"comment_status":"closed","ping_status":"closed","sticky":false,"template":"","format":"standard","meta":{"generate_page_header":""},"categories":[5],"tags":[],"yoast_head":"<!-- This site is optimized with the Yoast SEO plugin v20.12 - https:\/\/yoast.com\/wordpress\/plugins\/seo\/ -->\n<title>8 DE MARZO DIA INTERNACIONAL DE LA MUJER -<\/title>\n<meta name=\"robots\" content=\"index, follow, max-snippet:-1, max-image-preview:large, max-video-preview:-1\" \/>\n<link rel=\"canonical\" href=\"https:\/\/www.tcuentaslp.gob.ar\/?p=4616\" \/>\n<meta property=\"og:locale\" content=\"es_ES\" \/>\n<meta property=\"og:type\" content=\"article\" \/>\n<meta property=\"og:title\" content=\"8 DE MARZO DIA INTERNACIONAL DE LA MUJER -\" \/>\n<meta property=\"og:description\" content=\"El D\u00eda Internacional de la Mujer se ha instituido como instancia de reflexi\u00f3n sobre el papel de la mujer en ... Leer m\u00e1s...\" \/>\n<meta property=\"og:url\" content=\"https:\/\/www.tcuentaslp.gob.ar\/?p=4616\" \/>\n<meta property=\"article:publisher\" content=\"https:\/\/es-la.facebook.com\/TdeCLaPampa\/\" \/>\n<meta property=\"article:published_time\" content=\"2023-03-08T16:44:09+00:00\" \/>\n<meta property=\"article:modified_time\" content=\"2023-03-08T16:44:10+00:00\" \/>\n<meta property=\"og:image\" content=\"https:\/\/www.tcuentaslp.gob.ar\/wp-content\/uploads\/2023\/03\/Foto-dia-de-la-Mujer-scaled.jpg\" \/>\n\t<meta property=\"og:image:width\" content=\"2560\" \/>\n\t<meta property=\"og:image:height\" content=\"1602\" \/>\n\t<meta property=\"og:image:type\" content=\"image\/jpeg\" \/>\n<meta name=\"author\" content=\"M\u00f3nica Mataloni\" \/>\n<meta name=\"twitter:card\" content=\"summary_large_image\" \/>\n<meta name=\"twitter:label1\" content=\"Escrito por\" \/>\n\t<meta name=\"twitter:data1\" content=\"M\u00f3nica Mataloni\" \/>\n\t<meta name=\"twitter:label2\" content=\"Tiempo de lectura\" \/>\n\t<meta name=\"twitter:data2\" content=\"1 minuto\" \/>\n<script type=\"application\/ld+json\" class=\"yoast-schema-graph\">{\"@context\":\"https:\/\/schema.org\",\"@graph\":[{\"@type\":\"Article\",\"@id\":\"https:\/\/www.tcuentaslp.gob.ar\/?p=4616#article\",\"isPartOf\":{\"@id\":\"https:\/\/www.tcuentaslp.gob.ar\/?p=4616\"},\"author\":{\"name\":\"M\u00f3nica Mataloni\",\"@id\":\"https:\/\/www.tcuentaslp.gob.ar\/#\/schema\/person\/08bc1fa2c19b665f792be34107b8c79e\"},\"headline\":\"8 DE MARZO DIA INTERNACIONAL DE LA MUJER\",\"datePublished\":\"2023-03-08T16:44:09+00:00\",\"dateModified\":\"2023-03-08T16:44:10+00:00\",\"mainEntityOfPage\":{\"@id\":\"https:\/\/www.tcuentaslp.gob.ar\/?p=4616\"},\"wordCount\":135,\"publisher\":{\"@id\":\"https:\/\/www.tcuentaslp.gob.ar\/#organization\"},\"articleSection\":[\"Noticias\"],\"inLanguage\":\"es-AR\"},{\"@type\":\"WebPage\",\"@id\":\"https:\/\/www.tcuentaslp.gob.ar\/?p=4616\",\"url\":\"https:\/\/www.tcuentaslp.gob.ar\/?p=4616\",\"name\":\"8 DE MARZO DIA INTERNACIONAL DE LA MUJER -\",\"isPartOf\":{\"@id\":\"https:\/\/www.tcuentaslp.gob.ar\/#website\"},\"datePublished\":\"2023-03-08T16:44:09+00:00\",\"dateModified\":\"2023-03-08T16:44:10+00:00\",\"breadcrumb\":{\"@id\":\"https:\/\/www.tcuentaslp.gob.ar\/?p=4616#breadcrumb\"},\"inLanguage\":\"es-AR\",\"potentialAction\":[{\"@type\":\"ReadAction\",\"target\":[\"https:\/\/www.tcuentaslp.gob.ar\/?p=4616\"]}]},{\"@type\":\"BreadcrumbList\",\"@id\":\"https:\/\/www.tcuentaslp.gob.ar\/?p=4616#breadcrumb\",\"itemListElement\":[{\"@type\":\"ListItem\",\"position\":1,\"name\":\"Inicio\",\"item\":\"https:\/\/www.tcuentaslp.gob.ar\/\"},{\"@type\":\"ListItem\",\"position\":2,\"name\":\"8 DE MARZO DIA INTERNACIONAL DE LA MUJER\"}]},{\"@type\":\"WebSite\",\"@id\":\"https:\/\/www.tcuentaslp.gob.ar\/#website\",\"url\":\"https:\/\/www.tcuentaslp.gob.ar\/\",\"name\":\"Tribunal de Cuentas de La Pampa\",\"description\":\"\",\"publisher\":{\"@id\":\"https:\/\/www.tcuentaslp.gob.ar\/#organization\"},\"potentialAction\":[{\"@type\":\"SearchAction\",\"target\":{\"@type\":\"EntryPoint\",\"urlTemplate\":\"https:\/\/www.tcuentaslp.gob.ar\/?s={search_term_string}\"},\"query-input\":\"required name=search_term_string\"}],\"inLanguage\":\"es-AR\"},{\"@type\":\"Organization\",\"@id\":\"https:\/\/www.tcuentaslp.gob.ar\/#organization\",\"name\":\"Tribunal de Cuentas de La Pampa\",\"url\":\"https:\/\/www.tcuentaslp.gob.ar\/\",\"logo\":{\"@type\":\"ImageObject\",\"inLanguage\":\"es-AR\",\"@id\":\"https:\/\/www.tcuentaslp.gob.ar\/#\/schema\/logo\/image\/\",\"url\":\"http:\/\/www.tcuentaslp.gob.ar\/wp-content\/uploads\/2017\/10\/logo_tribunal.png\",\"contentUrl\":\"http:\/\/www.tcuentaslp.gob.ar\/wp-content\/uploads\/2017\/10\/logo_tribunal.png\",\"width\":200,\"height\":204,\"caption\":\"Tribunal de Cuentas de La Pampa\"},\"image\":{\"@id\":\"https:\/\/www.tcuentaslp.gob.ar\/#\/schema\/logo\/image\/\"},\"sameAs\":[\"https:\/\/es-la.facebook.com\/TdeCLaPampa\/\"]},{\"@type\":\"Person\",\"@id\":\"https:\/\/www.tcuentaslp.gob.ar\/#\/schema\/person\/08bc1fa2c19b665f792be34107b8c79e\",\"name\":\"M\u00f3nica Mataloni\"}]}<\/script>\n<!-- \/ Yoast SEO plugin. -->","yoast_head_json":{"title":"8 DE MARZO DIA INTERNACIONAL DE LA MUJER -","robots":{"index":"index","follow":"follow","max-snippet":"max-snippet:-1","max-image-preview":"max-image-preview:large","max-video-preview":"max-video-preview:-1"},"canonical":"https:\/\/www.tcuentaslp.gob.ar\/?p=4616","og_locale":"es_ES","og_type":"article","og_title":"8 DE MARZO DIA INTERNACIONAL DE LA MUJER -","og_description":"El D\u00eda Internacional de la Mujer se ha instituido como instancia de reflexi\u00f3n sobre el papel de la mujer en ... Leer m\u00e1s...","og_url":"https:\/\/www.tcuentaslp.gob.ar\/?p=4616","article_publisher":"https:\/\/es-la.facebook.com\/TdeCLaPampa\/","article_published_time":"2023-03-08T16:44:09+00:00","article_modified_time":"2023-03-08T16:44:10+00:00","og_image":[{"width":2560,"height":1602,"url":"https:\/\/www.tcuentaslp.gob.ar\/wp-content\/uploads\/2023\/03\/Foto-dia-de-la-Mujer-scaled.jpg","type":"image\/jpeg"}],"author":"M\u00f3nica Mataloni","twitter_card":"summary_large_image","twitter_misc":{"Escrito por":"M\u00f3nica Mataloni","Tiempo de lectura":"1 minuto"},"schema":{"@context":"https:\/\/schema.org","@graph":[{"@type":"Article","@id":"https:\/\/www.tcuentaslp.gob.ar\/?p=4616#article","isPartOf":{"@id":"https:\/\/www.tcuentaslp.gob.ar\/?p=4616"},"author":{"name":"M\u00f3nica Mataloni","@id":"https:\/\/www.tcuentaslp.gob.ar\/#\/schema\/person\/08bc1fa2c19b665f792be34107b8c79e"},"headline":"8 DE MARZO DIA INTERNACIONAL DE LA MUJER","datePublished":"2023-03-08T16:44:09+00:00","dateModified":"2023-03-08T16:44:10+00:00","mainEntityOfPage":{"@id":"https:\/\/www.tcuentaslp.gob.ar\/?p=4616"},"wordCount":135,"publisher":{"@id":"https:\/\/www.tcuentaslp.gob.ar\/#organization"},"articleSection":["Noticias"],"inLanguage":"es-AR"},{"@type":"WebPage","@id":"https:\/\/www.tcuentaslp.gob.ar\/?p=4616","url":"https:\/\/www.tcuentaslp.gob.ar\/?p=4616","name":"8 DE MARZO DIA INTERNACIONAL DE LA MUJER -","isPartOf":{"@id":"https:\/\/www.tcuentaslp.gob.ar\/#website"},"datePublished":"2023-03-08T16:44:09+00:00","dateModified":"2023-03-08T16:44:10+00:00","breadcrumb":{"@id":"https:\/\/www.tcuentaslp.gob.ar\/?p=4616#breadcrumb"},"inLanguage":"es-AR","potentialAction":[{"@type":"ReadAction","target":["https:\/\/www.tcuentaslp.gob.ar\/?p=4616"]}]},{"@type":"BreadcrumbList","@id":"https:\/\/www.tcuentaslp.gob.ar\/?p=4616#breadcrumb","itemListElement":[{"@type":"ListItem","position":1,"name":"Inicio","item":"https:\/\/www.tcuentaslp.gob.ar\/"},{"@type":"ListItem","position":2,"name":"8 DE MARZO DIA INTERNACIONAL DE LA MUJER"}]},{"@type":"WebSite","@id":"https:\/\/www.tcuentaslp.gob.ar\/#website","url":"https:\/\/www.tcuentaslp.gob.ar\/","name":"Tribunal de Cuentas de La Pampa","description":"","publisher":{"@id":"https:\/\/www.tcuentaslp.gob.ar\/#organization"},"potentialAction":[{"@type":"SearchAction","target":{"@type":"EntryPoint","urlTemplate":"https:\/\/www.tcuentaslp.gob.ar\/?s={search_term_string}"},"query-input":"required name=search_term_string"}],"inLanguage":"es-AR"},{"@type":"Organization","@id":"https:\/\/www.tcuentaslp.gob.ar\/#organization","name":"Tribunal de Cuentas de La Pampa","url":"https:\/\/www.tcuentaslp.gob.ar\/","logo":{"@type":"ImageObject","inLanguage":"es-AR","@id":"https:\/\/www.tcuentaslp.gob.ar\/#\/schema\/logo\/image\/","url":"http:\/\/www.tcuentaslp.gob.ar\/wp-content\/uploads\/2017\/10\/logo_tribunal.png","contentUrl":"http:\/\/www.tcuentaslp.gob.ar\/wp-content\/uploads\/2017\/10\/logo_tribunal.png","width":200,"height":204,"caption":"Tribunal de Cuentas de La Pampa"},"image":{"@id":"https:\/\/www.tcuentaslp.gob.ar\/#\/schema\/logo\/image\/"},"sameAs":["https:\/\/es-la.facebook.com\/TdeCLaPampa\/"]},{"@type":"Person","@id":"https:\/\/www.tcuentaslp.gob.ar\/#\/schema\/person\/08bc1fa2c19b665f792be34107b8c79e","name":"M\u00f3nica Mataloni"}]}},"_links":{"self":[{"href":"https:\/\/www.tcuentaslp.gob.ar\/index.php?rest_route=\/wp\/v2\/posts\/4616"}],"collection":[{"href":"https:\/\/www.tcuentaslp.gob.ar\/index.php?rest_route=\/wp\/v2\/posts"}],"about":[{"href":"https:\/\/www.tcuentaslp.gob.ar\/index.php?rest_route=\/wp\/v2\/types\/post"}],"author":[{"embeddable":true,"href":"https:\/\/www.tcuentaslp.gob.ar\/index.php?rest_route=\/wp\/v2\/users\/3"}],"replies":[{"embeddable":true,"href":"https:\/\/www.tcuentaslp.gob.ar\/index.php?rest_route=%2Fwp%2Fv2%2Fcomments&post=4616"}],"version-history":[{"count":1,"href":"https:\/\/www.tcuentaslp.gob.ar\/index.php?rest_route=\/wp\/v2\/posts\/4616\/revisions"}],"predecessor-version":[{"id":4618,"href":"https:\/\/www.tcuentaslp.gob.ar\/index.php?rest_route=\/wp\/v2\/posts\/4616\/revisions\/4618"}],"wp:featuredmedia":[{"embeddable":true,"href":"https:\/\/www.tcuentaslp.gob.ar\/index.php?rest_route=\/wp\/v2\/media\/4617"}],"wp:attachment":[{"href":"https:\/\/www.tcuentaslp.gob.ar\/index.php?rest_route=%2Fwp%2Fv2%2Fmedia&parent=4616"}],"wp:term":[{"taxonomy":"category","embeddable":true,"href":"https:\/\/www.tcuentaslp.gob.ar\/index.php?rest_route=%2Fwp%2Fv2%2Fcategories&post=4616"},{"taxonomy":"post_tag","embeddable":true,"href":"https:\/\/www.tcuentaslp.gob.ar\/index.php?rest_route=%2Fwp%2Fv2%2Ftags&post=4616"}],"curies":[{"name":"wp","href":"https:\/\/api.w.org\/{rel}","templated":true}]}}