{"id":4745,"date":"2023-08-15T09:58:47","date_gmt":"2023-08-15T12:58:47","guid":{"rendered":"https:\/\/www.tcuentaslp.gob.ar\/?p=4745"},"modified":"2023-08-15T09:58:48","modified_gmt":"2023-08-15T12:58:48","slug":"visita-de-las-autoridades-del-tribunal-de-cuentas-al-hospital-rene-favaloro","status":"publish","type":"post","link":"https:\/\/www.tcuentaslp.gob.ar\/?p=4745","title":{"rendered":"VISITA DE LAS AUTORIDADES DEL TRIBUNAL DE CUENTAS AL HOSPITAL \u201cREN\u00c9 FAVALORO\u201d"},"content":{"rendered":"\n<p>Las autoridades del Tribunal de Cuentas realizaron una visita al Hospital de Complejidad Creciente \u201cRen\u00e9 Favaloro\u201d de Santa Rosa, junto a los funcionarios del Ministerio de Salud.<\/p>\n\n\n\n<p>Estuvieron la presidenta del TdeC Mar\u00eda Alejandra Mac Allister; el vocal de Sala I Jos\u00e9 Carlos Moslares; el vocal subrogante de Sala II Cristian Kathrein y referentes de \u00e1reas, junto al ministro de Salud, Mario Rub\u00e9n Kohan; el subsecretario de Salud, Gustavo Vera; los directores del Hospital, Ra\u00fal \u00c1lvarez, Laura Rivera y Oscar Cerignana; y la ingeniera Mar\u00eda Jos\u00e9 Urcola.<\/p>\n\n\n\n<p>Se recorrieron los sectores de diagn\u00f3stico por imagen, quir\u00f3fanos, sala de internaci\u00f3n, guardia central y la unidad de cuidados cr\u00edticos pedi\u00e1tricos, entre otras dependencias, en las que las autoridades de Salud brindaron informaci\u00f3n acerca del funcionamiento del hospital, \u00e1reas operativas y equipamientos de avanzada que lo conforman.<\/p>\n\n\n\n<p>El TdeC tiene entre sus funciones el control de las inversiones realizadas por esa cartera en la red de Salud P\u00fablica de la Provincia.<\/p>\n","protected":false},"excerpt":{"rendered":"<p>Las autoridades del Tribunal de Cuentas realizaron una visita al Hospital de Complejidad Creciente \u201cRen\u00e9 Favaloro\u201d de Santa Rosa, junto &#8230; <a title=\"VISITA DE LAS AUTORIDADES DEL TRIBUNAL DE CUENTAS AL HOSPITAL \u201cREN\u00c9 FAVALORO\u201d\" class=\"read-more\" href=\"https:\/\/www.tcuentaslp.gob.ar\/?p=4745\">Leer m\u00e1s&#8230;<\/a><\/p>\n","protected":false},"author":4,"featured_media":4746,"comment_status":"closed","ping_status":"closed","sticky":false,"template":"","format":"standard","meta":{"generate_page_header":""},"categories":[5],"tags":[],"yoast_head":"<!-- This site is optimized with the Yoast SEO plugin v20.12 - https:\/\/yoast.com\/wordpress\/plugins\/seo\/ -->\n<title>VISITA DE LAS AUTORIDADES DEL TRIBUNAL DE CUENTAS AL HOSPITAL \u201cREN\u00c9 FAVALORO\u201d -<\/title>\n<meta name=\"robots\" content=\"index, follow, max-snippet:-1, max-image-preview:large, max-video-preview:-1\" \/>\n<link rel=\"canonical\" href=\"https:\/\/www.tcuentaslp.gob.ar\/?p=4745\" \/>\n<meta property=\"og:locale\" content=\"es_ES\" \/>\n<meta property=\"og:type\" content=\"article\" \/>\n<meta property=\"og:title\" content=\"VISITA DE LAS AUTORIDADES DEL TRIBUNAL DE CUENTAS AL HOSPITAL \u201cREN\u00c9 FAVALORO\u201d -\" \/>\n<meta property=\"og:description\" content=\"Las autoridades del Tribunal de Cuentas realizaron una visita al Hospital de Complejidad Creciente \u201cRen\u00e9 Favaloro\u201d de Santa Rosa, junto ... Leer m\u00e1s...\" \/>\n<meta property=\"og:url\" content=\"https:\/\/www.tcuentaslp.gob.ar\/?p=4745\" \/>\n<meta property=\"article:publisher\" content=\"https:\/\/es-la.facebook.com\/TdeCLaPampa\/\" \/>\n<meta property=\"article:published_time\" content=\"2023-08-15T12:58:47+00:00\" \/>\n<meta property=\"article:modified_time\" content=\"2023-08-15T12:58:48+00:00\" \/>\n<meta property=\"og:image\" content=\"https:\/\/www.tcuentaslp.gob.ar\/wp-content\/uploads\/2023\/08\/Visita-de-las-autoridades-del-Tribunal-de-Cuentas-al-hospital-Rene-scaled.jpg\" \/>\n\t<meta property=\"og:image:width\" content=\"2560\" \/>\n\t<meta property=\"og:image:height\" content=\"1709\" \/>\n\t<meta property=\"og:image:type\" content=\"image\/jpeg\" \/>\n<meta name=\"author\" content=\"Luc\u00eda Pedernera\" \/>\n<meta name=\"twitter:card\" content=\"summary_large_image\" \/>\n<meta name=\"twitter:label1\" content=\"Escrito por\" \/>\n\t<meta name=\"twitter:data1\" content=\"Luc\u00eda Pedernera\" \/>\n\t<meta name=\"twitter:label2\" content=\"Tiempo de lectura\" \/>\n\t<meta name=\"twitter:data2\" content=\"1 minuto\" \/>\n<script type=\"application\/ld+json\" class=\"yoast-schema-graph\">{\"@context\":\"https:\/\/schema.org\",\"@graph\":[{\"@type\":\"Article\",\"@id\":\"https:\/\/www.tcuentaslp.gob.ar\/?p=4745#article\",\"isPartOf\":{\"@id\":\"https:\/\/www.tcuentaslp.gob.ar\/?p=4745\"},\"author\":{\"name\":\"Luc\u00eda Pedernera\",\"@id\":\"https:\/\/www.tcuentaslp.gob.ar\/#\/schema\/person\/6cf21aaafea0ca377e16951cd59b6914\"},\"headline\":\"VISITA DE LAS AUTORIDADES DEL TRIBUNAL DE CUENTAS AL HOSPITAL \u201cREN\u00c9 FAVALORO\u201d\",\"datePublished\":\"2023-08-15T12:58:47+00:00\",\"dateModified\":\"2023-08-15T12:58:48+00:00\",\"mainEntityOfPage\":{\"@id\":\"https:\/\/www.tcuentaslp.gob.ar\/?p=4745\"},\"wordCount\":181,\"publisher\":{\"@id\":\"https:\/\/www.tcuentaslp.gob.ar\/#organization\"},\"articleSection\":[\"Noticias\"],\"inLanguage\":\"es-AR\"},{\"@type\":\"WebPage\",\"@id\":\"https:\/\/www.tcuentaslp.gob.ar\/?p=4745\",\"url\":\"https:\/\/www.tcuentaslp.gob.ar\/?p=4745\",\"name\":\"VISITA DE LAS AUTORIDADES DEL TRIBUNAL DE CUENTAS AL HOSPITAL \u201cREN\u00c9 FAVALORO\u201d -\",\"isPartOf\":{\"@id\":\"https:\/\/www.tcuentaslp.gob.ar\/#website\"},\"datePublished\":\"2023-08-15T12:58:47+00:00\",\"dateModified\":\"2023-08-15T12:58:48+00:00\",\"breadcrumb\":{\"@id\":\"https:\/\/www.tcuentaslp.gob.ar\/?p=4745#breadcrumb\"},\"inLanguage\":\"es-AR\",\"potentialAction\":[{\"@type\":\"ReadAction\",\"target\":[\"https:\/\/www.tcuentaslp.gob.ar\/?p=4745\"]}]},{\"@type\":\"BreadcrumbList\",\"@id\":\"https:\/\/www.tcuentaslp.gob.ar\/?p=4745#breadcrumb\",\"itemListElement\":[{\"@type\":\"ListItem\",\"position\":1,\"name\":\"Inicio\",\"item\":\"https:\/\/www.tcuentaslp.gob.ar\/\"},{\"@type\":\"ListItem\",\"position\":2,\"name\":\"VISITA DE LAS AUTORIDADES DEL TRIBUNAL DE CUENTAS AL HOSPITAL \u201cREN\u00c9 FAVALORO\u201d\"}]},{\"@type\":\"WebSite\",\"@id\":\"https:\/\/www.tcuentaslp.gob.ar\/#website\",\"url\":\"https:\/\/www.tcuentaslp.gob.ar\/\",\"name\":\"Tribunal de Cuentas de La Pampa\",\"description\":\"\",\"publisher\":{\"@id\":\"https:\/\/www.tcuentaslp.gob.ar\/#organization\"},\"potentialAction\":[{\"@type\":\"SearchAction\",\"target\":{\"@type\":\"EntryPoint\",\"urlTemplate\":\"https:\/\/www.tcuentaslp.gob.ar\/?s={search_term_string}\"},\"query-input\":\"required name=search_term_string\"}],\"inLanguage\":\"es-AR\"},{\"@type\":\"Organization\",\"@id\":\"https:\/\/www.tcuentaslp.gob.ar\/#organization\",\"name\":\"Tribunal de Cuentas de La Pampa\",\"url\":\"https:\/\/www.tcuentaslp.gob.ar\/\",\"logo\":{\"@type\":\"ImageObject\",\"inLanguage\":\"es-AR\",\"@id\":\"https:\/\/www.tcuentaslp.gob.ar\/#\/schema\/logo\/image\/\",\"url\":\"http:\/\/www.tcuentaslp.gob.ar\/wp-content\/uploads\/2017\/10\/logo_tribunal.png\",\"contentUrl\":\"http:\/\/www.tcuentaslp.gob.ar\/wp-content\/uploads\/2017\/10\/logo_tribunal.png\",\"width\":200,\"height\":204,\"caption\":\"Tribunal de Cuentas de La Pampa\"},\"image\":{\"@id\":\"https:\/\/www.tcuentaslp.gob.ar\/#\/schema\/logo\/image\/\"},\"sameAs\":[\"https:\/\/es-la.facebook.com\/TdeCLaPampa\/\"]},{\"@type\":\"Person\",\"@id\":\"https:\/\/www.tcuentaslp.gob.ar\/#\/schema\/person\/6cf21aaafea0ca377e16951cd59b6914\",\"name\":\"Luc\u00eda Pedernera\"}]}<\/script>\n<!-- \/ Yoast SEO plugin. -->","yoast_head_json":{"title":"VISITA DE LAS AUTORIDADES DEL TRIBUNAL DE CUENTAS AL HOSPITAL \u201cREN\u00c9 FAVALORO\u201d -","robots":{"index":"index","follow":"follow","max-snippet":"max-snippet:-1","max-image-preview":"max-image-preview:large","max-video-preview":"max-video-preview:-1"},"canonical":"https:\/\/www.tcuentaslp.gob.ar\/?p=4745","og_locale":"es_ES","og_type":"article","og_title":"VISITA DE LAS AUTORIDADES DEL TRIBUNAL DE CUENTAS AL HOSPITAL \u201cREN\u00c9 FAVALORO\u201d -","og_description":"Las autoridades del Tribunal de Cuentas realizaron una visita al Hospital de Complejidad Creciente \u201cRen\u00e9 Favaloro\u201d de Santa Rosa, junto ... Leer m\u00e1s...","og_url":"https:\/\/www.tcuentaslp.gob.ar\/?p=4745","article_publisher":"https:\/\/es-la.facebook.com\/TdeCLaPampa\/","article_published_time":"2023-08-15T12:58:47+00:00","article_modified_time":"2023-08-15T12:58:48+00:00","og_image":[{"width":2560,"height":1709,"url":"https:\/\/www.tcuentaslp.gob.ar\/wp-content\/uploads\/2023\/08\/Visita-de-las-autoridades-del-Tribunal-de-Cuentas-al-hospital-Rene-scaled.jpg","type":"image\/jpeg"}],"author":"Luc\u00eda Pedernera","twitter_card":"summary_large_image","twitter_misc":{"Escrito por":"Luc\u00eda Pedernera","Tiempo de lectura":"1 minuto"},"schema":{"@context":"https:\/\/schema.org","@graph":[{"@type":"Article","@id":"https:\/\/www.tcuentaslp.gob.ar\/?p=4745#article","isPartOf":{"@id":"https:\/\/www.tcuentaslp.gob.ar\/?p=4745"},"author":{"name":"Luc\u00eda Pedernera","@id":"https:\/\/www.tcuentaslp.gob.ar\/#\/schema\/person\/6cf21aaafea0ca377e16951cd59b6914"},"headline":"VISITA DE LAS AUTORIDADES DEL TRIBUNAL DE CUENTAS AL HOSPITAL \u201cREN\u00c9 FAVALORO\u201d","datePublished":"2023-08-15T12:58:47+00:00","dateModified":"2023-08-15T12:58:48+00:00","mainEntityOfPage":{"@id":"https:\/\/www.tcuentaslp.gob.ar\/?p=4745"},"wordCount":181,"publisher":{"@id":"https:\/\/www.tcuentaslp.gob.ar\/#organization"},"articleSection":["Noticias"],"inLanguage":"es-AR"},{"@type":"WebPage","@id":"https:\/\/www.tcuentaslp.gob.ar\/?p=4745","url":"https:\/\/www.tcuentaslp.gob.ar\/?p=4745","name":"VISITA DE LAS AUTORIDADES DEL TRIBUNAL DE CUENTAS AL HOSPITAL \u201cREN\u00c9 FAVALORO\u201d -","isPartOf":{"@id":"https:\/\/www.tcuentaslp.gob.ar\/#website"},"datePublished":"2023-08-15T12:58:47+00:00","dateModified":"2023-08-15T12:58:48+00:00","breadcrumb":{"@id":"https:\/\/www.tcuentaslp.gob.ar\/?p=4745#breadcrumb"},"inLanguage":"es-AR","potentialAction":[{"@type":"ReadAction","target":["https:\/\/www.tcuentaslp.gob.ar\/?p=4745"]}]},{"@type":"BreadcrumbList","@id":"https:\/\/www.tcuentaslp.gob.ar\/?p=4745#breadcrumb","itemListElement":[{"@type":"ListItem","position":1,"name":"Inicio","item":"https:\/\/www.tcuentaslp.gob.ar\/"},{"@type":"ListItem","position":2,"name":"VISITA DE LAS AUTORIDADES DEL TRIBUNAL DE CUENTAS AL HOSPITAL \u201cREN\u00c9 FAVALORO\u201d"}]},{"@type":"WebSite","@id":"https:\/\/www.tcuentaslp.gob.ar\/#website","url":"https:\/\/www.tcuentaslp.gob.ar\/","name":"Tribunal de Cuentas de La Pampa","description":"","publisher":{"@id":"https:\/\/www.tcuentaslp.gob.ar\/#organization"},"potentialAction":[{"@type":"SearchAction","target":{"@type":"EntryPoint","urlTemplate":"https:\/\/www.tcuentaslp.gob.ar\/?s={search_term_string}"},"query-input":"required name=search_term_string"}],"inLanguage":"es-AR"},{"@type":"Organization","@id":"https:\/\/www.tcuentaslp.gob.ar\/#organization","name":"Tribunal de Cuentas de La Pampa","url":"https:\/\/www.tcuentaslp.gob.ar\/","logo":{"@type":"ImageObject","inLanguage":"es-AR","@id":"https:\/\/www.tcuentaslp.gob.ar\/#\/schema\/logo\/image\/","url":"http:\/\/www.tcuentaslp.gob.ar\/wp-content\/uploads\/2017\/10\/logo_tribunal.png","contentUrl":"http:\/\/www.tcuentaslp.gob.ar\/wp-content\/uploads\/2017\/10\/logo_tribunal.png","width":200,"height":204,"caption":"Tribunal de Cuentas de La Pampa"},"image":{"@id":"https:\/\/www.tcuentaslp.gob.ar\/#\/schema\/logo\/image\/"},"sameAs":["https:\/\/es-la.facebook.com\/TdeCLaPampa\/"]},{"@type":"Person","@id":"https:\/\/www.tcuentaslp.gob.ar\/#\/schema\/person\/6cf21aaafea0ca377e16951cd59b6914","name":"Luc\u00eda Pedernera"}]}},"_links":{"self":[{"href":"https:\/\/www.tcuentaslp.gob.ar\/index.php?rest_route=\/wp\/v2\/posts\/4745"}],"collection":[{"href":"https:\/\/www.tcuentaslp.gob.ar\/index.php?rest_route=\/wp\/v2\/posts"}],"about":[{"href":"https:\/\/www.tcuentaslp.gob.ar\/index.php?rest_route=\/wp\/v2\/types\/post"}],"author":[{"embeddable":true,"href":"https:\/\/www.tcuentaslp.gob.ar\/index.php?rest_route=\/wp\/v2\/users\/4"}],"replies":[{"embeddable":true,"href":"https:\/\/www.tcuentaslp.gob.ar\/index.php?rest_route=%2Fwp%2Fv2%2Fcomments&post=4745"}],"version-history":[{"count":2,"href":"https:\/\/www.tcuentaslp.gob.ar\/index.php?rest_route=\/wp\/v2\/posts\/4745\/revisions"}],"predecessor-version":[{"id":4748,"href":"https:\/\/www.tcuentaslp.gob.ar\/index.php?rest_route=\/wp\/v2\/posts\/4745\/revisions\/4748"}],"wp:featuredmedia":[{"embeddable":true,"href":"https:\/\/www.tcuentaslp.gob.ar\/index.php?rest_route=\/wp\/v2\/media\/4746"}],"wp:attachment":[{"href":"https:\/\/www.tcuentaslp.gob.ar\/index.php?rest_route=%2Fwp%2Fv2%2Fmedia&parent=4745"}],"wp:term":[{"taxonomy":"category","embeddable":true,"href":"https:\/\/www.tcuentaslp.gob.ar\/index.php?rest_route=%2Fwp%2Fv2%2Fcategories&post=4745"},{"taxonomy":"post_tag","embeddable":true,"href":"https:\/\/www.tcuentaslp.gob.ar\/index.php?rest_route=%2Fwp%2Fv2%2Ftags&post=4745"}],"curies":[{"name":"wp","href":"https:\/\/api.w.org\/{rel}","templated":true}]}}