{"id":4799,"date":"2023-08-22T11:39:09","date_gmt":"2023-08-22T14:39:09","guid":{"rendered":"https:\/\/www.tcuentaslp.gob.ar\/?p=4799"},"modified":"2023-08-22T11:39:10","modified_gmt":"2023-08-22T14:39:10","slug":"convenio-entre-los-tribunales-de-cuentas-de-buenos-aires-y-la-pampa","status":"publish","type":"post","link":"https:\/\/www.tcuentaslp.gob.ar\/?p=4799","title":{"rendered":"CONVENIO ENTRE LOS TRIBUNALES DE CUENTAS DE BUENOS AIRES Y LA PAMPA"},"content":{"rendered":"\n<p>Con fecha 2 de agosto de 2023 los Tribunales de Cuentas de La Pampa y Buenos Aires suscribieron el convenio marco de complementaci\u00f3n, cooperaci\u00f3n y asistencia rec\u00edproca de car\u00e1cter t\u00e9cnico, acad\u00e9mico, tecnol\u00f3gico y de servicio para potenciar sus respectivas capacidades institucionales como entidades de control gubernamental externo.<\/p>\n\n\n\n<p>El mismo fu\u00e9 refrendado por sus Presidentes: Mar\u00eda Alejandra Mac Allister y Federico Gast\u00f3n Thea, desarroll\u00e1ndose el 22 de agosto el primer encuentro virtual de autoridades y equipos t\u00e9cnicos para avanzar en el cronograma de actividades conjuntas que principiar\u00e1 con la capacitaci\u00f3n -bajo el m\u00f3dulo taller- en materia de auditor\u00edas.<\/p>\n\n\n\n<p>Ambos organismos destacaron la importancia del v\u00ednculo institucional que sostienen y se afianza con el convenio de referencia que se constituye en modelo de trabajo a referenciar en el Secretariado Permanente de Tribunales de Cuentas de la Rep\u00fablica Argentina.<\/p>\n","protected":false},"excerpt":{"rendered":"<p>Con fecha 2 de agosto de 2023 los Tribunales de Cuentas de La Pampa y Buenos Aires suscribieron el convenio &#8230; <a title=\"CONVENIO ENTRE LOS TRIBUNALES DE CUENTAS DE BUENOS AIRES Y LA PAMPA\" class=\"read-more\" href=\"https:\/\/www.tcuentaslp.gob.ar\/?p=4799\">Leer m\u00e1s&#8230;<\/a><\/p>\n","protected":false},"author":4,"featured_media":4801,"comment_status":"closed","ping_status":"closed","sticky":false,"template":"","format":"standard","meta":{"generate_page_header":""},"categories":[5],"tags":[],"yoast_head":"<!-- This site is optimized with the Yoast SEO plugin v20.12 - https:\/\/yoast.com\/wordpress\/plugins\/seo\/ -->\n<title>CONVENIO ENTRE LOS TRIBUNALES DE CUENTAS DE BUENOS AIRES Y LA PAMPA -<\/title>\n<meta name=\"robots\" content=\"index, follow, max-snippet:-1, max-image-preview:large, max-video-preview:-1\" \/>\n<link rel=\"canonical\" href=\"https:\/\/www.tcuentaslp.gob.ar\/?p=4799\" \/>\n<meta property=\"og:locale\" content=\"es_ES\" \/>\n<meta property=\"og:type\" content=\"article\" \/>\n<meta property=\"og:title\" content=\"CONVENIO ENTRE LOS TRIBUNALES DE CUENTAS DE BUENOS AIRES Y LA PAMPA -\" \/>\n<meta property=\"og:description\" content=\"Con fecha 2 de agosto de 2023 los Tribunales de Cuentas de La Pampa y Buenos Aires suscribieron el convenio ... Leer m\u00e1s...\" \/>\n<meta property=\"og:url\" content=\"https:\/\/www.tcuentaslp.gob.ar\/?p=4799\" \/>\n<meta property=\"article:publisher\" content=\"https:\/\/es-la.facebook.com\/TdeCLaPampa\/\" \/>\n<meta property=\"article:published_time\" content=\"2023-08-22T14:39:09+00:00\" \/>\n<meta property=\"article:modified_time\" content=\"2023-08-22T14:39:10+00:00\" \/>\n<meta property=\"og:image\" content=\"https:\/\/www.tcuentaslp.gob.ar\/wp-content\/uploads\/2023\/08\/Reunion-Tribunales-de-Cuentas-scaled.jpg\" \/>\n\t<meta property=\"og:image:width\" content=\"2560\" \/>\n\t<meta property=\"og:image:height\" content=\"1193\" \/>\n\t<meta property=\"og:image:type\" content=\"image\/jpeg\" \/>\n<meta name=\"author\" content=\"Luc\u00eda Pedernera\" \/>\n<meta name=\"twitter:card\" content=\"summary_large_image\" \/>\n<meta name=\"twitter:label1\" content=\"Escrito por\" \/>\n\t<meta name=\"twitter:data1\" content=\"Luc\u00eda Pedernera\" \/>\n\t<meta name=\"twitter:label2\" content=\"Tiempo de lectura\" \/>\n\t<meta name=\"twitter:data2\" content=\"1 minuto\" \/>\n<script type=\"application\/ld+json\" class=\"yoast-schema-graph\">{\"@context\":\"https:\/\/schema.org\",\"@graph\":[{\"@type\":\"Article\",\"@id\":\"https:\/\/www.tcuentaslp.gob.ar\/?p=4799#article\",\"isPartOf\":{\"@id\":\"https:\/\/www.tcuentaslp.gob.ar\/?p=4799\"},\"author\":{\"name\":\"Luc\u00eda Pedernera\",\"@id\":\"https:\/\/www.tcuentaslp.gob.ar\/#\/schema\/person\/6cf21aaafea0ca377e16951cd59b6914\"},\"headline\":\"CONVENIO ENTRE LOS TRIBUNALES DE CUENTAS DE BUENOS AIRES Y LA PAMPA\",\"datePublished\":\"2023-08-22T14:39:09+00:00\",\"dateModified\":\"2023-08-22T14:39:10+00:00\",\"mainEntityOfPage\":{\"@id\":\"https:\/\/www.tcuentaslp.gob.ar\/?p=4799\"},\"wordCount\":161,\"publisher\":{\"@id\":\"https:\/\/www.tcuentaslp.gob.ar\/#organization\"},\"articleSection\":[\"Noticias\"],\"inLanguage\":\"es-AR\"},{\"@type\":\"WebPage\",\"@id\":\"https:\/\/www.tcuentaslp.gob.ar\/?p=4799\",\"url\":\"https:\/\/www.tcuentaslp.gob.ar\/?p=4799\",\"name\":\"CONVENIO ENTRE LOS TRIBUNALES DE CUENTAS DE BUENOS AIRES Y LA PAMPA -\",\"isPartOf\":{\"@id\":\"https:\/\/www.tcuentaslp.gob.ar\/#website\"},\"datePublished\":\"2023-08-22T14:39:09+00:00\",\"dateModified\":\"2023-08-22T14:39:10+00:00\",\"breadcrumb\":{\"@id\":\"https:\/\/www.tcuentaslp.gob.ar\/?p=4799#breadcrumb\"},\"inLanguage\":\"es-AR\",\"potentialAction\":[{\"@type\":\"ReadAction\",\"target\":[\"https:\/\/www.tcuentaslp.gob.ar\/?p=4799\"]}]},{\"@type\":\"BreadcrumbList\",\"@id\":\"https:\/\/www.tcuentaslp.gob.ar\/?p=4799#breadcrumb\",\"itemListElement\":[{\"@type\":\"ListItem\",\"position\":1,\"name\":\"Inicio\",\"item\":\"https:\/\/www.tcuentaslp.gob.ar\/\"},{\"@type\":\"ListItem\",\"position\":2,\"name\":\"CONVENIO ENTRE LOS TRIBUNALES DE CUENTAS DE BUENOS AIRES Y LA PAMPA\"}]},{\"@type\":\"WebSite\",\"@id\":\"https:\/\/www.tcuentaslp.gob.ar\/#website\",\"url\":\"https:\/\/www.tcuentaslp.gob.ar\/\",\"name\":\"Tribunal de Cuentas de La Pampa\",\"description\":\"\",\"publisher\":{\"@id\":\"https:\/\/www.tcuentaslp.gob.ar\/#organization\"},\"potentialAction\":[{\"@type\":\"SearchAction\",\"target\":{\"@type\":\"EntryPoint\",\"urlTemplate\":\"https:\/\/www.tcuentaslp.gob.ar\/?s={search_term_string}\"},\"query-input\":\"required name=search_term_string\"}],\"inLanguage\":\"es-AR\"},{\"@type\":\"Organization\",\"@id\":\"https:\/\/www.tcuentaslp.gob.ar\/#organization\",\"name\":\"Tribunal de Cuentas de La Pampa\",\"url\":\"https:\/\/www.tcuentaslp.gob.ar\/\",\"logo\":{\"@type\":\"ImageObject\",\"inLanguage\":\"es-AR\",\"@id\":\"https:\/\/www.tcuentaslp.gob.ar\/#\/schema\/logo\/image\/\",\"url\":\"http:\/\/www.tcuentaslp.gob.ar\/wp-content\/uploads\/2017\/10\/logo_tribunal.png\",\"contentUrl\":\"http:\/\/www.tcuentaslp.gob.ar\/wp-content\/uploads\/2017\/10\/logo_tribunal.png\",\"width\":200,\"height\":204,\"caption\":\"Tribunal de Cuentas de La Pampa\"},\"image\":{\"@id\":\"https:\/\/www.tcuentaslp.gob.ar\/#\/schema\/logo\/image\/\"},\"sameAs\":[\"https:\/\/es-la.facebook.com\/TdeCLaPampa\/\"]},{\"@type\":\"Person\",\"@id\":\"https:\/\/www.tcuentaslp.gob.ar\/#\/schema\/person\/6cf21aaafea0ca377e16951cd59b6914\",\"name\":\"Luc\u00eda Pedernera\"}]}<\/script>\n<!-- \/ Yoast SEO plugin. -->","yoast_head_json":{"title":"CONVENIO ENTRE LOS TRIBUNALES DE CUENTAS DE BUENOS AIRES Y LA PAMPA -","robots":{"index":"index","follow":"follow","max-snippet":"max-snippet:-1","max-image-preview":"max-image-preview:large","max-video-preview":"max-video-preview:-1"},"canonical":"https:\/\/www.tcuentaslp.gob.ar\/?p=4799","og_locale":"es_ES","og_type":"article","og_title":"CONVENIO ENTRE LOS TRIBUNALES DE CUENTAS DE BUENOS AIRES Y LA PAMPA -","og_description":"Con fecha 2 de agosto de 2023 los Tribunales de Cuentas de La Pampa y Buenos Aires suscribieron el convenio ... Leer m\u00e1s...","og_url":"https:\/\/www.tcuentaslp.gob.ar\/?p=4799","article_publisher":"https:\/\/es-la.facebook.com\/TdeCLaPampa\/","article_published_time":"2023-08-22T14:39:09+00:00","article_modified_time":"2023-08-22T14:39:10+00:00","og_image":[{"width":2560,"height":1193,"url":"https:\/\/www.tcuentaslp.gob.ar\/wp-content\/uploads\/2023\/08\/Reunion-Tribunales-de-Cuentas-scaled.jpg","type":"image\/jpeg"}],"author":"Luc\u00eda Pedernera","twitter_card":"summary_large_image","twitter_misc":{"Escrito por":"Luc\u00eda Pedernera","Tiempo de lectura":"1 minuto"},"schema":{"@context":"https:\/\/schema.org","@graph":[{"@type":"Article","@id":"https:\/\/www.tcuentaslp.gob.ar\/?p=4799#article","isPartOf":{"@id":"https:\/\/www.tcuentaslp.gob.ar\/?p=4799"},"author":{"name":"Luc\u00eda Pedernera","@id":"https:\/\/www.tcuentaslp.gob.ar\/#\/schema\/person\/6cf21aaafea0ca377e16951cd59b6914"},"headline":"CONVENIO ENTRE LOS TRIBUNALES DE CUENTAS DE BUENOS AIRES Y LA PAMPA","datePublished":"2023-08-22T14:39:09+00:00","dateModified":"2023-08-22T14:39:10+00:00","mainEntityOfPage":{"@id":"https:\/\/www.tcuentaslp.gob.ar\/?p=4799"},"wordCount":161,"publisher":{"@id":"https:\/\/www.tcuentaslp.gob.ar\/#organization"},"articleSection":["Noticias"],"inLanguage":"es-AR"},{"@type":"WebPage","@id":"https:\/\/www.tcuentaslp.gob.ar\/?p=4799","url":"https:\/\/www.tcuentaslp.gob.ar\/?p=4799","name":"CONVENIO ENTRE LOS TRIBUNALES DE CUENTAS DE BUENOS AIRES Y LA PAMPA -","isPartOf":{"@id":"https:\/\/www.tcuentaslp.gob.ar\/#website"},"datePublished":"2023-08-22T14:39:09+00:00","dateModified":"2023-08-22T14:39:10+00:00","breadcrumb":{"@id":"https:\/\/www.tcuentaslp.gob.ar\/?p=4799#breadcrumb"},"inLanguage":"es-AR","potentialAction":[{"@type":"ReadAction","target":["https:\/\/www.tcuentaslp.gob.ar\/?p=4799"]}]},{"@type":"BreadcrumbList","@id":"https:\/\/www.tcuentaslp.gob.ar\/?p=4799#breadcrumb","itemListElement":[{"@type":"ListItem","position":1,"name":"Inicio","item":"https:\/\/www.tcuentaslp.gob.ar\/"},{"@type":"ListItem","position":2,"name":"CONVENIO ENTRE LOS TRIBUNALES DE CUENTAS DE BUENOS AIRES Y LA PAMPA"}]},{"@type":"WebSite","@id":"https:\/\/www.tcuentaslp.gob.ar\/#website","url":"https:\/\/www.tcuentaslp.gob.ar\/","name":"Tribunal de Cuentas de La Pampa","description":"","publisher":{"@id":"https:\/\/www.tcuentaslp.gob.ar\/#organization"},"potentialAction":[{"@type":"SearchAction","target":{"@type":"EntryPoint","urlTemplate":"https:\/\/www.tcuentaslp.gob.ar\/?s={search_term_string}"},"query-input":"required name=search_term_string"}],"inLanguage":"es-AR"},{"@type":"Organization","@id":"https:\/\/www.tcuentaslp.gob.ar\/#organization","name":"Tribunal de Cuentas de La Pampa","url":"https:\/\/www.tcuentaslp.gob.ar\/","logo":{"@type":"ImageObject","inLanguage":"es-AR","@id":"https:\/\/www.tcuentaslp.gob.ar\/#\/schema\/logo\/image\/","url":"http:\/\/www.tcuentaslp.gob.ar\/wp-content\/uploads\/2017\/10\/logo_tribunal.png","contentUrl":"http:\/\/www.tcuentaslp.gob.ar\/wp-content\/uploads\/2017\/10\/logo_tribunal.png","width":200,"height":204,"caption":"Tribunal de Cuentas de La Pampa"},"image":{"@id":"https:\/\/www.tcuentaslp.gob.ar\/#\/schema\/logo\/image\/"},"sameAs":["https:\/\/es-la.facebook.com\/TdeCLaPampa\/"]},{"@type":"Person","@id":"https:\/\/www.tcuentaslp.gob.ar\/#\/schema\/person\/6cf21aaafea0ca377e16951cd59b6914","name":"Luc\u00eda Pedernera"}]}},"_links":{"self":[{"href":"https:\/\/www.tcuentaslp.gob.ar\/index.php?rest_route=\/wp\/v2\/posts\/4799"}],"collection":[{"href":"https:\/\/www.tcuentaslp.gob.ar\/index.php?rest_route=\/wp\/v2\/posts"}],"about":[{"href":"https:\/\/www.tcuentaslp.gob.ar\/index.php?rest_route=\/wp\/v2\/types\/post"}],"author":[{"embeddable":true,"href":"https:\/\/www.tcuentaslp.gob.ar\/index.php?rest_route=\/wp\/v2\/users\/4"}],"replies":[{"embeddable":true,"href":"https:\/\/www.tcuentaslp.gob.ar\/index.php?rest_route=%2Fwp%2Fv2%2Fcomments&post=4799"}],"version-history":[{"count":1,"href":"https:\/\/www.tcuentaslp.gob.ar\/index.php?rest_route=\/wp\/v2\/posts\/4799\/revisions"}],"predecessor-version":[{"id":4800,"href":"https:\/\/www.tcuentaslp.gob.ar\/index.php?rest_route=\/wp\/v2\/posts\/4799\/revisions\/4800"}],"wp:featuredmedia":[{"embeddable":true,"href":"https:\/\/www.tcuentaslp.gob.ar\/index.php?rest_route=\/wp\/v2\/media\/4801"}],"wp:attachment":[{"href":"https:\/\/www.tcuentaslp.gob.ar\/index.php?rest_route=%2Fwp%2Fv2%2Fmedia&parent=4799"}],"wp:term":[{"taxonomy":"category","embeddable":true,"href":"https:\/\/www.tcuentaslp.gob.ar\/index.php?rest_route=%2Fwp%2Fv2%2Fcategories&post=4799"},{"taxonomy":"post_tag","embeddable":true,"href":"https:\/\/www.tcuentaslp.gob.ar\/index.php?rest_route=%2Fwp%2Fv2%2Ftags&post=4799"}],"curies":[{"name":"wp","href":"https:\/\/api.w.org\/{rel}","templated":true}]}}