{"id":4834,"date":"2023-10-12T13:19:14","date_gmt":"2023-10-12T16:19:14","guid":{"rendered":"https:\/\/www.tcuentaslp.gob.ar\/?p=4834"},"modified":"2024-01-10T08:10:20","modified_gmt":"2024-01-10T11:10:20","slug":"medalla-de-plata-premio-nacional-a-la-calidad","status":"publish","type":"post","link":"https:\/\/www.tcuentaslp.gob.ar\/?p=4834","title":{"rendered":"MEDALLA DE PLATA &#8211; PREMIO NACIONAL A LA CALIDAD"},"content":{"rendered":"\n<p>El Tribunal de Cuentas de La Pampa fue nuevamente distinguido a nivel nacional con la Medalla de Plata a la Calidad en la Gesti\u00f3n P\u00fablica, en el marco del Premio a la Calidad que se realiza todos los a\u00f1os y eval\u00faa a instituciones p\u00fablicas y privadas de todo el pa\u00eds.<\/p>\n\n\n\n<p>La ceremonia de entrega se realiz\u00f3 el d\u00eda 18 de octubre de 2023 en la sede de la SIGEN &#8211; Ciudad Aut\u00f3noma de Buenos Aires-, por parte de la Jefatura de Gabinete de Ministros de la Naci\u00f3n.<\/p>\n\n\n\n<p>Es la cuarta distinci\u00f3n que recibe el TdeC en este premio que destaca la mejora en la calidad de los servicios que recibe la ciudadan\u00eda. Anteriormente hab\u00eda obtenido una Menci\u00f3n en 2015, la Medalla de Plata en 2017 y la Medalla de Bronce en 2019.<\/p>\n\n\n\n<p>El Tribunal es el \u00fanico organismo p\u00fablico en La Pampa que no solamente se somete a auditor\u00edas bajo normas de calidad, sino que ha&nbsp; sido constatado su trabajo, forma de organizaci\u00f3n y planificaci\u00f3n de sus&nbsp; acciones. \u201cEs un nuevo logro del Tribunal en momentos que cumplimos 70 a\u00f1os. El premio reconoci\u00f3 este a\u00f1o el compromiso y profesionalidad del recurso humano y la adquisici\u00f3n de infraestructura y de recurso humano para trabajar en la digitalizaci\u00f3n de sus procesos\u201d, indic\u00f3 la presidenta Mar\u00eda Alejandra Mac Allister.<\/p>\n\n\n\n<p>El Premio Nacional a la Calidad fue institu\u00eddo por Ley 24127 con el objetivo de fomentar una mejora en la calidad de los servicios y productos que recibe la ciudadan\u00eda. Se entrega desde hace m\u00e1s de dos d\u00e9cadas, y es un reconocimiento anual que otorga el Gobierno Nacional junto con la Fundaci\u00f3n Premio a la Calidad cuyo fin es considerar los modelos de excelencia, innovaci\u00f3n y transparencia de las instituciones que participan del mismo.<\/p>\n\n\n\n<p>Se distingue as\u00ed a organizaciones privadas y p\u00fablicas que implementan mejores pr\u00e1cticas para aumentar la calidad de sus procesos, productos o servicios. De esta manera, los organismos que aspiren al premio deben contar con un sistema de gesti\u00f3n que incluya esos principios fundamentales de manera transversal a toda la organizaci\u00f3n. Las instituciones que aspiran al premio se inscriben de manera voluntaria en el proceso de selecci\u00f3n del ganador, y participan de etapas de evaluaci\u00f3n de m\u00e1s de cuatro meses.<\/p>\n\n\n\n<p>Felicitamos al personal que integra nuestro organismo de control por su profesionalidad y compromiso.<\/p>\n","protected":false},"excerpt":{"rendered":"<p>El Tribunal de Cuentas de La Pampa fue nuevamente distinguido a nivel nacional con la Medalla de Plata a la &#8230; <a title=\"MEDALLA DE PLATA &#8211; PREMIO NACIONAL A LA CALIDAD\" class=\"read-more\" href=\"https:\/\/www.tcuentaslp.gob.ar\/?p=4834\">Leer m\u00e1s&#8230;<\/a><\/p>\n","protected":false},"author":4,"featured_media":4935,"comment_status":"closed","ping_status":"closed","sticky":false,"template":"","format":"standard","meta":{"generate_page_header":""},"categories":[5],"tags":[],"yoast_head":"<!-- This site is optimized with the Yoast SEO plugin v20.12 - https:\/\/yoast.com\/wordpress\/plugins\/seo\/ -->\n<title>MEDALLA DE PLATA - PREMIO NACIONAL A LA CALIDAD -<\/title>\n<meta name=\"robots\" content=\"index, follow, max-snippet:-1, max-image-preview:large, max-video-preview:-1\" \/>\n<link rel=\"canonical\" href=\"https:\/\/www.tcuentaslp.gob.ar\/?p=4834\" \/>\n<meta property=\"og:locale\" content=\"es_ES\" \/>\n<meta property=\"og:type\" content=\"article\" \/>\n<meta property=\"og:title\" content=\"MEDALLA DE PLATA - PREMIO NACIONAL A LA CALIDAD -\" \/>\n<meta property=\"og:description\" content=\"El Tribunal de Cuentas de La Pampa fue nuevamente distinguido a nivel nacional con la Medalla de Plata a la ... Leer m\u00e1s...\" \/>\n<meta property=\"og:url\" content=\"https:\/\/www.tcuentaslp.gob.ar\/?p=4834\" \/>\n<meta property=\"article:publisher\" content=\"https:\/\/es-la.facebook.com\/TdeCLaPampa\/\" \/>\n<meta property=\"article:published_time\" content=\"2023-10-12T16:19:14+00:00\" \/>\n<meta property=\"article:modified_time\" content=\"2024-01-10T11:10:20+00:00\" \/>\n<meta property=\"og:image\" content=\"https:\/\/www.tcuentaslp.gob.ar\/wp-content\/uploads\/2023\/10\/PREMIO-NACIONAL-A-LA-CALIDAD-2023--scaled.jpg\" \/>\n\t<meta property=\"og:image:width\" content=\"1829\" \/>\n\t<meta property=\"og:image:height\" content=\"2560\" \/>\n\t<meta property=\"og:image:type\" content=\"image\/jpeg\" \/>\n<meta name=\"author\" content=\"Luc\u00eda Pedernera\" \/>\n<meta name=\"twitter:card\" content=\"summary_large_image\" \/>\n<meta name=\"twitter:label1\" content=\"Escrito por\" \/>\n\t<meta name=\"twitter:data1\" content=\"Luc\u00eda Pedernera\" \/>\n\t<meta name=\"twitter:label2\" content=\"Tiempo de lectura\" \/>\n\t<meta name=\"twitter:data2\" content=\"2 minutos\" \/>\n<script type=\"application\/ld+json\" class=\"yoast-schema-graph\">{\"@context\":\"https:\/\/schema.org\",\"@graph\":[{\"@type\":\"Article\",\"@id\":\"https:\/\/www.tcuentaslp.gob.ar\/?p=4834#article\",\"isPartOf\":{\"@id\":\"https:\/\/www.tcuentaslp.gob.ar\/?p=4834\"},\"author\":{\"name\":\"Luc\u00eda Pedernera\",\"@id\":\"https:\/\/www.tcuentaslp.gob.ar\/#\/schema\/person\/6cf21aaafea0ca377e16951cd59b6914\"},\"headline\":\"MEDALLA DE PLATA &#8211; PREMIO NACIONAL A LA CALIDAD\",\"datePublished\":\"2023-10-12T16:19:14+00:00\",\"dateModified\":\"2024-01-10T11:10:20+00:00\",\"mainEntityOfPage\":{\"@id\":\"https:\/\/www.tcuentaslp.gob.ar\/?p=4834\"},\"wordCount\":422,\"publisher\":{\"@id\":\"https:\/\/www.tcuentaslp.gob.ar\/#organization\"},\"articleSection\":[\"Noticias\"],\"inLanguage\":\"es-AR\"},{\"@type\":\"WebPage\",\"@id\":\"https:\/\/www.tcuentaslp.gob.ar\/?p=4834\",\"url\":\"https:\/\/www.tcuentaslp.gob.ar\/?p=4834\",\"name\":\"MEDALLA DE PLATA - PREMIO NACIONAL A LA CALIDAD -\",\"isPartOf\":{\"@id\":\"https:\/\/www.tcuentaslp.gob.ar\/#website\"},\"datePublished\":\"2023-10-12T16:19:14+00:00\",\"dateModified\":\"2024-01-10T11:10:20+00:00\",\"breadcrumb\":{\"@id\":\"https:\/\/www.tcuentaslp.gob.ar\/?p=4834#breadcrumb\"},\"inLanguage\":\"es-AR\",\"potentialAction\":[{\"@type\":\"ReadAction\",\"target\":[\"https:\/\/www.tcuentaslp.gob.ar\/?p=4834\"]}]},{\"@type\":\"BreadcrumbList\",\"@id\":\"https:\/\/www.tcuentaslp.gob.ar\/?p=4834#breadcrumb\",\"itemListElement\":[{\"@type\":\"ListItem\",\"position\":1,\"name\":\"Inicio\",\"item\":\"https:\/\/www.tcuentaslp.gob.ar\/\"},{\"@type\":\"ListItem\",\"position\":2,\"name\":\"MEDALLA DE PLATA &#8211; PREMIO NACIONAL A LA CALIDAD\"}]},{\"@type\":\"WebSite\",\"@id\":\"https:\/\/www.tcuentaslp.gob.ar\/#website\",\"url\":\"https:\/\/www.tcuentaslp.gob.ar\/\",\"name\":\"Tribunal de Cuentas de La Pampa\",\"description\":\"\",\"publisher\":{\"@id\":\"https:\/\/www.tcuentaslp.gob.ar\/#organization\"},\"potentialAction\":[{\"@type\":\"SearchAction\",\"target\":{\"@type\":\"EntryPoint\",\"urlTemplate\":\"https:\/\/www.tcuentaslp.gob.ar\/?s={search_term_string}\"},\"query-input\":\"required name=search_term_string\"}],\"inLanguage\":\"es-AR\"},{\"@type\":\"Organization\",\"@id\":\"https:\/\/www.tcuentaslp.gob.ar\/#organization\",\"name\":\"Tribunal de Cuentas de La Pampa\",\"url\":\"https:\/\/www.tcuentaslp.gob.ar\/\",\"logo\":{\"@type\":\"ImageObject\",\"inLanguage\":\"es-AR\",\"@id\":\"https:\/\/www.tcuentaslp.gob.ar\/#\/schema\/logo\/image\/\",\"url\":\"http:\/\/www.tcuentaslp.gob.ar\/wp-content\/uploads\/2017\/10\/logo_tribunal.png\",\"contentUrl\":\"http:\/\/www.tcuentaslp.gob.ar\/wp-content\/uploads\/2017\/10\/logo_tribunal.png\",\"width\":200,\"height\":204,\"caption\":\"Tribunal de Cuentas de La Pampa\"},\"image\":{\"@id\":\"https:\/\/www.tcuentaslp.gob.ar\/#\/schema\/logo\/image\/\"},\"sameAs\":[\"https:\/\/es-la.facebook.com\/TdeCLaPampa\/\"]},{\"@type\":\"Person\",\"@id\":\"https:\/\/www.tcuentaslp.gob.ar\/#\/schema\/person\/6cf21aaafea0ca377e16951cd59b6914\",\"name\":\"Luc\u00eda Pedernera\"}]}<\/script>\n<!-- \/ Yoast SEO plugin. -->","yoast_head_json":{"title":"MEDALLA DE PLATA - PREMIO NACIONAL A LA CALIDAD -","robots":{"index":"index","follow":"follow","max-snippet":"max-snippet:-1","max-image-preview":"max-image-preview:large","max-video-preview":"max-video-preview:-1"},"canonical":"https:\/\/www.tcuentaslp.gob.ar\/?p=4834","og_locale":"es_ES","og_type":"article","og_title":"MEDALLA DE PLATA - PREMIO NACIONAL A LA CALIDAD -","og_description":"El Tribunal de Cuentas de La Pampa fue nuevamente distinguido a nivel nacional con la Medalla de Plata a la ... Leer m\u00e1s...","og_url":"https:\/\/www.tcuentaslp.gob.ar\/?p=4834","article_publisher":"https:\/\/es-la.facebook.com\/TdeCLaPampa\/","article_published_time":"2023-10-12T16:19:14+00:00","article_modified_time":"2024-01-10T11:10:20+00:00","og_image":[{"width":1829,"height":2560,"url":"https:\/\/www.tcuentaslp.gob.ar\/wp-content\/uploads\/2023\/10\/PREMIO-NACIONAL-A-LA-CALIDAD-2023--scaled.jpg","type":"image\/jpeg"}],"author":"Luc\u00eda Pedernera","twitter_card":"summary_large_image","twitter_misc":{"Escrito por":"Luc\u00eda Pedernera","Tiempo de lectura":"2 minutos"},"schema":{"@context":"https:\/\/schema.org","@graph":[{"@type":"Article","@id":"https:\/\/www.tcuentaslp.gob.ar\/?p=4834#article","isPartOf":{"@id":"https:\/\/www.tcuentaslp.gob.ar\/?p=4834"},"author":{"name":"Luc\u00eda Pedernera","@id":"https:\/\/www.tcuentaslp.gob.ar\/#\/schema\/person\/6cf21aaafea0ca377e16951cd59b6914"},"headline":"MEDALLA DE PLATA &#8211; PREMIO NACIONAL A LA CALIDAD","datePublished":"2023-10-12T16:19:14+00:00","dateModified":"2024-01-10T11:10:20+00:00","mainEntityOfPage":{"@id":"https:\/\/www.tcuentaslp.gob.ar\/?p=4834"},"wordCount":422,"publisher":{"@id":"https:\/\/www.tcuentaslp.gob.ar\/#organization"},"articleSection":["Noticias"],"inLanguage":"es-AR"},{"@type":"WebPage","@id":"https:\/\/www.tcuentaslp.gob.ar\/?p=4834","url":"https:\/\/www.tcuentaslp.gob.ar\/?p=4834","name":"MEDALLA DE PLATA - PREMIO NACIONAL A LA CALIDAD -","isPartOf":{"@id":"https:\/\/www.tcuentaslp.gob.ar\/#website"},"datePublished":"2023-10-12T16:19:14+00:00","dateModified":"2024-01-10T11:10:20+00:00","breadcrumb":{"@id":"https:\/\/www.tcuentaslp.gob.ar\/?p=4834#breadcrumb"},"inLanguage":"es-AR","potentialAction":[{"@type":"ReadAction","target":["https:\/\/www.tcuentaslp.gob.ar\/?p=4834"]}]},{"@type":"BreadcrumbList","@id":"https:\/\/www.tcuentaslp.gob.ar\/?p=4834#breadcrumb","itemListElement":[{"@type":"ListItem","position":1,"name":"Inicio","item":"https:\/\/www.tcuentaslp.gob.ar\/"},{"@type":"ListItem","position":2,"name":"MEDALLA DE PLATA &#8211; PREMIO NACIONAL A LA CALIDAD"}]},{"@type":"WebSite","@id":"https:\/\/www.tcuentaslp.gob.ar\/#website","url":"https:\/\/www.tcuentaslp.gob.ar\/","name":"Tribunal de Cuentas de La Pampa","description":"","publisher":{"@id":"https:\/\/www.tcuentaslp.gob.ar\/#organization"},"potentialAction":[{"@type":"SearchAction","target":{"@type":"EntryPoint","urlTemplate":"https:\/\/www.tcuentaslp.gob.ar\/?s={search_term_string}"},"query-input":"required name=search_term_string"}],"inLanguage":"es-AR"},{"@type":"Organization","@id":"https:\/\/www.tcuentaslp.gob.ar\/#organization","name":"Tribunal de Cuentas de La Pampa","url":"https:\/\/www.tcuentaslp.gob.ar\/","logo":{"@type":"ImageObject","inLanguage":"es-AR","@id":"https:\/\/www.tcuentaslp.gob.ar\/#\/schema\/logo\/image\/","url":"http:\/\/www.tcuentaslp.gob.ar\/wp-content\/uploads\/2017\/10\/logo_tribunal.png","contentUrl":"http:\/\/www.tcuentaslp.gob.ar\/wp-content\/uploads\/2017\/10\/logo_tribunal.png","width":200,"height":204,"caption":"Tribunal de Cuentas de La Pampa"},"image":{"@id":"https:\/\/www.tcuentaslp.gob.ar\/#\/schema\/logo\/image\/"},"sameAs":["https:\/\/es-la.facebook.com\/TdeCLaPampa\/"]},{"@type":"Person","@id":"https:\/\/www.tcuentaslp.gob.ar\/#\/schema\/person\/6cf21aaafea0ca377e16951cd59b6914","name":"Luc\u00eda Pedernera"}]}},"_links":{"self":[{"href":"https:\/\/www.tcuentaslp.gob.ar\/index.php?rest_route=\/wp\/v2\/posts\/4834"}],"collection":[{"href":"https:\/\/www.tcuentaslp.gob.ar\/index.php?rest_route=\/wp\/v2\/posts"}],"about":[{"href":"https:\/\/www.tcuentaslp.gob.ar\/index.php?rest_route=\/wp\/v2\/types\/post"}],"author":[{"embeddable":true,"href":"https:\/\/www.tcuentaslp.gob.ar\/index.php?rest_route=\/wp\/v2\/users\/4"}],"replies":[{"embeddable":true,"href":"https:\/\/www.tcuentaslp.gob.ar\/index.php?rest_route=%2Fwp%2Fv2%2Fcomments&post=4834"}],"version-history":[{"count":2,"href":"https:\/\/www.tcuentaslp.gob.ar\/index.php?rest_route=\/wp\/v2\/posts\/4834\/revisions"}],"predecessor-version":[{"id":4937,"href":"https:\/\/www.tcuentaslp.gob.ar\/index.php?rest_route=\/wp\/v2\/posts\/4834\/revisions\/4937"}],"wp:featuredmedia":[{"embeddable":true,"href":"https:\/\/www.tcuentaslp.gob.ar\/index.php?rest_route=\/wp\/v2\/media\/4935"}],"wp:attachment":[{"href":"https:\/\/www.tcuentaslp.gob.ar\/index.php?rest_route=%2Fwp%2Fv2%2Fmedia&parent=4834"}],"wp:term":[{"taxonomy":"category","embeddable":true,"href":"https:\/\/www.tcuentaslp.gob.ar\/index.php?rest_route=%2Fwp%2Fv2%2Fcategories&post=4834"},{"taxonomy":"post_tag","embeddable":true,"href":"https:\/\/www.tcuentaslp.gob.ar\/index.php?rest_route=%2Fwp%2Fv2%2Ftags&post=4834"}],"curies":[{"name":"wp","href":"https:\/\/api.w.org\/{rel}","templated":true}]}}