{"id":4837,"date":"2023-10-20T10:22:00","date_gmt":"2023-10-20T13:22:00","guid":{"rendered":"https:\/\/www.tcuentaslp.gob.ar\/?p=4837"},"modified":"2023-10-20T10:22:01","modified_gmt":"2023-10-20T13:22:01","slug":"el-tribunal-de-cuentas-recibio-la-medalla-de-plata-del-premio-nacional-a-la-calidad","status":"publish","type":"post","link":"https:\/\/www.tcuentaslp.gob.ar\/?p=4837","title":{"rendered":"EL TRIBUNAL DE CUENTAS RECIBI\u00d3 LA MEDALLA DE PLATA DEL PREMIO NACIONAL A LA CALIDAD"},"content":{"rendered":"\n<p>El Tribunal de Cuentas de La Pampa recibi\u00f3 el mi\u00e9rcoles 18 de octubre la Medalla de Plata a la Calidad en la Gesti\u00f3n P\u00fablica, con el que fue premiado a nivel nacional por la Secretar\u00eda de Gesti\u00f3n y Empleo P\u00fablico de la Jefatura de Gabinete de Naci\u00f3n.<\/p>\n\n\n\n<p>En la ceremonia de premiaci\u00f3n estuvieron para recibir la distinci\u00f3n la presidenta Mar\u00eda Alejandra Mac Allister y los vocales Jos\u00e9 Carlos Moslares y Cristian Kathrein (subrogante). El acto se realiz\u00f3 en el sal\u00f3n de la SIGEN, en la Ciudad Aut\u00f3noma de Buenos Aires.<\/p>\n\n\n\n<p>El Premio Nacional a la Calidad -creado por la Ley 24127 con el objetivo de fomentar una mejora en la calidad de los servicios y productos que recibe la ciudadan\u00eda-, se entrega desde hace m\u00e1s de dos d\u00e9cadas y es un reconocimiento anual que otorga el gobierno nacional junto con la Fundaci\u00f3n Premio a la Calidad cuyo fin es considerar los modelos de excelencia, innovaci\u00f3n y transparencia de las instituciones que participan del mismo.<\/p>\n\n\n\n<p>Mac Allister indic\u00f3 que &#8220;este premio es otro logro del Tribunal de Cuentas y muestra el compromiso y la profesionalidad de todo el equipo con su trabajo y de la seriedad de nuestra instituci\u00f3n que es la encargada del contralor de los fondos p\u00fablicos en la provincia. Fue resultado de un proceso de evaluaci\u00f3n de acuerdo al modelo de calidad estatal vigente. Estamos orgullosos del equipo formado por el Tribunal&#8221;.<\/p>\n\n\n\n<p>El Tribunal se postul\u00f3 &#8220;con el convencimiento de poder mostrar los grados de avance tanto en la capacitaci\u00f3n y profesionalizaci\u00f3n de su personal como de las herramientas que se han incorporado para un mejor cumplimiento de sus competencias constitucionalmente asignadas&#8221;.<\/p>\n\n\n\n<p>&#8220;El galard\u00f3n obtenido implica que el Tribunal no s\u00f3lo se postul\u00f3 sino que adem\u00e1s fue objeto de una exhaustiva auditor\u00eda de todas las \u00e1reas de trabajo que integran este organismo&#8221;, destacaron desde el TdeC.<\/p>\n\n\n\n<p>Este reconocimiento es el cuarto Premio a la Calidad que recibe el TdeC por su desempe\u00f1o y la mejora en la calidad de los servicios que recibe la ciudadan\u00eda habiendo obtenido una Menci\u00f3n en 2015, la Medalla de Plata en 2017 y la Medalla de Bronce en 2019.<\/p>\n\n\n\n<p>El Premio Nacional a la Calidad busca promover y generar el valor p\u00fablico por parte de las organizaciones p\u00fablicas por lo que el galard\u00f3n obtenido implica un reconocimiento para el organismo y un desaf\u00edo para continuar en el camino del marco de un proceso de mejora permanente y continua.<\/p>\n","protected":false},"excerpt":{"rendered":"<p>El Tribunal de Cuentas de La Pampa recibi\u00f3 el mi\u00e9rcoles 18 de octubre la Medalla de Plata a la Calidad &#8230; <a title=\"EL TRIBUNAL DE CUENTAS RECIBI\u00d3 LA MEDALLA DE PLATA DEL PREMIO NACIONAL A LA CALIDAD\" class=\"read-more\" href=\"https:\/\/www.tcuentaslp.gob.ar\/?p=4837\">Leer m\u00e1s&#8230;<\/a><\/p>\n","protected":false},"author":4,"featured_media":4839,"comment_status":"closed","ping_status":"closed","sticky":false,"template":"","format":"standard","meta":{"generate_page_header":""},"categories":[5],"tags":[],"yoast_head":"<!-- This site is optimized with the Yoast SEO plugin v20.12 - https:\/\/yoast.com\/wordpress\/plugins\/seo\/ -->\n<title>EL TRIBUNAL DE CUENTAS RECIBI\u00d3 LA MEDALLA DE PLATA DEL PREMIO NACIONAL A LA CALIDAD -<\/title>\n<meta name=\"robots\" content=\"index, follow, max-snippet:-1, max-image-preview:large, max-video-preview:-1\" \/>\n<link rel=\"canonical\" href=\"https:\/\/www.tcuentaslp.gob.ar\/?p=4837\" \/>\n<meta property=\"og:locale\" content=\"es_ES\" \/>\n<meta property=\"og:type\" content=\"article\" \/>\n<meta property=\"og:title\" content=\"EL TRIBUNAL DE CUENTAS RECIBI\u00d3 LA MEDALLA DE PLATA DEL PREMIO NACIONAL A LA CALIDAD -\" \/>\n<meta property=\"og:description\" content=\"El Tribunal de Cuentas de La Pampa recibi\u00f3 el mi\u00e9rcoles 18 de octubre la Medalla de Plata a la Calidad ... Leer m\u00e1s...\" \/>\n<meta property=\"og:url\" content=\"https:\/\/www.tcuentaslp.gob.ar\/?p=4837\" \/>\n<meta property=\"article:publisher\" content=\"https:\/\/es-la.facebook.com\/TdeCLaPampa\/\" \/>\n<meta property=\"article:published_time\" content=\"2023-10-20T13:22:00+00:00\" \/>\n<meta property=\"article:modified_time\" content=\"2023-10-20T13:22:01+00:00\" \/>\n<meta property=\"og:image\" content=\"https:\/\/www.tcuentaslp.gob.ar\/wp-content\/uploads\/2023\/10\/EL-TRIBUNAL-DE-CUENTAS-RECIBIO-LA-MEDALLA-DE-PLATA-DEL-PREMIO-NACIONAL-A-LA-CALIDAD.jpg\" \/>\n\t<meta property=\"og:image:width\" content=\"1170\" \/>\n\t<meta property=\"og:image:height\" content=\"784\" \/>\n\t<meta property=\"og:image:type\" content=\"image\/jpeg\" \/>\n<meta name=\"author\" content=\"Luc\u00eda Pedernera\" \/>\n<meta name=\"twitter:card\" content=\"summary_large_image\" \/>\n<meta name=\"twitter:label1\" content=\"Escrito por\" \/>\n\t<meta name=\"twitter:data1\" content=\"Luc\u00eda Pedernera\" \/>\n\t<meta name=\"twitter:label2\" content=\"Tiempo de lectura\" \/>\n\t<meta name=\"twitter:data2\" content=\"2 minutos\" \/>\n<script type=\"application\/ld+json\" class=\"yoast-schema-graph\">{\"@context\":\"https:\/\/schema.org\",\"@graph\":[{\"@type\":\"Article\",\"@id\":\"https:\/\/www.tcuentaslp.gob.ar\/?p=4837#article\",\"isPartOf\":{\"@id\":\"https:\/\/www.tcuentaslp.gob.ar\/?p=4837\"},\"author\":{\"name\":\"Luc\u00eda Pedernera\",\"@id\":\"https:\/\/www.tcuentaslp.gob.ar\/#\/schema\/person\/6cf21aaafea0ca377e16951cd59b6914\"},\"headline\":\"EL TRIBUNAL DE CUENTAS RECIBI\u00d3 LA MEDALLA DE PLATA DEL PREMIO NACIONAL A LA CALIDAD\",\"datePublished\":\"2023-10-20T13:22:00+00:00\",\"dateModified\":\"2023-10-20T13:22:01+00:00\",\"mainEntityOfPage\":{\"@id\":\"https:\/\/www.tcuentaslp.gob.ar\/?p=4837\"},\"wordCount\":448,\"publisher\":{\"@id\":\"https:\/\/www.tcuentaslp.gob.ar\/#organization\"},\"articleSection\":[\"Noticias\"],\"inLanguage\":\"es-AR\"},{\"@type\":\"WebPage\",\"@id\":\"https:\/\/www.tcuentaslp.gob.ar\/?p=4837\",\"url\":\"https:\/\/www.tcuentaslp.gob.ar\/?p=4837\",\"name\":\"EL TRIBUNAL DE CUENTAS RECIBI\u00d3 LA MEDALLA DE PLATA DEL PREMIO NACIONAL A LA CALIDAD -\",\"isPartOf\":{\"@id\":\"https:\/\/www.tcuentaslp.gob.ar\/#website\"},\"datePublished\":\"2023-10-20T13:22:00+00:00\",\"dateModified\":\"2023-10-20T13:22:01+00:00\",\"breadcrumb\":{\"@id\":\"https:\/\/www.tcuentaslp.gob.ar\/?p=4837#breadcrumb\"},\"inLanguage\":\"es-AR\",\"potentialAction\":[{\"@type\":\"ReadAction\",\"target\":[\"https:\/\/www.tcuentaslp.gob.ar\/?p=4837\"]}]},{\"@type\":\"BreadcrumbList\",\"@id\":\"https:\/\/www.tcuentaslp.gob.ar\/?p=4837#breadcrumb\",\"itemListElement\":[{\"@type\":\"ListItem\",\"position\":1,\"name\":\"Inicio\",\"item\":\"https:\/\/www.tcuentaslp.gob.ar\/\"},{\"@type\":\"ListItem\",\"position\":2,\"name\":\"EL TRIBUNAL DE CUENTAS RECIBI\u00d3 LA MEDALLA DE PLATA DEL PREMIO NACIONAL A LA CALIDAD\"}]},{\"@type\":\"WebSite\",\"@id\":\"https:\/\/www.tcuentaslp.gob.ar\/#website\",\"url\":\"https:\/\/www.tcuentaslp.gob.ar\/\",\"name\":\"Tribunal de Cuentas de La Pampa\",\"description\":\"\",\"publisher\":{\"@id\":\"https:\/\/www.tcuentaslp.gob.ar\/#organization\"},\"potentialAction\":[{\"@type\":\"SearchAction\",\"target\":{\"@type\":\"EntryPoint\",\"urlTemplate\":\"https:\/\/www.tcuentaslp.gob.ar\/?s={search_term_string}\"},\"query-input\":\"required name=search_term_string\"}],\"inLanguage\":\"es-AR\"},{\"@type\":\"Organization\",\"@id\":\"https:\/\/www.tcuentaslp.gob.ar\/#organization\",\"name\":\"Tribunal de Cuentas de La Pampa\",\"url\":\"https:\/\/www.tcuentaslp.gob.ar\/\",\"logo\":{\"@type\":\"ImageObject\",\"inLanguage\":\"es-AR\",\"@id\":\"https:\/\/www.tcuentaslp.gob.ar\/#\/schema\/logo\/image\/\",\"url\":\"http:\/\/www.tcuentaslp.gob.ar\/wp-content\/uploads\/2017\/10\/logo_tribunal.png\",\"contentUrl\":\"http:\/\/www.tcuentaslp.gob.ar\/wp-content\/uploads\/2017\/10\/logo_tribunal.png\",\"width\":200,\"height\":204,\"caption\":\"Tribunal de Cuentas de La Pampa\"},\"image\":{\"@id\":\"https:\/\/www.tcuentaslp.gob.ar\/#\/schema\/logo\/image\/\"},\"sameAs\":[\"https:\/\/es-la.facebook.com\/TdeCLaPampa\/\"]},{\"@type\":\"Person\",\"@id\":\"https:\/\/www.tcuentaslp.gob.ar\/#\/schema\/person\/6cf21aaafea0ca377e16951cd59b6914\",\"name\":\"Luc\u00eda Pedernera\"}]}<\/script>\n<!-- \/ Yoast SEO plugin. -->","yoast_head_json":{"title":"EL TRIBUNAL DE CUENTAS RECIBI\u00d3 LA MEDALLA DE PLATA DEL PREMIO NACIONAL A LA CALIDAD -","robots":{"index":"index","follow":"follow","max-snippet":"max-snippet:-1","max-image-preview":"max-image-preview:large","max-video-preview":"max-video-preview:-1"},"canonical":"https:\/\/www.tcuentaslp.gob.ar\/?p=4837","og_locale":"es_ES","og_type":"article","og_title":"EL TRIBUNAL DE CUENTAS RECIBI\u00d3 LA MEDALLA DE PLATA DEL PREMIO NACIONAL A LA CALIDAD -","og_description":"El Tribunal de Cuentas de La Pampa recibi\u00f3 el mi\u00e9rcoles 18 de octubre la Medalla de Plata a la Calidad ... Leer m\u00e1s...","og_url":"https:\/\/www.tcuentaslp.gob.ar\/?p=4837","article_publisher":"https:\/\/es-la.facebook.com\/TdeCLaPampa\/","article_published_time":"2023-10-20T13:22:00+00:00","article_modified_time":"2023-10-20T13:22:01+00:00","og_image":[{"width":1170,"height":784,"url":"https:\/\/www.tcuentaslp.gob.ar\/wp-content\/uploads\/2023\/10\/EL-TRIBUNAL-DE-CUENTAS-RECIBIO-LA-MEDALLA-DE-PLATA-DEL-PREMIO-NACIONAL-A-LA-CALIDAD.jpg","type":"image\/jpeg"}],"author":"Luc\u00eda Pedernera","twitter_card":"summary_large_image","twitter_misc":{"Escrito por":"Luc\u00eda Pedernera","Tiempo de lectura":"2 minutos"},"schema":{"@context":"https:\/\/schema.org","@graph":[{"@type":"Article","@id":"https:\/\/www.tcuentaslp.gob.ar\/?p=4837#article","isPartOf":{"@id":"https:\/\/www.tcuentaslp.gob.ar\/?p=4837"},"author":{"name":"Luc\u00eda Pedernera","@id":"https:\/\/www.tcuentaslp.gob.ar\/#\/schema\/person\/6cf21aaafea0ca377e16951cd59b6914"},"headline":"EL TRIBUNAL DE CUENTAS RECIBI\u00d3 LA MEDALLA DE PLATA DEL PREMIO NACIONAL A LA CALIDAD","datePublished":"2023-10-20T13:22:00+00:00","dateModified":"2023-10-20T13:22:01+00:00","mainEntityOfPage":{"@id":"https:\/\/www.tcuentaslp.gob.ar\/?p=4837"},"wordCount":448,"publisher":{"@id":"https:\/\/www.tcuentaslp.gob.ar\/#organization"},"articleSection":["Noticias"],"inLanguage":"es-AR"},{"@type":"WebPage","@id":"https:\/\/www.tcuentaslp.gob.ar\/?p=4837","url":"https:\/\/www.tcuentaslp.gob.ar\/?p=4837","name":"EL TRIBUNAL DE CUENTAS RECIBI\u00d3 LA MEDALLA DE PLATA DEL PREMIO NACIONAL A LA CALIDAD -","isPartOf":{"@id":"https:\/\/www.tcuentaslp.gob.ar\/#website"},"datePublished":"2023-10-20T13:22:00+00:00","dateModified":"2023-10-20T13:22:01+00:00","breadcrumb":{"@id":"https:\/\/www.tcuentaslp.gob.ar\/?p=4837#breadcrumb"},"inLanguage":"es-AR","potentialAction":[{"@type":"ReadAction","target":["https:\/\/www.tcuentaslp.gob.ar\/?p=4837"]}]},{"@type":"BreadcrumbList","@id":"https:\/\/www.tcuentaslp.gob.ar\/?p=4837#breadcrumb","itemListElement":[{"@type":"ListItem","position":1,"name":"Inicio","item":"https:\/\/www.tcuentaslp.gob.ar\/"},{"@type":"ListItem","position":2,"name":"EL TRIBUNAL DE CUENTAS RECIBI\u00d3 LA MEDALLA DE PLATA DEL PREMIO NACIONAL A LA CALIDAD"}]},{"@type":"WebSite","@id":"https:\/\/www.tcuentaslp.gob.ar\/#website","url":"https:\/\/www.tcuentaslp.gob.ar\/","name":"Tribunal de Cuentas de La Pampa","description":"","publisher":{"@id":"https:\/\/www.tcuentaslp.gob.ar\/#organization"},"potentialAction":[{"@type":"SearchAction","target":{"@type":"EntryPoint","urlTemplate":"https:\/\/www.tcuentaslp.gob.ar\/?s={search_term_string}"},"query-input":"required name=search_term_string"}],"inLanguage":"es-AR"},{"@type":"Organization","@id":"https:\/\/www.tcuentaslp.gob.ar\/#organization","name":"Tribunal de Cuentas de La Pampa","url":"https:\/\/www.tcuentaslp.gob.ar\/","logo":{"@type":"ImageObject","inLanguage":"es-AR","@id":"https:\/\/www.tcuentaslp.gob.ar\/#\/schema\/logo\/image\/","url":"http:\/\/www.tcuentaslp.gob.ar\/wp-content\/uploads\/2017\/10\/logo_tribunal.png","contentUrl":"http:\/\/www.tcuentaslp.gob.ar\/wp-content\/uploads\/2017\/10\/logo_tribunal.png","width":200,"height":204,"caption":"Tribunal de Cuentas de La Pampa"},"image":{"@id":"https:\/\/www.tcuentaslp.gob.ar\/#\/schema\/logo\/image\/"},"sameAs":["https:\/\/es-la.facebook.com\/TdeCLaPampa\/"]},{"@type":"Person","@id":"https:\/\/www.tcuentaslp.gob.ar\/#\/schema\/person\/6cf21aaafea0ca377e16951cd59b6914","name":"Luc\u00eda Pedernera"}]}},"_links":{"self":[{"href":"https:\/\/www.tcuentaslp.gob.ar\/index.php?rest_route=\/wp\/v2\/posts\/4837"}],"collection":[{"href":"https:\/\/www.tcuentaslp.gob.ar\/index.php?rest_route=\/wp\/v2\/posts"}],"about":[{"href":"https:\/\/www.tcuentaslp.gob.ar\/index.php?rest_route=\/wp\/v2\/types\/post"}],"author":[{"embeddable":true,"href":"https:\/\/www.tcuentaslp.gob.ar\/index.php?rest_route=\/wp\/v2\/users\/4"}],"replies":[{"embeddable":true,"href":"https:\/\/www.tcuentaslp.gob.ar\/index.php?rest_route=%2Fwp%2Fv2%2Fcomments&post=4837"}],"version-history":[{"count":1,"href":"https:\/\/www.tcuentaslp.gob.ar\/index.php?rest_route=\/wp\/v2\/posts\/4837\/revisions"}],"predecessor-version":[{"id":4838,"href":"https:\/\/www.tcuentaslp.gob.ar\/index.php?rest_route=\/wp\/v2\/posts\/4837\/revisions\/4838"}],"wp:featuredmedia":[{"embeddable":true,"href":"https:\/\/www.tcuentaslp.gob.ar\/index.php?rest_route=\/wp\/v2\/media\/4839"}],"wp:attachment":[{"href":"https:\/\/www.tcuentaslp.gob.ar\/index.php?rest_route=%2Fwp%2Fv2%2Fmedia&parent=4837"}],"wp:term":[{"taxonomy":"category","embeddable":true,"href":"https:\/\/www.tcuentaslp.gob.ar\/index.php?rest_route=%2Fwp%2Fv2%2Fcategories&post=4837"},{"taxonomy":"post_tag","embeddable":true,"href":"https:\/\/www.tcuentaslp.gob.ar\/index.php?rest_route=%2Fwp%2Fv2%2Ftags&post=4837"}],"curies":[{"name":"wp","href":"https:\/\/api.w.org\/{rel}","templated":true}]}}