{"id":5005,"date":"2024-04-26T09:56:42","date_gmt":"2024-04-26T12:56:42","guid":{"rendered":"https:\/\/www.tcuentaslp.gob.ar\/?p=5005"},"modified":"2024-04-29T10:22:14","modified_gmt":"2024-04-29T13:22:14","slug":"reunion-en-la-pampa-de-todos-los-tribunales-de-cuentas-del-pais-y-del-mercosur","status":"publish","type":"post","link":"https:\/\/www.tcuentaslp.gob.ar\/?p=5005","title":{"rendered":"REUNION\u00a0EN LA PAMPA DE TODOS LOS TRIBUNALES DE CUENTAS DEL PAIS\u00a0Y DEL MERCOSUR"},"content":{"rendered":"\n<p>Del 23 al 25 de abril se desarroll\u00f3 en Santa Rosa la primera reuni\u00f3n anual del del Secretariado Permanente de Tribunales de Cuentas, \u00d3rganos y Organismos P\u00fablicos de Control Externo de la Rep\u00fablica Argentina,&nbsp; de la ASUR (asociaci\u00f3n de entidades externas de control del MERCOSUR) y de la Red Federal de Control Publico.<\/p>\n\n\n\n<p>El acto de inauguraci\u00f3n de las jornadas se realiz\u00f3 en el auditorio del Tribunal de Cuentas de La Pampa encabezado por el gobernador Sergio Ziliotto; la presidenta del Tribunal pampeano, Mar\u00eda Alejandra Mac Allister; el presidente del Secretariado, Sergio Oste; y el titular de la SIGEN, S\u00edndico General Miguel Blanco.<\/p>\n\n\n\n<p>La asistencia de los organismos de control fue perfecta, encontr\u00e1ndose representadas todas las provincias argentinas.<\/p>\n\n\n\n<p>La presidenta del Tribunal anfitri\u00f3n celebr\u00f3 el encuentro que se da en el marco del federalismo \u201cpara compartir y comprometernos en la optimizaci\u00f3n de los organismos de control\u201d. Tambi\u00e9n agradeci\u00f3 a quienes hicieron posible esta reuni\u00f3n en La Pampa, y al personal del TdeC por su acompa\u00f1amiento.&nbsp;<\/p>\n\n\n\n<p>\u201cOrganizar esta reuni\u00f3n no fue f\u00e1cil, por situaciones de m\u00e1xima tensi\u00f3n como la actual coyuntura. Seguramente pensamos distintos, unos con otros. Pero todos compartimos como servidores p\u00fablicos la necesidad que tenemos de juntarnos para trabajar en pos de la integridad p\u00fablica que nos lleve a tener una administraci\u00f3n l\u00edquida, predecible, simplificada y constante\u201d.&nbsp;<\/p>\n\n\n\n<p>Mac Allister resalt\u00f3 que estuvieran en el acto los tres poderes del Estado provincial. \u201cHoy el Estado tiene necesidades distintas, posee una estructura m\u00e1s compleja y necesita de nuevos actores. Prueba de ello fue la sanci\u00f3n en la provincia de La Pampa de la Ley 3509 que ampl\u00eda el universo de control del TdeC a sociedades en las que el Estado provincial tenga participaci\u00f3n estatal mayoritaria. Todos debemos garantizar la democracia representativa y eso significa ajustarse a la legalidad, al debido proceso y a tomar decisiones que reflejen las demandas de la ciudadan\u00eda\u201d.&nbsp;<\/p>\n\n\n\n<p>\u201cLa Administraci\u00f3n se ve obligada a pensar en forma permanente y por eso la relaci\u00f3n de pesos y contrapesos propia del sistema republicano implica nada m\u00e1s ni nada menos que el control rec\u00edproco de los tres poderes del Estado, donde nosotros como \u00f3rgano de control externo ejercemos una funci\u00f3n primordial en el resguardo del debido cuidado y administraci\u00f3n de los fondos p\u00fablicos\u201d, expres\u00f3.&nbsp;<\/p>\n\n\n\n<p>Declaradas de Inter\u00e9s&nbsp;Provincial por Decreto 999\/2024, de Inter\u00e9s Judicial por el Superior Tribunal de Justicia y&nbsp; de Inter\u00e9s Institucional por la UNLPam y los Colegios de Abogados y Procuradores&nbsp;y el Consejo Profesional de Ciencias Econ\u00f3micas, el gobernador Sergio Ziliotto&nbsp; dio la bienvenida a los representantes de las 24 provincias y de la Rep\u00fablica&nbsp; Federativa de Brasil<\/p>\n\n\n\n<p>\u201cQuienes tenemos la responsabilidad de administrar recursos p\u00fablicos y debemos d\u00eda a d\u00eda, tomar decisiones que afectan a la vida de cada ciudadano, el control es el mejor aliado que podemos tener. Desde esa concepci\u00f3n de cu\u00e1les son los fundamentos de la institucionalidad, pero tambi\u00e9n de una convicci\u00f3n personal e ideol\u00f3gica, desde el Gobierno de la provincia de La Pampa es que siempre propiciamos un mayor y mejor control\u201d.<\/p>\n\n\n\n<p>\u201cLo mejor que nos puede pasar como funcionarios p\u00fablicos es que nos controlen. Quiz\u00e1s nos podamos equivocar desde el punto de vista pol\u00edtico al tomar una decisi\u00f3n, pero en el manejo de los fondos p\u00fablicos no\u201d, dijo.<\/p>\n\n\n\n<p>\u201cPor eso no es casualidad el trabajo conjunto con el Tribunal de Cuentas y algo que es de destacar es el compromiso, la responsabilidad, la profesionalidad, la actitud institucional en la cual se lleva adelante esa interrelaci\u00f3n\u201d, afirm\u00f3 el gobernador.<\/p>\n\n\n<div class=\"wp-block-image\">\n<figure class=\"aligncenter size-large\"><img decoding=\"async\" loading=\"lazy\" width=\"1024\" height=\"768\" src=\"https:\/\/www.tcuentaslp.gob.ar\/wp-content\/uploads\/2024\/04\/Apertura2-1024x768.jpg\" alt=\"\" class=\"wp-image-5001\" srcset=\"https:\/\/www.tcuentaslp.gob.ar\/wp-content\/uploads\/2024\/04\/Apertura2-1024x768.jpg 1024w, https:\/\/www.tcuentaslp.gob.ar\/wp-content\/uploads\/2024\/04\/Apertura2-300x225.jpg 300w, https:\/\/www.tcuentaslp.gob.ar\/wp-content\/uploads\/2024\/04\/Apertura2-768x576.jpg 768w, https:\/\/www.tcuentaslp.gob.ar\/wp-content\/uploads\/2024\/04\/Apertura2.jpg 1080w\" sizes=\"(max-width: 1024px) 100vw, 1024px\" \/><\/figure><\/div>","protected":false},"excerpt":{"rendered":"<p>Del 23 al 25 de abril se desarroll\u00f3 en Santa Rosa la primera reuni\u00f3n anual del del Secretariado Permanente de &#8230; <a title=\"REUNION\u00a0EN LA PAMPA DE TODOS LOS TRIBUNALES DE CUENTAS DEL PAIS\u00a0Y DEL MERCOSUR\" class=\"read-more\" href=\"https:\/\/www.tcuentaslp.gob.ar\/?p=5005\">Leer m\u00e1s&#8230;<\/a><\/p>\n","protected":false},"author":5,"featured_media":5000,"comment_status":"closed","ping_status":"closed","sticky":false,"template":"","format":"standard","meta":{"generate_page_header":""},"categories":[5],"tags":[],"yoast_head":"<!-- This site is optimized with the Yoast SEO plugin v20.12 - https:\/\/yoast.com\/wordpress\/plugins\/seo\/ -->\n<title>REUNION\u00a0EN LA PAMPA DE TODOS LOS TRIBUNALES DE CUENTAS DEL PAIS\u00a0Y DEL MERCOSUR -<\/title>\n<meta name=\"robots\" content=\"index, follow, max-snippet:-1, max-image-preview:large, max-video-preview:-1\" \/>\n<link rel=\"canonical\" href=\"https:\/\/www.tcuentaslp.gob.ar\/?p=5005\" \/>\n<meta property=\"og:locale\" content=\"es_ES\" \/>\n<meta property=\"og:type\" content=\"article\" \/>\n<meta property=\"og:title\" content=\"REUNION\u00a0EN LA PAMPA DE TODOS LOS TRIBUNALES DE CUENTAS DEL PAIS\u00a0Y DEL MERCOSUR -\" \/>\n<meta property=\"og:description\" content=\"Del 23 al 25 de abril se desarroll\u00f3 en Santa Rosa la primera reuni\u00f3n anual del del Secretariado Permanente de ... Leer m\u00e1s...\" \/>\n<meta property=\"og:url\" content=\"https:\/\/www.tcuentaslp.gob.ar\/?p=5005\" \/>\n<meta property=\"article:publisher\" content=\"https:\/\/es-la.facebook.com\/TdeCLaPampa\/\" \/>\n<meta property=\"article:published_time\" content=\"2024-04-26T12:56:42+00:00\" \/>\n<meta property=\"article:modified_time\" content=\"2024-04-29T13:22:14+00:00\" \/>\n<meta property=\"og:image\" content=\"https:\/\/www.tcuentaslp.gob.ar\/wp-content\/uploads\/2024\/04\/Apertura1.jpg\" \/>\n\t<meta property=\"og:image:width\" content=\"1080\" \/>\n\t<meta property=\"og:image:height\" content=\"720\" \/>\n\t<meta property=\"og:image:type\" content=\"image\/jpeg\" \/>\n<meta name=\"author\" content=\"tribunete\" \/>\n<meta name=\"twitter:card\" content=\"summary_large_image\" \/>\n<meta name=\"twitter:label1\" content=\"Escrito por\" \/>\n\t<meta name=\"twitter:data1\" content=\"tribunete\" \/>\n\t<meta name=\"twitter:label2\" content=\"Tiempo de lectura\" \/>\n\t<meta name=\"twitter:data2\" content=\"3 minutos\" \/>\n<script type=\"application\/ld+json\" class=\"yoast-schema-graph\">{\"@context\":\"https:\/\/schema.org\",\"@graph\":[{\"@type\":\"Article\",\"@id\":\"https:\/\/www.tcuentaslp.gob.ar\/?p=5005#article\",\"isPartOf\":{\"@id\":\"https:\/\/www.tcuentaslp.gob.ar\/?p=5005\"},\"author\":{\"name\":\"tribunete\",\"@id\":\"https:\/\/www.tcuentaslp.gob.ar\/#\/schema\/person\/2031ab0de38ed2ac42ff7d6787851a6c\"},\"headline\":\"REUNION\u00a0EN LA PAMPA DE TODOS LOS TRIBUNALES DE CUENTAS DEL PAIS\u00a0Y DEL MERCOSUR\",\"datePublished\":\"2024-04-26T12:56:42+00:00\",\"dateModified\":\"2024-04-29T13:22:14+00:00\",\"mainEntityOfPage\":{\"@id\":\"https:\/\/www.tcuentaslp.gob.ar\/?p=5005\"},\"wordCount\":650,\"publisher\":{\"@id\":\"https:\/\/www.tcuentaslp.gob.ar\/#organization\"},\"articleSection\":[\"Noticias\"],\"inLanguage\":\"es-AR\"},{\"@type\":\"WebPage\",\"@id\":\"https:\/\/www.tcuentaslp.gob.ar\/?p=5005\",\"url\":\"https:\/\/www.tcuentaslp.gob.ar\/?p=5005\",\"name\":\"REUNION\u00a0EN LA PAMPA DE TODOS LOS TRIBUNALES DE CUENTAS DEL PAIS\u00a0Y DEL MERCOSUR -\",\"isPartOf\":{\"@id\":\"https:\/\/www.tcuentaslp.gob.ar\/#website\"},\"datePublished\":\"2024-04-26T12:56:42+00:00\",\"dateModified\":\"2024-04-29T13:22:14+00:00\",\"breadcrumb\":{\"@id\":\"https:\/\/www.tcuentaslp.gob.ar\/?p=5005#breadcrumb\"},\"inLanguage\":\"es-AR\",\"potentialAction\":[{\"@type\":\"ReadAction\",\"target\":[\"https:\/\/www.tcuentaslp.gob.ar\/?p=5005\"]}]},{\"@type\":\"BreadcrumbList\",\"@id\":\"https:\/\/www.tcuentaslp.gob.ar\/?p=5005#breadcrumb\",\"itemListElement\":[{\"@type\":\"ListItem\",\"position\":1,\"name\":\"Inicio\",\"item\":\"https:\/\/www.tcuentaslp.gob.ar\/\"},{\"@type\":\"ListItem\",\"position\":2,\"name\":\"REUNION\u00a0EN LA PAMPA DE TODOS LOS TRIBUNALES DE CUENTAS DEL PAIS\u00a0Y DEL MERCOSUR\"}]},{\"@type\":\"WebSite\",\"@id\":\"https:\/\/www.tcuentaslp.gob.ar\/#website\",\"url\":\"https:\/\/www.tcuentaslp.gob.ar\/\",\"name\":\"Tribunal de Cuentas de La Pampa\",\"description\":\"\",\"publisher\":{\"@id\":\"https:\/\/www.tcuentaslp.gob.ar\/#organization\"},\"potentialAction\":[{\"@type\":\"SearchAction\",\"target\":{\"@type\":\"EntryPoint\",\"urlTemplate\":\"https:\/\/www.tcuentaslp.gob.ar\/?s={search_term_string}\"},\"query-input\":\"required name=search_term_string\"}],\"inLanguage\":\"es-AR\"},{\"@type\":\"Organization\",\"@id\":\"https:\/\/www.tcuentaslp.gob.ar\/#organization\",\"name\":\"Tribunal de Cuentas de La Pampa\",\"url\":\"https:\/\/www.tcuentaslp.gob.ar\/\",\"logo\":{\"@type\":\"ImageObject\",\"inLanguage\":\"es-AR\",\"@id\":\"https:\/\/www.tcuentaslp.gob.ar\/#\/schema\/logo\/image\/\",\"url\":\"http:\/\/www.tcuentaslp.gob.ar\/wp-content\/uploads\/2017\/10\/logo_tribunal.png\",\"contentUrl\":\"http:\/\/www.tcuentaslp.gob.ar\/wp-content\/uploads\/2017\/10\/logo_tribunal.png\",\"width\":200,\"height\":204,\"caption\":\"Tribunal de Cuentas de La Pampa\"},\"image\":{\"@id\":\"https:\/\/www.tcuentaslp.gob.ar\/#\/schema\/logo\/image\/\"},\"sameAs\":[\"https:\/\/es-la.facebook.com\/TdeCLaPampa\/\"]},{\"@type\":\"Person\",\"@id\":\"https:\/\/www.tcuentaslp.gob.ar\/#\/schema\/person\/2031ab0de38ed2ac42ff7d6787851a6c\",\"name\":\"tribunete\"}]}<\/script>\n<!-- \/ Yoast SEO plugin. -->","yoast_head_json":{"title":"REUNION\u00a0EN LA PAMPA DE TODOS LOS TRIBUNALES DE CUENTAS DEL PAIS\u00a0Y DEL MERCOSUR -","robots":{"index":"index","follow":"follow","max-snippet":"max-snippet:-1","max-image-preview":"max-image-preview:large","max-video-preview":"max-video-preview:-1"},"canonical":"https:\/\/www.tcuentaslp.gob.ar\/?p=5005","og_locale":"es_ES","og_type":"article","og_title":"REUNION\u00a0EN LA PAMPA DE TODOS LOS TRIBUNALES DE CUENTAS DEL PAIS\u00a0Y DEL MERCOSUR -","og_description":"Del 23 al 25 de abril se desarroll\u00f3 en Santa Rosa la primera reuni\u00f3n anual del del Secretariado Permanente de ... Leer m\u00e1s...","og_url":"https:\/\/www.tcuentaslp.gob.ar\/?p=5005","article_publisher":"https:\/\/es-la.facebook.com\/TdeCLaPampa\/","article_published_time":"2024-04-26T12:56:42+00:00","article_modified_time":"2024-04-29T13:22:14+00:00","og_image":[{"width":1080,"height":720,"url":"https:\/\/www.tcuentaslp.gob.ar\/wp-content\/uploads\/2024\/04\/Apertura1.jpg","type":"image\/jpeg"}],"author":"tribunete","twitter_card":"summary_large_image","twitter_misc":{"Escrito por":"tribunete","Tiempo de lectura":"3 minutos"},"schema":{"@context":"https:\/\/schema.org","@graph":[{"@type":"Article","@id":"https:\/\/www.tcuentaslp.gob.ar\/?p=5005#article","isPartOf":{"@id":"https:\/\/www.tcuentaslp.gob.ar\/?p=5005"},"author":{"name":"tribunete","@id":"https:\/\/www.tcuentaslp.gob.ar\/#\/schema\/person\/2031ab0de38ed2ac42ff7d6787851a6c"},"headline":"REUNION\u00a0EN LA PAMPA DE TODOS LOS TRIBUNALES DE CUENTAS DEL PAIS\u00a0Y DEL MERCOSUR","datePublished":"2024-04-26T12:56:42+00:00","dateModified":"2024-04-29T13:22:14+00:00","mainEntityOfPage":{"@id":"https:\/\/www.tcuentaslp.gob.ar\/?p=5005"},"wordCount":650,"publisher":{"@id":"https:\/\/www.tcuentaslp.gob.ar\/#organization"},"articleSection":["Noticias"],"inLanguage":"es-AR"},{"@type":"WebPage","@id":"https:\/\/www.tcuentaslp.gob.ar\/?p=5005","url":"https:\/\/www.tcuentaslp.gob.ar\/?p=5005","name":"REUNION\u00a0EN LA PAMPA DE TODOS LOS TRIBUNALES DE CUENTAS DEL PAIS\u00a0Y DEL MERCOSUR -","isPartOf":{"@id":"https:\/\/www.tcuentaslp.gob.ar\/#website"},"datePublished":"2024-04-26T12:56:42+00:00","dateModified":"2024-04-29T13:22:14+00:00","breadcrumb":{"@id":"https:\/\/www.tcuentaslp.gob.ar\/?p=5005#breadcrumb"},"inLanguage":"es-AR","potentialAction":[{"@type":"ReadAction","target":["https:\/\/www.tcuentaslp.gob.ar\/?p=5005"]}]},{"@type":"BreadcrumbList","@id":"https:\/\/www.tcuentaslp.gob.ar\/?p=5005#breadcrumb","itemListElement":[{"@type":"ListItem","position":1,"name":"Inicio","item":"https:\/\/www.tcuentaslp.gob.ar\/"},{"@type":"ListItem","position":2,"name":"REUNION\u00a0EN LA PAMPA DE TODOS LOS TRIBUNALES DE CUENTAS DEL PAIS\u00a0Y DEL MERCOSUR"}]},{"@type":"WebSite","@id":"https:\/\/www.tcuentaslp.gob.ar\/#website","url":"https:\/\/www.tcuentaslp.gob.ar\/","name":"Tribunal de Cuentas de La Pampa","description":"","publisher":{"@id":"https:\/\/www.tcuentaslp.gob.ar\/#organization"},"potentialAction":[{"@type":"SearchAction","target":{"@type":"EntryPoint","urlTemplate":"https:\/\/www.tcuentaslp.gob.ar\/?s={search_term_string}"},"query-input":"required name=search_term_string"}],"inLanguage":"es-AR"},{"@type":"Organization","@id":"https:\/\/www.tcuentaslp.gob.ar\/#organization","name":"Tribunal de Cuentas de La Pampa","url":"https:\/\/www.tcuentaslp.gob.ar\/","logo":{"@type":"ImageObject","inLanguage":"es-AR","@id":"https:\/\/www.tcuentaslp.gob.ar\/#\/schema\/logo\/image\/","url":"http:\/\/www.tcuentaslp.gob.ar\/wp-content\/uploads\/2017\/10\/logo_tribunal.png","contentUrl":"http:\/\/www.tcuentaslp.gob.ar\/wp-content\/uploads\/2017\/10\/logo_tribunal.png","width":200,"height":204,"caption":"Tribunal de Cuentas de La Pampa"},"image":{"@id":"https:\/\/www.tcuentaslp.gob.ar\/#\/schema\/logo\/image\/"},"sameAs":["https:\/\/es-la.facebook.com\/TdeCLaPampa\/"]},{"@type":"Person","@id":"https:\/\/www.tcuentaslp.gob.ar\/#\/schema\/person\/2031ab0de38ed2ac42ff7d6787851a6c","name":"tribunete"}]}},"_links":{"self":[{"href":"https:\/\/www.tcuentaslp.gob.ar\/index.php?rest_route=\/wp\/v2\/posts\/5005"}],"collection":[{"href":"https:\/\/www.tcuentaslp.gob.ar\/index.php?rest_route=\/wp\/v2\/posts"}],"about":[{"href":"https:\/\/www.tcuentaslp.gob.ar\/index.php?rest_route=\/wp\/v2\/types\/post"}],"author":[{"embeddable":true,"href":"https:\/\/www.tcuentaslp.gob.ar\/index.php?rest_route=\/wp\/v2\/users\/5"}],"replies":[{"embeddable":true,"href":"https:\/\/www.tcuentaslp.gob.ar\/index.php?rest_route=%2Fwp%2Fv2%2Fcomments&post=5005"}],"version-history":[{"count":3,"href":"https:\/\/www.tcuentaslp.gob.ar\/index.php?rest_route=\/wp\/v2\/posts\/5005\/revisions"}],"predecessor-version":[{"id":5017,"href":"https:\/\/www.tcuentaslp.gob.ar\/index.php?rest_route=\/wp\/v2\/posts\/5005\/revisions\/5017"}],"wp:featuredmedia":[{"embeddable":true,"href":"https:\/\/www.tcuentaslp.gob.ar\/index.php?rest_route=\/wp\/v2\/media\/5000"}],"wp:attachment":[{"href":"https:\/\/www.tcuentaslp.gob.ar\/index.php?rest_route=%2Fwp%2Fv2%2Fmedia&parent=5005"}],"wp:term":[{"taxonomy":"category","embeddable":true,"href":"https:\/\/www.tcuentaslp.gob.ar\/index.php?rest_route=%2Fwp%2Fv2%2Fcategories&post=5005"},{"taxonomy":"post_tag","embeddable":true,"href":"https:\/\/www.tcuentaslp.gob.ar\/index.php?rest_route=%2Fwp%2Fv2%2Ftags&post=5005"}],"curies":[{"name":"wp","href":"https:\/\/api.w.org\/{rel}","templated":true}]}}