{"id":5008,"date":"2024-04-26T10:04:59","date_gmt":"2024-04-26T13:04:59","guid":{"rendered":"https:\/\/www.tcuentaslp.gob.ar\/?p=5008"},"modified":"2024-04-29T10:21:47","modified_gmt":"2024-04-29T13:21:47","slug":"conferencia","status":"publish","type":"post","link":"https:\/\/www.tcuentaslp.gob.ar\/?p=5008","title":{"rendered":"CONFERENCIA"},"content":{"rendered":"\n<p>En el marco de la reuni\u00f3n&nbsp;del Secretariado Permanente de Tribunales de Cuentas, Organos&nbsp;y Organismos de Control Externo de la Rep\u00fablica Argentina&nbsp; se transmiti\u00f3 una conferencia magistral propiciada por el Tribunal de Cuentas de La Pampa y la Red de Gobernanza para la Argentina&nbsp; (REDGA)&nbsp; de la que la contadora Mac&nbsp; Allister forma parte.&nbsp;<\/p>\n\n\n\n<p>La misma estuvo a cargo de&nbsp;&nbsp;Marcelo Scaglione, magister&nbsp; en Administraci\u00f3n P\u00fablica de la Escuela Nacional de Administraci\u00f3n (Francia),&nbsp; Contador P\u00fablico y Especialista en Marketing de la Universidad de Buenos Aires , profesor de la UBA,&nbsp; jurado y conferencista en grandes escuelas europeas (ENA, ESCPEurope, CNAM).<\/p>\n\n\n\n<p>En ella se abord\u00f3 el proceso de incorporaci\u00f3n de Argentina a la OCDE y la importancia que el trabajo de los organismos constitucionales de control aportan a la institucionalidad requerida para acceder a tal organizaci\u00f3n internacional.<\/p>\n\n\n\n<p>El personal del Tribunal de Cuentas pudo seguir la conferencia en simult\u00e1neo desde el auditorio del organismo.<\/p>\n\n\n<div class=\"wp-block-image\">\n<figure class=\"aligncenter size-large\"><img decoding=\"async\" loading=\"lazy\" width=\"1024\" height=\"770\" src=\"https:\/\/www.tcuentaslp.gob.ar\/wp-content\/uploads\/2024\/04\/Conferencia2-1024x770.jpg\" alt=\"\" class=\"wp-image-5009\" srcset=\"https:\/\/www.tcuentaslp.gob.ar\/wp-content\/uploads\/2024\/04\/Conferencia2-1024x770.jpg 1024w, https:\/\/www.tcuentaslp.gob.ar\/wp-content\/uploads\/2024\/04\/Conferencia2-300x226.jpg 300w, https:\/\/www.tcuentaslp.gob.ar\/wp-content\/uploads\/2024\/04\/Conferencia2-768x578.jpg 768w, https:\/\/www.tcuentaslp.gob.ar\/wp-content\/uploads\/2024\/04\/Conferencia2.jpg 1280w\" sizes=\"(max-width: 1024px) 100vw, 1024px\" \/><\/figure><\/div>","protected":false},"excerpt":{"rendered":"<p>En el marco de la reuni\u00f3n&nbsp;del Secretariado Permanente de Tribunales de Cuentas, Organos&nbsp;y Organismos de Control Externo de la Rep\u00fablica &#8230; <a title=\"CONFERENCIA\" class=\"read-more\" href=\"https:\/\/www.tcuentaslp.gob.ar\/?p=5008\">Leer m\u00e1s&#8230;<\/a><\/p>\n","protected":false},"author":5,"featured_media":5010,"comment_status":"closed","ping_status":"closed","sticky":false,"template":"","format":"standard","meta":{"generate_page_header":""},"categories":[5],"tags":[],"yoast_head":"<!-- This site is optimized with the Yoast SEO plugin v20.12 - https:\/\/yoast.com\/wordpress\/plugins\/seo\/ -->\n<title>CONFERENCIA -<\/title>\n<meta name=\"robots\" content=\"index, follow, max-snippet:-1, max-image-preview:large, max-video-preview:-1\" \/>\n<link rel=\"canonical\" href=\"https:\/\/www.tcuentaslp.gob.ar\/?p=5008\" \/>\n<meta property=\"og:locale\" content=\"es_ES\" \/>\n<meta property=\"og:type\" content=\"article\" \/>\n<meta property=\"og:title\" content=\"CONFERENCIA -\" \/>\n<meta property=\"og:description\" content=\"En el marco de la reuni\u00f3n&nbsp;del Secretariado Permanente de Tribunales de Cuentas, Organos&nbsp;y Organismos de Control Externo de la Rep\u00fablica ... Leer m\u00e1s...\" \/>\n<meta property=\"og:url\" content=\"https:\/\/www.tcuentaslp.gob.ar\/?p=5008\" \/>\n<meta property=\"article:publisher\" content=\"https:\/\/es-la.facebook.com\/TdeCLaPampa\/\" \/>\n<meta property=\"article:published_time\" content=\"2024-04-26T13:04:59+00:00\" \/>\n<meta property=\"article:modified_time\" content=\"2024-04-29T13:21:47+00:00\" \/>\n<meta property=\"og:image\" content=\"https:\/\/www.tcuentaslp.gob.ar\/wp-content\/uploads\/2024\/04\/Conferencia1.jpg\" \/>\n\t<meta property=\"og:image:width\" content=\"1080\" \/>\n\t<meta property=\"og:image:height\" content=\"589\" \/>\n\t<meta property=\"og:image:type\" content=\"image\/jpeg\" \/>\n<meta name=\"author\" content=\"tribunete\" \/>\n<meta name=\"twitter:card\" content=\"summary_large_image\" \/>\n<meta name=\"twitter:label1\" content=\"Escrito por\" \/>\n\t<meta name=\"twitter:data1\" content=\"tribunete\" \/>\n\t<meta name=\"twitter:label2\" content=\"Tiempo de lectura\" \/>\n\t<meta name=\"twitter:data2\" content=\"1 minuto\" \/>\n<script type=\"application\/ld+json\" class=\"yoast-schema-graph\">{\"@context\":\"https:\/\/schema.org\",\"@graph\":[{\"@type\":\"Article\",\"@id\":\"https:\/\/www.tcuentaslp.gob.ar\/?p=5008#article\",\"isPartOf\":{\"@id\":\"https:\/\/www.tcuentaslp.gob.ar\/?p=5008\"},\"author\":{\"name\":\"tribunete\",\"@id\":\"https:\/\/www.tcuentaslp.gob.ar\/#\/schema\/person\/2031ab0de38ed2ac42ff7d6787851a6c\"},\"headline\":\"CONFERENCIA\",\"datePublished\":\"2024-04-26T13:04:59+00:00\",\"dateModified\":\"2024-04-29T13:21:47+00:00\",\"mainEntityOfPage\":{\"@id\":\"https:\/\/www.tcuentaslp.gob.ar\/?p=5008\"},\"wordCount\":175,\"publisher\":{\"@id\":\"https:\/\/www.tcuentaslp.gob.ar\/#organization\"},\"articleSection\":[\"Noticias\"],\"inLanguage\":\"es-AR\"},{\"@type\":\"WebPage\",\"@id\":\"https:\/\/www.tcuentaslp.gob.ar\/?p=5008\",\"url\":\"https:\/\/www.tcuentaslp.gob.ar\/?p=5008\",\"name\":\"CONFERENCIA -\",\"isPartOf\":{\"@id\":\"https:\/\/www.tcuentaslp.gob.ar\/#website\"},\"datePublished\":\"2024-04-26T13:04:59+00:00\",\"dateModified\":\"2024-04-29T13:21:47+00:00\",\"breadcrumb\":{\"@id\":\"https:\/\/www.tcuentaslp.gob.ar\/?p=5008#breadcrumb\"},\"inLanguage\":\"es-AR\",\"potentialAction\":[{\"@type\":\"ReadAction\",\"target\":[\"https:\/\/www.tcuentaslp.gob.ar\/?p=5008\"]}]},{\"@type\":\"BreadcrumbList\",\"@id\":\"https:\/\/www.tcuentaslp.gob.ar\/?p=5008#breadcrumb\",\"itemListElement\":[{\"@type\":\"ListItem\",\"position\":1,\"name\":\"Inicio\",\"item\":\"https:\/\/www.tcuentaslp.gob.ar\/\"},{\"@type\":\"ListItem\",\"position\":2,\"name\":\"CONFERENCIA\"}]},{\"@type\":\"WebSite\",\"@id\":\"https:\/\/www.tcuentaslp.gob.ar\/#website\",\"url\":\"https:\/\/www.tcuentaslp.gob.ar\/\",\"name\":\"Tribunal de Cuentas de La Pampa\",\"description\":\"\",\"publisher\":{\"@id\":\"https:\/\/www.tcuentaslp.gob.ar\/#organization\"},\"potentialAction\":[{\"@type\":\"SearchAction\",\"target\":{\"@type\":\"EntryPoint\",\"urlTemplate\":\"https:\/\/www.tcuentaslp.gob.ar\/?s={search_term_string}\"},\"query-input\":\"required name=search_term_string\"}],\"inLanguage\":\"es-AR\"},{\"@type\":\"Organization\",\"@id\":\"https:\/\/www.tcuentaslp.gob.ar\/#organization\",\"name\":\"Tribunal de Cuentas de La Pampa\",\"url\":\"https:\/\/www.tcuentaslp.gob.ar\/\",\"logo\":{\"@type\":\"ImageObject\",\"inLanguage\":\"es-AR\",\"@id\":\"https:\/\/www.tcuentaslp.gob.ar\/#\/schema\/logo\/image\/\",\"url\":\"http:\/\/www.tcuentaslp.gob.ar\/wp-content\/uploads\/2017\/10\/logo_tribunal.png\",\"contentUrl\":\"http:\/\/www.tcuentaslp.gob.ar\/wp-content\/uploads\/2017\/10\/logo_tribunal.png\",\"width\":200,\"height\":204,\"caption\":\"Tribunal de Cuentas de La Pampa\"},\"image\":{\"@id\":\"https:\/\/www.tcuentaslp.gob.ar\/#\/schema\/logo\/image\/\"},\"sameAs\":[\"https:\/\/es-la.facebook.com\/TdeCLaPampa\/\"]},{\"@type\":\"Person\",\"@id\":\"https:\/\/www.tcuentaslp.gob.ar\/#\/schema\/person\/2031ab0de38ed2ac42ff7d6787851a6c\",\"name\":\"tribunete\"}]}<\/script>\n<!-- \/ Yoast SEO plugin. -->","yoast_head_json":{"title":"CONFERENCIA -","robots":{"index":"index","follow":"follow","max-snippet":"max-snippet:-1","max-image-preview":"max-image-preview:large","max-video-preview":"max-video-preview:-1"},"canonical":"https:\/\/www.tcuentaslp.gob.ar\/?p=5008","og_locale":"es_ES","og_type":"article","og_title":"CONFERENCIA -","og_description":"En el marco de la reuni\u00f3n&nbsp;del Secretariado Permanente de Tribunales de Cuentas, Organos&nbsp;y Organismos de Control Externo de la Rep\u00fablica ... Leer m\u00e1s...","og_url":"https:\/\/www.tcuentaslp.gob.ar\/?p=5008","article_publisher":"https:\/\/es-la.facebook.com\/TdeCLaPampa\/","article_published_time":"2024-04-26T13:04:59+00:00","article_modified_time":"2024-04-29T13:21:47+00:00","og_image":[{"width":1080,"height":589,"url":"https:\/\/www.tcuentaslp.gob.ar\/wp-content\/uploads\/2024\/04\/Conferencia1.jpg","type":"image\/jpeg"}],"author":"tribunete","twitter_card":"summary_large_image","twitter_misc":{"Escrito por":"tribunete","Tiempo de lectura":"1 minuto"},"schema":{"@context":"https:\/\/schema.org","@graph":[{"@type":"Article","@id":"https:\/\/www.tcuentaslp.gob.ar\/?p=5008#article","isPartOf":{"@id":"https:\/\/www.tcuentaslp.gob.ar\/?p=5008"},"author":{"name":"tribunete","@id":"https:\/\/www.tcuentaslp.gob.ar\/#\/schema\/person\/2031ab0de38ed2ac42ff7d6787851a6c"},"headline":"CONFERENCIA","datePublished":"2024-04-26T13:04:59+00:00","dateModified":"2024-04-29T13:21:47+00:00","mainEntityOfPage":{"@id":"https:\/\/www.tcuentaslp.gob.ar\/?p=5008"},"wordCount":175,"publisher":{"@id":"https:\/\/www.tcuentaslp.gob.ar\/#organization"},"articleSection":["Noticias"],"inLanguage":"es-AR"},{"@type":"WebPage","@id":"https:\/\/www.tcuentaslp.gob.ar\/?p=5008","url":"https:\/\/www.tcuentaslp.gob.ar\/?p=5008","name":"CONFERENCIA -","isPartOf":{"@id":"https:\/\/www.tcuentaslp.gob.ar\/#website"},"datePublished":"2024-04-26T13:04:59+00:00","dateModified":"2024-04-29T13:21:47+00:00","breadcrumb":{"@id":"https:\/\/www.tcuentaslp.gob.ar\/?p=5008#breadcrumb"},"inLanguage":"es-AR","potentialAction":[{"@type":"ReadAction","target":["https:\/\/www.tcuentaslp.gob.ar\/?p=5008"]}]},{"@type":"BreadcrumbList","@id":"https:\/\/www.tcuentaslp.gob.ar\/?p=5008#breadcrumb","itemListElement":[{"@type":"ListItem","position":1,"name":"Inicio","item":"https:\/\/www.tcuentaslp.gob.ar\/"},{"@type":"ListItem","position":2,"name":"CONFERENCIA"}]},{"@type":"WebSite","@id":"https:\/\/www.tcuentaslp.gob.ar\/#website","url":"https:\/\/www.tcuentaslp.gob.ar\/","name":"Tribunal de Cuentas de La Pampa","description":"","publisher":{"@id":"https:\/\/www.tcuentaslp.gob.ar\/#organization"},"potentialAction":[{"@type":"SearchAction","target":{"@type":"EntryPoint","urlTemplate":"https:\/\/www.tcuentaslp.gob.ar\/?s={search_term_string}"},"query-input":"required name=search_term_string"}],"inLanguage":"es-AR"},{"@type":"Organization","@id":"https:\/\/www.tcuentaslp.gob.ar\/#organization","name":"Tribunal de Cuentas de La Pampa","url":"https:\/\/www.tcuentaslp.gob.ar\/","logo":{"@type":"ImageObject","inLanguage":"es-AR","@id":"https:\/\/www.tcuentaslp.gob.ar\/#\/schema\/logo\/image\/","url":"http:\/\/www.tcuentaslp.gob.ar\/wp-content\/uploads\/2017\/10\/logo_tribunal.png","contentUrl":"http:\/\/www.tcuentaslp.gob.ar\/wp-content\/uploads\/2017\/10\/logo_tribunal.png","width":200,"height":204,"caption":"Tribunal de Cuentas de La Pampa"},"image":{"@id":"https:\/\/www.tcuentaslp.gob.ar\/#\/schema\/logo\/image\/"},"sameAs":["https:\/\/es-la.facebook.com\/TdeCLaPampa\/"]},{"@type":"Person","@id":"https:\/\/www.tcuentaslp.gob.ar\/#\/schema\/person\/2031ab0de38ed2ac42ff7d6787851a6c","name":"tribunete"}]}},"_links":{"self":[{"href":"https:\/\/www.tcuentaslp.gob.ar\/index.php?rest_route=\/wp\/v2\/posts\/5008"}],"collection":[{"href":"https:\/\/www.tcuentaslp.gob.ar\/index.php?rest_route=\/wp\/v2\/posts"}],"about":[{"href":"https:\/\/www.tcuentaslp.gob.ar\/index.php?rest_route=\/wp\/v2\/types\/post"}],"author":[{"embeddable":true,"href":"https:\/\/www.tcuentaslp.gob.ar\/index.php?rest_route=\/wp\/v2\/users\/5"}],"replies":[{"embeddable":true,"href":"https:\/\/www.tcuentaslp.gob.ar\/index.php?rest_route=%2Fwp%2Fv2%2Fcomments&post=5008"}],"version-history":[{"count":2,"href":"https:\/\/www.tcuentaslp.gob.ar\/index.php?rest_route=\/wp\/v2\/posts\/5008\/revisions"}],"predecessor-version":[{"id":5016,"href":"https:\/\/www.tcuentaslp.gob.ar\/index.php?rest_route=\/wp\/v2\/posts\/5008\/revisions\/5016"}],"wp:featuredmedia":[{"embeddable":true,"href":"https:\/\/www.tcuentaslp.gob.ar\/index.php?rest_route=\/wp\/v2\/media\/5010"}],"wp:attachment":[{"href":"https:\/\/www.tcuentaslp.gob.ar\/index.php?rest_route=%2Fwp%2Fv2%2Fmedia&parent=5008"}],"wp:term":[{"taxonomy":"category","embeddable":true,"href":"https:\/\/www.tcuentaslp.gob.ar\/index.php?rest_route=%2Fwp%2Fv2%2Fcategories&post=5008"},{"taxonomy":"post_tag","embeddable":true,"href":"https:\/\/www.tcuentaslp.gob.ar\/index.php?rest_route=%2Fwp%2Fv2%2Ftags&post=5008"}],"curies":[{"name":"wp","href":"https:\/\/api.w.org\/{rel}","templated":true}]}}