{"id":5159,"date":"2024-10-08T12:34:50","date_gmt":"2024-10-08T15:34:50","guid":{"rendered":"https:\/\/www.tcuentaslp.gob.ar\/?p=5159"},"modified":"2024-10-08T12:34:51","modified_gmt":"2024-10-08T15:34:51","slug":"en-el-tribunal-de-cuentas-se-habla-de-suicidio","status":"publish","type":"post","link":"https:\/\/www.tcuentaslp.gob.ar\/?p=5159","title":{"rendered":"EN EL TRIBUNAL DE CUENTAS SE HABLA DE SUICIDIO"},"content":{"rendered":"\n<p>La comunicaci\u00f3n y la capacitaci\u00f3n constituyen&nbsp; herramientas para el cambio social,&nbsp; que pueden producir&nbsp; impacto en la comunidad.<\/p>\n\n\n\n<p>\u00a0Con el objeto de compartir informaci\u00f3n relativa a la problem\u00e1tica del suicidio, las Licenciadas Carmen Esteban y Gabriela Pasquettin llevaron adelante una charla en el Tribunal de Cuentas. En ella se debatieron mitos,\u00a0 creencias err\u00f3neas; se relevaron datos y\u00a0 factores de riesgo as\u00ed como\u00a0 de detecci\u00f3n y\u00a0 protecci\u00f3n que coadyuvan a la prevenci\u00f3n y abordaje de personas en situaci\u00f3n de crisis, difundi\u00e9ndose alternativas y tel\u00e9fonos de contacto.<\/p>\n\n\n\n<figure class=\"wp-block-image size-large\"><img decoding=\"async\" loading=\"lazy\" width=\"1024\" height=\"462\" src=\"https:\/\/www.tcuentaslp.gob.ar\/wp-content\/uploads\/2024\/10\/Charla-suicidio2-1024x462.jpg\" alt=\"\" class=\"wp-image-5160\" srcset=\"https:\/\/www.tcuentaslp.gob.ar\/wp-content\/uploads\/2024\/10\/Charla-suicidio2-1024x462.jpg 1024w, https:\/\/www.tcuentaslp.gob.ar\/wp-content\/uploads\/2024\/10\/Charla-suicidio2-300x135.jpg 300w, https:\/\/www.tcuentaslp.gob.ar\/wp-content\/uploads\/2024\/10\/Charla-suicidio2-768x346.jpg 768w, https:\/\/www.tcuentaslp.gob.ar\/wp-content\/uploads\/2024\/10\/Charla-suicidio2-1536x692.jpg 1536w, https:\/\/www.tcuentaslp.gob.ar\/wp-content\/uploads\/2024\/10\/Charla-suicidio2-2048x923.jpg 2048w\" sizes=\"(max-width: 1024px) 100vw, 1024px\" \/><\/figure>\n","protected":false},"excerpt":{"rendered":"<p>La comunicaci\u00f3n y la capacitaci\u00f3n constituyen&nbsp; herramientas para el cambio social,&nbsp; que pueden producir&nbsp; impacto en la comunidad. \u00a0Con el &#8230; <a title=\"EN EL TRIBUNAL DE CUENTAS SE HABLA DE SUICIDIO\" class=\"read-more\" href=\"https:\/\/www.tcuentaslp.gob.ar\/?p=5159\">Leer m\u00e1s&#8230;<\/a><\/p>\n","protected":false},"author":5,"featured_media":5161,"comment_status":"closed","ping_status":"closed","sticky":false,"template":"","format":"standard","meta":{"generate_page_header":""},"categories":[5],"tags":[],"yoast_head":"<!-- This site is optimized with the Yoast SEO plugin v20.12 - https:\/\/yoast.com\/wordpress\/plugins\/seo\/ -->\n<title>EN EL TRIBUNAL DE CUENTAS SE HABLA DE SUICIDIO -<\/title>\n<meta name=\"robots\" content=\"index, follow, max-snippet:-1, max-image-preview:large, max-video-preview:-1\" \/>\n<link rel=\"canonical\" href=\"https:\/\/www.tcuentaslp.gob.ar\/?p=5159\" \/>\n<meta property=\"og:locale\" content=\"es_ES\" \/>\n<meta property=\"og:type\" content=\"article\" \/>\n<meta property=\"og:title\" content=\"EN EL TRIBUNAL DE CUENTAS SE HABLA DE SUICIDIO -\" \/>\n<meta property=\"og:description\" content=\"La comunicaci\u00f3n y la capacitaci\u00f3n constituyen&nbsp; herramientas para el cambio social,&nbsp; que pueden producir&nbsp; impacto en la comunidad. \u00a0Con el ... Leer m\u00e1s...\" \/>\n<meta property=\"og:url\" content=\"https:\/\/www.tcuentaslp.gob.ar\/?p=5159\" \/>\n<meta property=\"article:publisher\" content=\"https:\/\/es-la.facebook.com\/TdeCLaPampa\/\" \/>\n<meta property=\"article:published_time\" content=\"2024-10-08T15:34:50+00:00\" \/>\n<meta property=\"article:modified_time\" content=\"2024-10-08T15:34:51+00:00\" \/>\n<meta property=\"og:image\" content=\"https:\/\/www.tcuentaslp.gob.ar\/wp-content\/uploads\/2024\/10\/Charla-suicidio1.jpg\" \/>\n\t<meta property=\"og:image:width\" content=\"1280\" \/>\n\t<meta property=\"og:image:height\" content=\"576\" \/>\n\t<meta property=\"og:image:type\" content=\"image\/jpeg\" \/>\n<meta name=\"author\" content=\"tribunete\" \/>\n<meta name=\"twitter:card\" content=\"summary_large_image\" \/>\n<meta name=\"twitter:label1\" content=\"Escrito por\" \/>\n\t<meta name=\"twitter:data1\" content=\"tribunete\" \/>\n\t<meta name=\"twitter:label2\" content=\"Tiempo de lectura\" \/>\n\t<meta name=\"twitter:data2\" content=\"1 minuto\" \/>\n<script type=\"application\/ld+json\" class=\"yoast-schema-graph\">{\"@context\":\"https:\/\/schema.org\",\"@graph\":[{\"@type\":\"Article\",\"@id\":\"https:\/\/www.tcuentaslp.gob.ar\/?p=5159#article\",\"isPartOf\":{\"@id\":\"https:\/\/www.tcuentaslp.gob.ar\/?p=5159\"},\"author\":{\"name\":\"tribunete\",\"@id\":\"https:\/\/www.tcuentaslp.gob.ar\/#\/schema\/person\/2031ab0de38ed2ac42ff7d6787851a6c\"},\"headline\":\"EN EL TRIBUNAL DE CUENTAS SE HABLA DE SUICIDIO\",\"datePublished\":\"2024-10-08T15:34:50+00:00\",\"dateModified\":\"2024-10-08T15:34:51+00:00\",\"mainEntityOfPage\":{\"@id\":\"https:\/\/www.tcuentaslp.gob.ar\/?p=5159\"},\"wordCount\":108,\"publisher\":{\"@id\":\"https:\/\/www.tcuentaslp.gob.ar\/#organization\"},\"articleSection\":[\"Noticias\"],\"inLanguage\":\"es-AR\"},{\"@type\":\"WebPage\",\"@id\":\"https:\/\/www.tcuentaslp.gob.ar\/?p=5159\",\"url\":\"https:\/\/www.tcuentaslp.gob.ar\/?p=5159\",\"name\":\"EN EL TRIBUNAL DE CUENTAS SE HABLA DE SUICIDIO -\",\"isPartOf\":{\"@id\":\"https:\/\/www.tcuentaslp.gob.ar\/#website\"},\"datePublished\":\"2024-10-08T15:34:50+00:00\",\"dateModified\":\"2024-10-08T15:34:51+00:00\",\"breadcrumb\":{\"@id\":\"https:\/\/www.tcuentaslp.gob.ar\/?p=5159#breadcrumb\"},\"inLanguage\":\"es-AR\",\"potentialAction\":[{\"@type\":\"ReadAction\",\"target\":[\"https:\/\/www.tcuentaslp.gob.ar\/?p=5159\"]}]},{\"@type\":\"BreadcrumbList\",\"@id\":\"https:\/\/www.tcuentaslp.gob.ar\/?p=5159#breadcrumb\",\"itemListElement\":[{\"@type\":\"ListItem\",\"position\":1,\"name\":\"Inicio\",\"item\":\"https:\/\/www.tcuentaslp.gob.ar\/\"},{\"@type\":\"ListItem\",\"position\":2,\"name\":\"EN EL TRIBUNAL DE CUENTAS SE HABLA DE SUICIDIO\"}]},{\"@type\":\"WebSite\",\"@id\":\"https:\/\/www.tcuentaslp.gob.ar\/#website\",\"url\":\"https:\/\/www.tcuentaslp.gob.ar\/\",\"name\":\"Tribunal de Cuentas de La Pampa\",\"description\":\"\",\"publisher\":{\"@id\":\"https:\/\/www.tcuentaslp.gob.ar\/#organization\"},\"potentialAction\":[{\"@type\":\"SearchAction\",\"target\":{\"@type\":\"EntryPoint\",\"urlTemplate\":\"https:\/\/www.tcuentaslp.gob.ar\/?s={search_term_string}\"},\"query-input\":\"required name=search_term_string\"}],\"inLanguage\":\"es-AR\"},{\"@type\":\"Organization\",\"@id\":\"https:\/\/www.tcuentaslp.gob.ar\/#organization\",\"name\":\"Tribunal de Cuentas de La Pampa\",\"url\":\"https:\/\/www.tcuentaslp.gob.ar\/\",\"logo\":{\"@type\":\"ImageObject\",\"inLanguage\":\"es-AR\",\"@id\":\"https:\/\/www.tcuentaslp.gob.ar\/#\/schema\/logo\/image\/\",\"url\":\"http:\/\/www.tcuentaslp.gob.ar\/wp-content\/uploads\/2017\/10\/logo_tribunal.png\",\"contentUrl\":\"http:\/\/www.tcuentaslp.gob.ar\/wp-content\/uploads\/2017\/10\/logo_tribunal.png\",\"width\":200,\"height\":204,\"caption\":\"Tribunal de Cuentas de La Pampa\"},\"image\":{\"@id\":\"https:\/\/www.tcuentaslp.gob.ar\/#\/schema\/logo\/image\/\"},\"sameAs\":[\"https:\/\/es-la.facebook.com\/TdeCLaPampa\/\"]},{\"@type\":\"Person\",\"@id\":\"https:\/\/www.tcuentaslp.gob.ar\/#\/schema\/person\/2031ab0de38ed2ac42ff7d6787851a6c\",\"name\":\"tribunete\"}]}<\/script>\n<!-- \/ Yoast SEO plugin. -->","yoast_head_json":{"title":"EN EL TRIBUNAL DE CUENTAS SE HABLA DE SUICIDIO -","robots":{"index":"index","follow":"follow","max-snippet":"max-snippet:-1","max-image-preview":"max-image-preview:large","max-video-preview":"max-video-preview:-1"},"canonical":"https:\/\/www.tcuentaslp.gob.ar\/?p=5159","og_locale":"es_ES","og_type":"article","og_title":"EN EL TRIBUNAL DE CUENTAS SE HABLA DE SUICIDIO -","og_description":"La comunicaci\u00f3n y la capacitaci\u00f3n constituyen&nbsp; herramientas para el cambio social,&nbsp; que pueden producir&nbsp; impacto en la comunidad. \u00a0Con el ... Leer m\u00e1s...","og_url":"https:\/\/www.tcuentaslp.gob.ar\/?p=5159","article_publisher":"https:\/\/es-la.facebook.com\/TdeCLaPampa\/","article_published_time":"2024-10-08T15:34:50+00:00","article_modified_time":"2024-10-08T15:34:51+00:00","og_image":[{"width":1280,"height":576,"url":"https:\/\/www.tcuentaslp.gob.ar\/wp-content\/uploads\/2024\/10\/Charla-suicidio1.jpg","type":"image\/jpeg"}],"author":"tribunete","twitter_card":"summary_large_image","twitter_misc":{"Escrito por":"tribunete","Tiempo de lectura":"1 minuto"},"schema":{"@context":"https:\/\/schema.org","@graph":[{"@type":"Article","@id":"https:\/\/www.tcuentaslp.gob.ar\/?p=5159#article","isPartOf":{"@id":"https:\/\/www.tcuentaslp.gob.ar\/?p=5159"},"author":{"name":"tribunete","@id":"https:\/\/www.tcuentaslp.gob.ar\/#\/schema\/person\/2031ab0de38ed2ac42ff7d6787851a6c"},"headline":"EN EL TRIBUNAL DE CUENTAS SE HABLA DE SUICIDIO","datePublished":"2024-10-08T15:34:50+00:00","dateModified":"2024-10-08T15:34:51+00:00","mainEntityOfPage":{"@id":"https:\/\/www.tcuentaslp.gob.ar\/?p=5159"},"wordCount":108,"publisher":{"@id":"https:\/\/www.tcuentaslp.gob.ar\/#organization"},"articleSection":["Noticias"],"inLanguage":"es-AR"},{"@type":"WebPage","@id":"https:\/\/www.tcuentaslp.gob.ar\/?p=5159","url":"https:\/\/www.tcuentaslp.gob.ar\/?p=5159","name":"EN EL TRIBUNAL DE CUENTAS SE HABLA DE SUICIDIO -","isPartOf":{"@id":"https:\/\/www.tcuentaslp.gob.ar\/#website"},"datePublished":"2024-10-08T15:34:50+00:00","dateModified":"2024-10-08T15:34:51+00:00","breadcrumb":{"@id":"https:\/\/www.tcuentaslp.gob.ar\/?p=5159#breadcrumb"},"inLanguage":"es-AR","potentialAction":[{"@type":"ReadAction","target":["https:\/\/www.tcuentaslp.gob.ar\/?p=5159"]}]},{"@type":"BreadcrumbList","@id":"https:\/\/www.tcuentaslp.gob.ar\/?p=5159#breadcrumb","itemListElement":[{"@type":"ListItem","position":1,"name":"Inicio","item":"https:\/\/www.tcuentaslp.gob.ar\/"},{"@type":"ListItem","position":2,"name":"EN EL TRIBUNAL DE CUENTAS SE HABLA DE SUICIDIO"}]},{"@type":"WebSite","@id":"https:\/\/www.tcuentaslp.gob.ar\/#website","url":"https:\/\/www.tcuentaslp.gob.ar\/","name":"Tribunal de Cuentas de La Pampa","description":"","publisher":{"@id":"https:\/\/www.tcuentaslp.gob.ar\/#organization"},"potentialAction":[{"@type":"SearchAction","target":{"@type":"EntryPoint","urlTemplate":"https:\/\/www.tcuentaslp.gob.ar\/?s={search_term_string}"},"query-input":"required name=search_term_string"}],"inLanguage":"es-AR"},{"@type":"Organization","@id":"https:\/\/www.tcuentaslp.gob.ar\/#organization","name":"Tribunal de Cuentas de La Pampa","url":"https:\/\/www.tcuentaslp.gob.ar\/","logo":{"@type":"ImageObject","inLanguage":"es-AR","@id":"https:\/\/www.tcuentaslp.gob.ar\/#\/schema\/logo\/image\/","url":"http:\/\/www.tcuentaslp.gob.ar\/wp-content\/uploads\/2017\/10\/logo_tribunal.png","contentUrl":"http:\/\/www.tcuentaslp.gob.ar\/wp-content\/uploads\/2017\/10\/logo_tribunal.png","width":200,"height":204,"caption":"Tribunal de Cuentas de La Pampa"},"image":{"@id":"https:\/\/www.tcuentaslp.gob.ar\/#\/schema\/logo\/image\/"},"sameAs":["https:\/\/es-la.facebook.com\/TdeCLaPampa\/"]},{"@type":"Person","@id":"https:\/\/www.tcuentaslp.gob.ar\/#\/schema\/person\/2031ab0de38ed2ac42ff7d6787851a6c","name":"tribunete"}]}},"_links":{"self":[{"href":"https:\/\/www.tcuentaslp.gob.ar\/index.php?rest_route=\/wp\/v2\/posts\/5159"}],"collection":[{"href":"https:\/\/www.tcuentaslp.gob.ar\/index.php?rest_route=\/wp\/v2\/posts"}],"about":[{"href":"https:\/\/www.tcuentaslp.gob.ar\/index.php?rest_route=\/wp\/v2\/types\/post"}],"author":[{"embeddable":true,"href":"https:\/\/www.tcuentaslp.gob.ar\/index.php?rest_route=\/wp\/v2\/users\/5"}],"replies":[{"embeddable":true,"href":"https:\/\/www.tcuentaslp.gob.ar\/index.php?rest_route=%2Fwp%2Fv2%2Fcomments&post=5159"}],"version-history":[{"count":1,"href":"https:\/\/www.tcuentaslp.gob.ar\/index.php?rest_route=\/wp\/v2\/posts\/5159\/revisions"}],"predecessor-version":[{"id":5162,"href":"https:\/\/www.tcuentaslp.gob.ar\/index.php?rest_route=\/wp\/v2\/posts\/5159\/revisions\/5162"}],"wp:featuredmedia":[{"embeddable":true,"href":"https:\/\/www.tcuentaslp.gob.ar\/index.php?rest_route=\/wp\/v2\/media\/5161"}],"wp:attachment":[{"href":"https:\/\/www.tcuentaslp.gob.ar\/index.php?rest_route=%2Fwp%2Fv2%2Fmedia&parent=5159"}],"wp:term":[{"taxonomy":"category","embeddable":true,"href":"https:\/\/www.tcuentaslp.gob.ar\/index.php?rest_route=%2Fwp%2Fv2%2Fcategories&post=5159"},{"taxonomy":"post_tag","embeddable":true,"href":"https:\/\/www.tcuentaslp.gob.ar\/index.php?rest_route=%2Fwp%2Fv2%2Ftags&post=5159"}],"curies":[{"name":"wp","href":"https:\/\/api.w.org\/{rel}","templated":true}]}}