{"id":5186,"date":"2024-11-04T11:02:28","date_gmt":"2024-11-04T14:02:28","guid":{"rendered":"https:\/\/www.tcuentaslp.gob.ar\/?p=5186"},"modified":"2024-11-04T11:02:29","modified_gmt":"2024-11-04T14:02:29","slug":"visita-a-organizaciones-no-gubernamentales","status":"publish","type":"post","link":"https:\/\/www.tcuentaslp.gob.ar\/?p=5186","title":{"rendered":"VISITA A ORGANIZACIONES NO GUBERNAMENTALES"},"content":{"rendered":"\n<p>Los d\u00edas 30 y 31 de octubre, el Tribunal de Cuentas visit\u00f3 organizaciones no gubernamentales vinculadas por convenio al Ministerio de Desarrollo Social para dialogar con sus representantes, solicitar informaci\u00f3n y abordar observaciones efectuadas por la autoridad de control en el marco de la rendici\u00f3n de subsidios que las mismas realizan.<\/p>\n\n\n\n<p>En la Fundaci\u00f3n &#8220;Cambiando Vidas&#8221; el equipo de trabajo fu\u00e9 recibido por su Presidente Jonatan Coria y en la Fundaci\u00f3n &#8220;Nuestros Pibes&#8221; por la Presidenta Stella Marys Garc\u00eda. En ambos casos las visitas fueron coordinadas por la Vocal\u00eda de Sala I, con la presencia de la Jefa de Sala Flavia Vargas, la Subjefa Alejandra Mateos, la relatora Claudia Capello, el relator Agust\u00edn Rodriguez Barroso y las asesoras letradas In\u00e9s Gonzalez Torroba y Laura Engels.<\/p>\n\n\n<div class=\"wp-block-image\">\n<figure class=\"aligncenter size-large\"><img decoding=\"async\" loading=\"lazy\" width=\"768\" height=\"1024\" src=\"https:\/\/www.tcuentaslp.gob.ar\/wp-content\/uploads\/2024\/11\/VISITA-A-ORGANIZACIONES-NO-GUBERNAMETALES_Fundacion-Nuestros-Pibes-768x1024.jpg\" alt=\"\" class=\"wp-image-5188\" srcset=\"https:\/\/www.tcuentaslp.gob.ar\/wp-content\/uploads\/2024\/11\/VISITA-A-ORGANIZACIONES-NO-GUBERNAMETALES_Fundacion-Nuestros-Pibes-768x1024.jpg 768w, https:\/\/www.tcuentaslp.gob.ar\/wp-content\/uploads\/2024\/11\/VISITA-A-ORGANIZACIONES-NO-GUBERNAMETALES_Fundacion-Nuestros-Pibes-225x300.jpg 225w, https:\/\/www.tcuentaslp.gob.ar\/wp-content\/uploads\/2024\/11\/VISITA-A-ORGANIZACIONES-NO-GUBERNAMETALES_Fundacion-Nuestros-Pibes.jpg 960w\" sizes=\"(max-width: 768px) 100vw, 768px\" \/><\/figure><\/div>","protected":false},"excerpt":{"rendered":"<p>Los d\u00edas 30 y 31 de octubre, el Tribunal de Cuentas visit\u00f3 organizaciones no gubernamentales vinculadas por convenio al Ministerio &#8230; <a title=\"VISITA A ORGANIZACIONES NO GUBERNAMENTALES\" class=\"read-more\" href=\"https:\/\/www.tcuentaslp.gob.ar\/?p=5186\">Leer m\u00e1s&#8230;<\/a><\/p>\n","protected":false},"author":4,"featured_media":5187,"comment_status":"closed","ping_status":"closed","sticky":false,"template":"","format":"standard","meta":{"generate_page_header":""},"categories":[5],"tags":[],"yoast_head":"<!-- This site is optimized with the Yoast SEO plugin v20.12 - https:\/\/yoast.com\/wordpress\/plugins\/seo\/ -->\n<title>VISITA A ORGANIZACIONES NO GUBERNAMENTALES -<\/title>\n<meta name=\"robots\" content=\"index, follow, max-snippet:-1, max-image-preview:large, max-video-preview:-1\" \/>\n<link rel=\"canonical\" href=\"https:\/\/www.tcuentaslp.gob.ar\/?p=5186\" \/>\n<meta property=\"og:locale\" content=\"es_ES\" \/>\n<meta property=\"og:type\" content=\"article\" \/>\n<meta property=\"og:title\" content=\"VISITA A ORGANIZACIONES NO GUBERNAMENTALES -\" \/>\n<meta property=\"og:description\" content=\"Los d\u00edas 30 y 31 de octubre, el Tribunal de Cuentas visit\u00f3 organizaciones no gubernamentales vinculadas por convenio al Ministerio ... Leer m\u00e1s...\" \/>\n<meta property=\"og:url\" content=\"https:\/\/www.tcuentaslp.gob.ar\/?p=5186\" \/>\n<meta property=\"article:publisher\" content=\"https:\/\/es-la.facebook.com\/TdeCLaPampa\/\" \/>\n<meta property=\"article:published_time\" content=\"2024-11-04T14:02:28+00:00\" \/>\n<meta property=\"article:modified_time\" content=\"2024-11-04T14:02:29+00:00\" \/>\n<meta property=\"og:image\" content=\"https:\/\/www.tcuentaslp.gob.ar\/wp-content\/uploads\/2024\/11\/VISITA-A-ORGANIZACIONES-NO-GUBERNAMETALES_Fundacion-Cambiando-Vidas.jpg\" \/>\n\t<meta property=\"og:image:width\" content=\"1600\" \/>\n\t<meta property=\"og:image:height\" content=\"1200\" \/>\n\t<meta property=\"og:image:type\" content=\"image\/jpeg\" \/>\n<meta name=\"author\" content=\"Luc\u00eda Pedernera\" \/>\n<meta name=\"twitter:card\" content=\"summary_large_image\" \/>\n<meta name=\"twitter:label1\" content=\"Escrito por\" \/>\n\t<meta name=\"twitter:data1\" content=\"Luc\u00eda Pedernera\" \/>\n\t<meta name=\"twitter:label2\" content=\"Tiempo de lectura\" \/>\n\t<meta name=\"twitter:data2\" content=\"1 minuto\" \/>\n<script type=\"application\/ld+json\" class=\"yoast-schema-graph\">{\"@context\":\"https:\/\/schema.org\",\"@graph\":[{\"@type\":\"Article\",\"@id\":\"https:\/\/www.tcuentaslp.gob.ar\/?p=5186#article\",\"isPartOf\":{\"@id\":\"https:\/\/www.tcuentaslp.gob.ar\/?p=5186\"},\"author\":{\"name\":\"Luc\u00eda Pedernera\",\"@id\":\"https:\/\/www.tcuentaslp.gob.ar\/#\/schema\/person\/6cf21aaafea0ca377e16951cd59b6914\"},\"headline\":\"VISITA A ORGANIZACIONES NO GUBERNAMENTALES\",\"datePublished\":\"2024-11-04T14:02:28+00:00\",\"dateModified\":\"2024-11-04T14:02:29+00:00\",\"mainEntityOfPage\":{\"@id\":\"https:\/\/www.tcuentaslp.gob.ar\/?p=5186\"},\"wordCount\":137,\"publisher\":{\"@id\":\"https:\/\/www.tcuentaslp.gob.ar\/#organization\"},\"articleSection\":[\"Noticias\"],\"inLanguage\":\"es-AR\"},{\"@type\":\"WebPage\",\"@id\":\"https:\/\/www.tcuentaslp.gob.ar\/?p=5186\",\"url\":\"https:\/\/www.tcuentaslp.gob.ar\/?p=5186\",\"name\":\"VISITA A ORGANIZACIONES NO GUBERNAMENTALES -\",\"isPartOf\":{\"@id\":\"https:\/\/www.tcuentaslp.gob.ar\/#website\"},\"datePublished\":\"2024-11-04T14:02:28+00:00\",\"dateModified\":\"2024-11-04T14:02:29+00:00\",\"breadcrumb\":{\"@id\":\"https:\/\/www.tcuentaslp.gob.ar\/?p=5186#breadcrumb\"},\"inLanguage\":\"es-AR\",\"potentialAction\":[{\"@type\":\"ReadAction\",\"target\":[\"https:\/\/www.tcuentaslp.gob.ar\/?p=5186\"]}]},{\"@type\":\"BreadcrumbList\",\"@id\":\"https:\/\/www.tcuentaslp.gob.ar\/?p=5186#breadcrumb\",\"itemListElement\":[{\"@type\":\"ListItem\",\"position\":1,\"name\":\"Inicio\",\"item\":\"https:\/\/www.tcuentaslp.gob.ar\/\"},{\"@type\":\"ListItem\",\"position\":2,\"name\":\"VISITA A ORGANIZACIONES NO GUBERNAMENTALES\"}]},{\"@type\":\"WebSite\",\"@id\":\"https:\/\/www.tcuentaslp.gob.ar\/#website\",\"url\":\"https:\/\/www.tcuentaslp.gob.ar\/\",\"name\":\"Tribunal de Cuentas de La Pampa\",\"description\":\"\",\"publisher\":{\"@id\":\"https:\/\/www.tcuentaslp.gob.ar\/#organization\"},\"potentialAction\":[{\"@type\":\"SearchAction\",\"target\":{\"@type\":\"EntryPoint\",\"urlTemplate\":\"https:\/\/www.tcuentaslp.gob.ar\/?s={search_term_string}\"},\"query-input\":\"required name=search_term_string\"}],\"inLanguage\":\"es-AR\"},{\"@type\":\"Organization\",\"@id\":\"https:\/\/www.tcuentaslp.gob.ar\/#organization\",\"name\":\"Tribunal de Cuentas de La Pampa\",\"url\":\"https:\/\/www.tcuentaslp.gob.ar\/\",\"logo\":{\"@type\":\"ImageObject\",\"inLanguage\":\"es-AR\",\"@id\":\"https:\/\/www.tcuentaslp.gob.ar\/#\/schema\/logo\/image\/\",\"url\":\"http:\/\/www.tcuentaslp.gob.ar\/wp-content\/uploads\/2017\/10\/logo_tribunal.png\",\"contentUrl\":\"http:\/\/www.tcuentaslp.gob.ar\/wp-content\/uploads\/2017\/10\/logo_tribunal.png\",\"width\":200,\"height\":204,\"caption\":\"Tribunal de Cuentas de La Pampa\"},\"image\":{\"@id\":\"https:\/\/www.tcuentaslp.gob.ar\/#\/schema\/logo\/image\/\"},\"sameAs\":[\"https:\/\/es-la.facebook.com\/TdeCLaPampa\/\"]},{\"@type\":\"Person\",\"@id\":\"https:\/\/www.tcuentaslp.gob.ar\/#\/schema\/person\/6cf21aaafea0ca377e16951cd59b6914\",\"name\":\"Luc\u00eda Pedernera\"}]}<\/script>\n<!-- \/ Yoast SEO plugin. -->","yoast_head_json":{"title":"VISITA A ORGANIZACIONES NO GUBERNAMENTALES -","robots":{"index":"index","follow":"follow","max-snippet":"max-snippet:-1","max-image-preview":"max-image-preview:large","max-video-preview":"max-video-preview:-1"},"canonical":"https:\/\/www.tcuentaslp.gob.ar\/?p=5186","og_locale":"es_ES","og_type":"article","og_title":"VISITA A ORGANIZACIONES NO GUBERNAMENTALES -","og_description":"Los d\u00edas 30 y 31 de octubre, el Tribunal de Cuentas visit\u00f3 organizaciones no gubernamentales vinculadas por convenio al Ministerio ... Leer m\u00e1s...","og_url":"https:\/\/www.tcuentaslp.gob.ar\/?p=5186","article_publisher":"https:\/\/es-la.facebook.com\/TdeCLaPampa\/","article_published_time":"2024-11-04T14:02:28+00:00","article_modified_time":"2024-11-04T14:02:29+00:00","og_image":[{"width":1600,"height":1200,"url":"https:\/\/www.tcuentaslp.gob.ar\/wp-content\/uploads\/2024\/11\/VISITA-A-ORGANIZACIONES-NO-GUBERNAMETALES_Fundacion-Cambiando-Vidas.jpg","type":"image\/jpeg"}],"author":"Luc\u00eda Pedernera","twitter_card":"summary_large_image","twitter_misc":{"Escrito por":"Luc\u00eda Pedernera","Tiempo de lectura":"1 minuto"},"schema":{"@context":"https:\/\/schema.org","@graph":[{"@type":"Article","@id":"https:\/\/www.tcuentaslp.gob.ar\/?p=5186#article","isPartOf":{"@id":"https:\/\/www.tcuentaslp.gob.ar\/?p=5186"},"author":{"name":"Luc\u00eda Pedernera","@id":"https:\/\/www.tcuentaslp.gob.ar\/#\/schema\/person\/6cf21aaafea0ca377e16951cd59b6914"},"headline":"VISITA A ORGANIZACIONES NO GUBERNAMENTALES","datePublished":"2024-11-04T14:02:28+00:00","dateModified":"2024-11-04T14:02:29+00:00","mainEntityOfPage":{"@id":"https:\/\/www.tcuentaslp.gob.ar\/?p=5186"},"wordCount":137,"publisher":{"@id":"https:\/\/www.tcuentaslp.gob.ar\/#organization"},"articleSection":["Noticias"],"inLanguage":"es-AR"},{"@type":"WebPage","@id":"https:\/\/www.tcuentaslp.gob.ar\/?p=5186","url":"https:\/\/www.tcuentaslp.gob.ar\/?p=5186","name":"VISITA A ORGANIZACIONES NO GUBERNAMENTALES -","isPartOf":{"@id":"https:\/\/www.tcuentaslp.gob.ar\/#website"},"datePublished":"2024-11-04T14:02:28+00:00","dateModified":"2024-11-04T14:02:29+00:00","breadcrumb":{"@id":"https:\/\/www.tcuentaslp.gob.ar\/?p=5186#breadcrumb"},"inLanguage":"es-AR","potentialAction":[{"@type":"ReadAction","target":["https:\/\/www.tcuentaslp.gob.ar\/?p=5186"]}]},{"@type":"BreadcrumbList","@id":"https:\/\/www.tcuentaslp.gob.ar\/?p=5186#breadcrumb","itemListElement":[{"@type":"ListItem","position":1,"name":"Inicio","item":"https:\/\/www.tcuentaslp.gob.ar\/"},{"@type":"ListItem","position":2,"name":"VISITA A ORGANIZACIONES NO GUBERNAMENTALES"}]},{"@type":"WebSite","@id":"https:\/\/www.tcuentaslp.gob.ar\/#website","url":"https:\/\/www.tcuentaslp.gob.ar\/","name":"Tribunal de Cuentas de La Pampa","description":"","publisher":{"@id":"https:\/\/www.tcuentaslp.gob.ar\/#organization"},"potentialAction":[{"@type":"SearchAction","target":{"@type":"EntryPoint","urlTemplate":"https:\/\/www.tcuentaslp.gob.ar\/?s={search_term_string}"},"query-input":"required name=search_term_string"}],"inLanguage":"es-AR"},{"@type":"Organization","@id":"https:\/\/www.tcuentaslp.gob.ar\/#organization","name":"Tribunal de Cuentas de La Pampa","url":"https:\/\/www.tcuentaslp.gob.ar\/","logo":{"@type":"ImageObject","inLanguage":"es-AR","@id":"https:\/\/www.tcuentaslp.gob.ar\/#\/schema\/logo\/image\/","url":"http:\/\/www.tcuentaslp.gob.ar\/wp-content\/uploads\/2017\/10\/logo_tribunal.png","contentUrl":"http:\/\/www.tcuentaslp.gob.ar\/wp-content\/uploads\/2017\/10\/logo_tribunal.png","width":200,"height":204,"caption":"Tribunal de Cuentas de La Pampa"},"image":{"@id":"https:\/\/www.tcuentaslp.gob.ar\/#\/schema\/logo\/image\/"},"sameAs":["https:\/\/es-la.facebook.com\/TdeCLaPampa\/"]},{"@type":"Person","@id":"https:\/\/www.tcuentaslp.gob.ar\/#\/schema\/person\/6cf21aaafea0ca377e16951cd59b6914","name":"Luc\u00eda Pedernera"}]}},"_links":{"self":[{"href":"https:\/\/www.tcuentaslp.gob.ar\/index.php?rest_route=\/wp\/v2\/posts\/5186"}],"collection":[{"href":"https:\/\/www.tcuentaslp.gob.ar\/index.php?rest_route=\/wp\/v2\/posts"}],"about":[{"href":"https:\/\/www.tcuentaslp.gob.ar\/index.php?rest_route=\/wp\/v2\/types\/post"}],"author":[{"embeddable":true,"href":"https:\/\/www.tcuentaslp.gob.ar\/index.php?rest_route=\/wp\/v2\/users\/4"}],"replies":[{"embeddable":true,"href":"https:\/\/www.tcuentaslp.gob.ar\/index.php?rest_route=%2Fwp%2Fv2%2Fcomments&post=5186"}],"version-history":[{"count":1,"href":"https:\/\/www.tcuentaslp.gob.ar\/index.php?rest_route=\/wp\/v2\/posts\/5186\/revisions"}],"predecessor-version":[{"id":5189,"href":"https:\/\/www.tcuentaslp.gob.ar\/index.php?rest_route=\/wp\/v2\/posts\/5186\/revisions\/5189"}],"wp:featuredmedia":[{"embeddable":true,"href":"https:\/\/www.tcuentaslp.gob.ar\/index.php?rest_route=\/wp\/v2\/media\/5187"}],"wp:attachment":[{"href":"https:\/\/www.tcuentaslp.gob.ar\/index.php?rest_route=%2Fwp%2Fv2%2Fmedia&parent=5186"}],"wp:term":[{"taxonomy":"category","embeddable":true,"href":"https:\/\/www.tcuentaslp.gob.ar\/index.php?rest_route=%2Fwp%2Fv2%2Fcategories&post=5186"},{"taxonomy":"post_tag","embeddable":true,"href":"https:\/\/www.tcuentaslp.gob.ar\/index.php?rest_route=%2Fwp%2Fv2%2Ftags&post=5186"}],"curies":[{"name":"wp","href":"https:\/\/api.w.org\/{rel}","templated":true}]}}