{"id":5271,"date":"2024-12-27T10:19:59","date_gmt":"2024-12-27T13:19:59","guid":{"rendered":"https:\/\/www.tcuentaslp.gob.ar\/?p=5271"},"modified":"2024-12-27T10:20:00","modified_gmt":"2024-12-27T13:20:00","slug":"el-tribunal-de-cuentas-recertifico-su-sistema-de-gestion-de-calidad","status":"publish","type":"post","link":"https:\/\/www.tcuentaslp.gob.ar\/?p=5271","title":{"rendered":"EL TRIBUNAL DE CUENTAS RECERTIFIC\u00d3 SU SISTEMA DE GESTI\u00d3N DE CALIDAD"},"content":{"rendered":"\n<p>Este 26 de diciembre el Tribunal de Cuentas de La Pampa obtuvo la re certificaci\u00f3n de su Sistema de Gesti\u00f3n de la Calidad seg\u00fan las normas ISO 9001:2015.<\/p>\n\n\n\n<p>La misma fu\u00e9 realizada por la empresa Global Quality Assurance, adjudicataria de la licitaci\u00f3n p\u00fablica convocada al efecto, quien emiti\u00f3 dictamen previa auditor\u00eda a todos los procesos del organismo de control los d\u00edas 12 y 13 de diciembre.<\/p>\n\n\n\n<p>La auditor\u00eda incluy\u00f3 los siguientes procesos que constituyen la competencia legal del Tribunal de Cuentas: Control Previo, Juicio de Cuentas (rendiciones diarias y rendiciones peri\u00f3dicas), Juicio de Responsabilidad y Auditor\u00eda, relativos al control constitucional de legalidad de fondos p\u00fablicos.<\/p>\n\n\n\n<p>En las conclusiones de la Auditor\u00eda de Recertificaci\u00f3n se destaca que \u201c\u2026la organizaci\u00f3n ha demostrado tener en funcionamiento un sistema de gesti\u00f3n con un nivel de cumplimiento operativo sobresaliente, apoyado en gran medida por la necesidad de observar un estricto cumplimiento reglamentario en sus actividades cotidianas. Esto, acompa\u00f1ado por un muy buen ambiente de trabajo, representan sin dudas las fortalezas del sistema auditado\u201d.<\/p>\n\n\n\n<p>Es dable destacar y agradecer el compromiso y la participaci\u00f3n del personal, como a las responsables del SGC en todo el proceso de certificaci\u00f3n, todo lo cual posibilit\u00f3 acceder a tal logro.<\/p>\n","protected":false},"excerpt":{"rendered":"<p>Este 26 de diciembre el Tribunal de Cuentas de La Pampa obtuvo la re certificaci\u00f3n de su Sistema de Gesti\u00f3n &#8230; <a title=\"EL TRIBUNAL DE CUENTAS RECERTIFIC\u00d3 SU SISTEMA DE GESTI\u00d3N DE CALIDAD\" class=\"read-more\" href=\"https:\/\/www.tcuentaslp.gob.ar\/?p=5271\">Leer m\u00e1s&#8230;<\/a><\/p>\n","protected":false},"author":4,"featured_media":5272,"comment_status":"closed","ping_status":"closed","sticky":false,"template":"","format":"standard","meta":{"generate_page_header":""},"categories":[5],"tags":[],"yoast_head":"<!-- This site is optimized with the Yoast SEO plugin v20.12 - https:\/\/yoast.com\/wordpress\/plugins\/seo\/ -->\n<title>EL TRIBUNAL DE CUENTAS RECERTIFIC\u00d3 SU SISTEMA DE GESTI\u00d3N DE CALIDAD -<\/title>\n<meta name=\"robots\" content=\"index, follow, max-snippet:-1, max-image-preview:large, max-video-preview:-1\" \/>\n<link rel=\"canonical\" href=\"https:\/\/www.tcuentaslp.gob.ar\/?p=5271\" \/>\n<meta property=\"og:locale\" content=\"es_ES\" \/>\n<meta property=\"og:type\" content=\"article\" \/>\n<meta property=\"og:title\" content=\"EL TRIBUNAL DE CUENTAS RECERTIFIC\u00d3 SU SISTEMA DE GESTI\u00d3N DE CALIDAD -\" \/>\n<meta property=\"og:description\" content=\"Este 26 de diciembre el Tribunal de Cuentas de La Pampa obtuvo la re certificaci\u00f3n de su Sistema de Gesti\u00f3n ... Leer m\u00e1s...\" \/>\n<meta property=\"og:url\" content=\"https:\/\/www.tcuentaslp.gob.ar\/?p=5271\" \/>\n<meta property=\"article:publisher\" content=\"https:\/\/es-la.facebook.com\/TdeCLaPampa\/\" \/>\n<meta property=\"article:published_time\" content=\"2024-12-27T13:19:59+00:00\" \/>\n<meta property=\"article:modified_time\" content=\"2024-12-27T13:20:00+00:00\" \/>\n<meta property=\"og:image\" content=\"https:\/\/www.tcuentaslp.gob.ar\/wp-content\/uploads\/2024\/12\/EL-TRIBUNAL-DE-CUENTAS-RECERTIFICO-SU-SISTEMA-DE-GESTION-DE-CALIDAD--scaled.jpg\" \/>\n\t<meta property=\"og:image:width\" content=\"2560\" \/>\n\t<meta property=\"og:image:height\" content=\"1154\" \/>\n\t<meta property=\"og:image:type\" content=\"image\/jpeg\" \/>\n<meta name=\"author\" content=\"Luc\u00eda Pedernera\" \/>\n<meta name=\"twitter:card\" content=\"summary_large_image\" \/>\n<meta name=\"twitter:label1\" content=\"Escrito por\" \/>\n\t<meta name=\"twitter:data1\" content=\"Luc\u00eda Pedernera\" \/>\n\t<meta name=\"twitter:label2\" content=\"Tiempo de lectura\" \/>\n\t<meta name=\"twitter:data2\" content=\"1 minuto\" \/>\n<script type=\"application\/ld+json\" class=\"yoast-schema-graph\">{\"@context\":\"https:\/\/schema.org\",\"@graph\":[{\"@type\":\"Article\",\"@id\":\"https:\/\/www.tcuentaslp.gob.ar\/?p=5271#article\",\"isPartOf\":{\"@id\":\"https:\/\/www.tcuentaslp.gob.ar\/?p=5271\"},\"author\":{\"name\":\"Luc\u00eda Pedernera\",\"@id\":\"https:\/\/www.tcuentaslp.gob.ar\/#\/schema\/person\/6cf21aaafea0ca377e16951cd59b6914\"},\"headline\":\"EL TRIBUNAL DE CUENTAS RECERTIFIC\u00d3 SU SISTEMA DE GESTI\u00d3N DE CALIDAD\",\"datePublished\":\"2024-12-27T13:19:59+00:00\",\"dateModified\":\"2024-12-27T13:20:00+00:00\",\"mainEntityOfPage\":{\"@id\":\"https:\/\/www.tcuentaslp.gob.ar\/?p=5271\"},\"wordCount\":226,\"publisher\":{\"@id\":\"https:\/\/www.tcuentaslp.gob.ar\/#organization\"},\"articleSection\":[\"Noticias\"],\"inLanguage\":\"es-AR\"},{\"@type\":\"WebPage\",\"@id\":\"https:\/\/www.tcuentaslp.gob.ar\/?p=5271\",\"url\":\"https:\/\/www.tcuentaslp.gob.ar\/?p=5271\",\"name\":\"EL TRIBUNAL DE CUENTAS RECERTIFIC\u00d3 SU SISTEMA DE GESTI\u00d3N DE CALIDAD -\",\"isPartOf\":{\"@id\":\"https:\/\/www.tcuentaslp.gob.ar\/#website\"},\"datePublished\":\"2024-12-27T13:19:59+00:00\",\"dateModified\":\"2024-12-27T13:20:00+00:00\",\"breadcrumb\":{\"@id\":\"https:\/\/www.tcuentaslp.gob.ar\/?p=5271#breadcrumb\"},\"inLanguage\":\"es-AR\",\"potentialAction\":[{\"@type\":\"ReadAction\",\"target\":[\"https:\/\/www.tcuentaslp.gob.ar\/?p=5271\"]}]},{\"@type\":\"BreadcrumbList\",\"@id\":\"https:\/\/www.tcuentaslp.gob.ar\/?p=5271#breadcrumb\",\"itemListElement\":[{\"@type\":\"ListItem\",\"position\":1,\"name\":\"Inicio\",\"item\":\"https:\/\/www.tcuentaslp.gob.ar\/\"},{\"@type\":\"ListItem\",\"position\":2,\"name\":\"EL TRIBUNAL DE CUENTAS RECERTIFIC\u00d3 SU SISTEMA DE GESTI\u00d3N DE CALIDAD\"}]},{\"@type\":\"WebSite\",\"@id\":\"https:\/\/www.tcuentaslp.gob.ar\/#website\",\"url\":\"https:\/\/www.tcuentaslp.gob.ar\/\",\"name\":\"Tribunal de Cuentas de La Pampa\",\"description\":\"\",\"publisher\":{\"@id\":\"https:\/\/www.tcuentaslp.gob.ar\/#organization\"},\"potentialAction\":[{\"@type\":\"SearchAction\",\"target\":{\"@type\":\"EntryPoint\",\"urlTemplate\":\"https:\/\/www.tcuentaslp.gob.ar\/?s={search_term_string}\"},\"query-input\":\"required name=search_term_string\"}],\"inLanguage\":\"es-AR\"},{\"@type\":\"Organization\",\"@id\":\"https:\/\/www.tcuentaslp.gob.ar\/#organization\",\"name\":\"Tribunal de Cuentas de La Pampa\",\"url\":\"https:\/\/www.tcuentaslp.gob.ar\/\",\"logo\":{\"@type\":\"ImageObject\",\"inLanguage\":\"es-AR\",\"@id\":\"https:\/\/www.tcuentaslp.gob.ar\/#\/schema\/logo\/image\/\",\"url\":\"http:\/\/www.tcuentaslp.gob.ar\/wp-content\/uploads\/2017\/10\/logo_tribunal.png\",\"contentUrl\":\"http:\/\/www.tcuentaslp.gob.ar\/wp-content\/uploads\/2017\/10\/logo_tribunal.png\",\"width\":200,\"height\":204,\"caption\":\"Tribunal de Cuentas de La Pampa\"},\"image\":{\"@id\":\"https:\/\/www.tcuentaslp.gob.ar\/#\/schema\/logo\/image\/\"},\"sameAs\":[\"https:\/\/es-la.facebook.com\/TdeCLaPampa\/\"]},{\"@type\":\"Person\",\"@id\":\"https:\/\/www.tcuentaslp.gob.ar\/#\/schema\/person\/6cf21aaafea0ca377e16951cd59b6914\",\"name\":\"Luc\u00eda Pedernera\"}]}<\/script>\n<!-- \/ Yoast SEO plugin. -->","yoast_head_json":{"title":"EL TRIBUNAL DE CUENTAS RECERTIFIC\u00d3 SU SISTEMA DE GESTI\u00d3N DE CALIDAD -","robots":{"index":"index","follow":"follow","max-snippet":"max-snippet:-1","max-image-preview":"max-image-preview:large","max-video-preview":"max-video-preview:-1"},"canonical":"https:\/\/www.tcuentaslp.gob.ar\/?p=5271","og_locale":"es_ES","og_type":"article","og_title":"EL TRIBUNAL DE CUENTAS RECERTIFIC\u00d3 SU SISTEMA DE GESTI\u00d3N DE CALIDAD -","og_description":"Este 26 de diciembre el Tribunal de Cuentas de La Pampa obtuvo la re certificaci\u00f3n de su Sistema de Gesti\u00f3n ... Leer m\u00e1s...","og_url":"https:\/\/www.tcuentaslp.gob.ar\/?p=5271","article_publisher":"https:\/\/es-la.facebook.com\/TdeCLaPampa\/","article_published_time":"2024-12-27T13:19:59+00:00","article_modified_time":"2024-12-27T13:20:00+00:00","og_image":[{"width":2560,"height":1154,"url":"https:\/\/www.tcuentaslp.gob.ar\/wp-content\/uploads\/2024\/12\/EL-TRIBUNAL-DE-CUENTAS-RECERTIFICO-SU-SISTEMA-DE-GESTION-DE-CALIDAD--scaled.jpg","type":"image\/jpeg"}],"author":"Luc\u00eda Pedernera","twitter_card":"summary_large_image","twitter_misc":{"Escrito por":"Luc\u00eda Pedernera","Tiempo de lectura":"1 minuto"},"schema":{"@context":"https:\/\/schema.org","@graph":[{"@type":"Article","@id":"https:\/\/www.tcuentaslp.gob.ar\/?p=5271#article","isPartOf":{"@id":"https:\/\/www.tcuentaslp.gob.ar\/?p=5271"},"author":{"name":"Luc\u00eda Pedernera","@id":"https:\/\/www.tcuentaslp.gob.ar\/#\/schema\/person\/6cf21aaafea0ca377e16951cd59b6914"},"headline":"EL TRIBUNAL DE CUENTAS RECERTIFIC\u00d3 SU SISTEMA DE GESTI\u00d3N DE CALIDAD","datePublished":"2024-12-27T13:19:59+00:00","dateModified":"2024-12-27T13:20:00+00:00","mainEntityOfPage":{"@id":"https:\/\/www.tcuentaslp.gob.ar\/?p=5271"},"wordCount":226,"publisher":{"@id":"https:\/\/www.tcuentaslp.gob.ar\/#organization"},"articleSection":["Noticias"],"inLanguage":"es-AR"},{"@type":"WebPage","@id":"https:\/\/www.tcuentaslp.gob.ar\/?p=5271","url":"https:\/\/www.tcuentaslp.gob.ar\/?p=5271","name":"EL TRIBUNAL DE CUENTAS RECERTIFIC\u00d3 SU SISTEMA DE GESTI\u00d3N DE CALIDAD -","isPartOf":{"@id":"https:\/\/www.tcuentaslp.gob.ar\/#website"},"datePublished":"2024-12-27T13:19:59+00:00","dateModified":"2024-12-27T13:20:00+00:00","breadcrumb":{"@id":"https:\/\/www.tcuentaslp.gob.ar\/?p=5271#breadcrumb"},"inLanguage":"es-AR","potentialAction":[{"@type":"ReadAction","target":["https:\/\/www.tcuentaslp.gob.ar\/?p=5271"]}]},{"@type":"BreadcrumbList","@id":"https:\/\/www.tcuentaslp.gob.ar\/?p=5271#breadcrumb","itemListElement":[{"@type":"ListItem","position":1,"name":"Inicio","item":"https:\/\/www.tcuentaslp.gob.ar\/"},{"@type":"ListItem","position":2,"name":"EL TRIBUNAL DE CUENTAS RECERTIFIC\u00d3 SU SISTEMA DE GESTI\u00d3N DE CALIDAD"}]},{"@type":"WebSite","@id":"https:\/\/www.tcuentaslp.gob.ar\/#website","url":"https:\/\/www.tcuentaslp.gob.ar\/","name":"Tribunal de Cuentas de La Pampa","description":"","publisher":{"@id":"https:\/\/www.tcuentaslp.gob.ar\/#organization"},"potentialAction":[{"@type":"SearchAction","target":{"@type":"EntryPoint","urlTemplate":"https:\/\/www.tcuentaslp.gob.ar\/?s={search_term_string}"},"query-input":"required name=search_term_string"}],"inLanguage":"es-AR"},{"@type":"Organization","@id":"https:\/\/www.tcuentaslp.gob.ar\/#organization","name":"Tribunal de Cuentas de La Pampa","url":"https:\/\/www.tcuentaslp.gob.ar\/","logo":{"@type":"ImageObject","inLanguage":"es-AR","@id":"https:\/\/www.tcuentaslp.gob.ar\/#\/schema\/logo\/image\/","url":"http:\/\/www.tcuentaslp.gob.ar\/wp-content\/uploads\/2017\/10\/logo_tribunal.png","contentUrl":"http:\/\/www.tcuentaslp.gob.ar\/wp-content\/uploads\/2017\/10\/logo_tribunal.png","width":200,"height":204,"caption":"Tribunal de Cuentas de La Pampa"},"image":{"@id":"https:\/\/www.tcuentaslp.gob.ar\/#\/schema\/logo\/image\/"},"sameAs":["https:\/\/es-la.facebook.com\/TdeCLaPampa\/"]},{"@type":"Person","@id":"https:\/\/www.tcuentaslp.gob.ar\/#\/schema\/person\/6cf21aaafea0ca377e16951cd59b6914","name":"Luc\u00eda Pedernera"}]}},"_links":{"self":[{"href":"https:\/\/www.tcuentaslp.gob.ar\/index.php?rest_route=\/wp\/v2\/posts\/5271"}],"collection":[{"href":"https:\/\/www.tcuentaslp.gob.ar\/index.php?rest_route=\/wp\/v2\/posts"}],"about":[{"href":"https:\/\/www.tcuentaslp.gob.ar\/index.php?rest_route=\/wp\/v2\/types\/post"}],"author":[{"embeddable":true,"href":"https:\/\/www.tcuentaslp.gob.ar\/index.php?rest_route=\/wp\/v2\/users\/4"}],"replies":[{"embeddable":true,"href":"https:\/\/www.tcuentaslp.gob.ar\/index.php?rest_route=%2Fwp%2Fv2%2Fcomments&post=5271"}],"version-history":[{"count":1,"href":"https:\/\/www.tcuentaslp.gob.ar\/index.php?rest_route=\/wp\/v2\/posts\/5271\/revisions"}],"predecessor-version":[{"id":5273,"href":"https:\/\/www.tcuentaslp.gob.ar\/index.php?rest_route=\/wp\/v2\/posts\/5271\/revisions\/5273"}],"wp:featuredmedia":[{"embeddable":true,"href":"https:\/\/www.tcuentaslp.gob.ar\/index.php?rest_route=\/wp\/v2\/media\/5272"}],"wp:attachment":[{"href":"https:\/\/www.tcuentaslp.gob.ar\/index.php?rest_route=%2Fwp%2Fv2%2Fmedia&parent=5271"}],"wp:term":[{"taxonomy":"category","embeddable":true,"href":"https:\/\/www.tcuentaslp.gob.ar\/index.php?rest_route=%2Fwp%2Fv2%2Fcategories&post=5271"},{"taxonomy":"post_tag","embeddable":true,"href":"https:\/\/www.tcuentaslp.gob.ar\/index.php?rest_route=%2Fwp%2Fv2%2Ftags&post=5271"}],"curies":[{"name":"wp","href":"https:\/\/api.w.org\/{rel}","templated":true}]}}