{"id":539,"date":"2017-10-24T08:54:04","date_gmt":"2017-10-24T11:54:04","guid":{"rendered":"http:\/\/www.tcuentaslp.gob.ar\/?p=539"},"modified":"2017-11-24T08:56:40","modified_gmt":"2017-11-24T11:56:40","slug":"reunion-del-secretariado-de-tribunales-de-cuentas-en-bariloche","status":"publish","type":"post","link":"https:\/\/www.tcuentaslp.gob.ar\/?p=539","title":{"rendered":"Se desarroll\u00f3 en Bariloche la Reuni\u00f3n del Secretariado de Tribunales de Cuentas"},"content":{"rendered":"<p>El vocal del Tribunal de Cuentas de La Pampa, abogado Jos\u00e9 Carlos Moslares, particip\u00f3 de la III Reuni\u00f3n Anual del Secretariado Permanente de Tribunales de Cuentas y Organismos P\u00fablicos de Control Externo de la Rep\u00fablica Argentina. En las jornadas se presentaron ante los funcionarios provinciales el nuevo s\u00edndico general de la Naci\u00f3n, Alberto Gowland, y el s\u00edndico general adjunto de la SIGEN, An\u00edbal Kohlhuber.<\/p>\n<p>El encuentro se desarroll\u00f3 en Bariloche y congreg\u00f3 a las autoridades de todos los tribunales y organismos de control del pa\u00eds. Estuvieron representados 20 Tribunales de Cuentas provinciales (entre ellos las dos Auditor\u00edas de Salta y Ciudad Aut\u00f3noma de Buenos Aires) y 11 municipales, adem\u00e1s de representantes del Tribunal de Cuentas del Estado de R\u00edo Grande Do Sul, de Brasil.<\/p>\n<p>La reuni\u00f3n sirvi\u00f3 para conocer los lineamientos de trabajo de las nuevas autoridades de la SIGEN y fortalecer la Red Federal que integran todos los tribunales para el control de fondos de programas nacionales que son destinados a las provincias, adem\u00e1s de presentarse distintas situaciones de los organismos provinciales respecto a su funcionamiento.<\/p>\n<p>Se convoc\u00f3 tambi\u00e9n a los equipos t\u00e9cnicos de la Red Federal para fines de noviembre para planificar el trabajo conjunto del a\u00f1o 2018 y se comenz\u00f3 a organizar el Congreso nacional de TdeC que se desarrollar\u00e1 entre el 15 y el 18 noviembre en Misiones.<\/p>\n<p>Esta reuni\u00f3n de los organismos de control de las provincias se realiza cuatro veces al a\u00f1o y est\u00e1 destinada a mantener una comunicaci\u00f3n permanente y una relaci\u00f3n directa entre todos sus miembros asociados, a los fines de investigaci\u00f3n, informaci\u00f3n, asistencia t\u00e9cnica, capacitaci\u00f3n, estudio y especializaci\u00f3n en las materias relativas al control y fiscalizaci\u00f3n de la hacienda p\u00fablica, como as\u00ed mismo velar por el respeto institucional de los tribunales de cuentas como \u00f3rganos constitucionales.<\/p>\n<p>&nbsp;<\/p>\n","protected":false},"excerpt":{"rendered":"<p>El vocal del Tribunal de Cuentas de La Pampa, abogado Jos\u00e9 Carlos Moslares, particip\u00f3 de la III Reuni\u00f3n Anual del &#8230; <a title=\"Se desarroll\u00f3 en Bariloche la Reuni\u00f3n del Secretariado de Tribunales de Cuentas\" class=\"read-more\" href=\"https:\/\/www.tcuentaslp.gob.ar\/?p=539\">Leer m\u00e1s&#8230;<\/a><\/p>\n","protected":false},"author":2,"featured_media":540,"comment_status":"closed","ping_status":"open","sticky":false,"template":"","format":"standard","meta":{"generate_page_header":""},"categories":[5],"tags":[37,36,34],"yoast_head":"<!-- This site is optimized with the Yoast SEO plugin v20.12 - https:\/\/yoast.com\/wordpress\/plugins\/seo\/ -->\n<title>Se desarroll\u00f3 en Bariloche la Reuni\u00f3n del Secretariado de Tribunales de Cuentas -<\/title>\n<meta name=\"robots\" content=\"index, follow, max-snippet:-1, max-image-preview:large, max-video-preview:-1\" \/>\n<link rel=\"canonical\" href=\"https:\/\/www.tcuentaslp.gob.ar\/?p=539\" \/>\n<meta property=\"og:locale\" content=\"es_ES\" \/>\n<meta property=\"og:type\" content=\"article\" \/>\n<meta property=\"og:title\" content=\"Se desarroll\u00f3 en Bariloche la Reuni\u00f3n del Secretariado de Tribunales de Cuentas -\" \/>\n<meta property=\"og:description\" content=\"El vocal del Tribunal de Cuentas de La Pampa, abogado Jos\u00e9 Carlos Moslares, particip\u00f3 de la III Reuni\u00f3n Anual del ... Leer m\u00e1s...\" \/>\n<meta property=\"og:url\" content=\"https:\/\/www.tcuentaslp.gob.ar\/?p=539\" \/>\n<meta property=\"article:publisher\" content=\"https:\/\/es-la.facebook.com\/TdeCLaPampa\/\" \/>\n<meta property=\"article:published_time\" content=\"2017-10-24T11:54:04+00:00\" \/>\n<meta property=\"article:modified_time\" content=\"2017-11-24T11:56:40+00:00\" \/>\n<meta property=\"og:image\" content=\"https:\/\/www.tcuentaslp.gob.ar\/wp-content\/uploads\/2017\/10\/Reuni\u00f3n-Secretariado-e1508866177109.jpg\" \/>\n\t<meta property=\"og:image:width\" content=\"660\" \/>\n\t<meta property=\"og:image:height\" content=\"581\" \/>\n\t<meta property=\"og:image:type\" content=\"image\/jpeg\" \/>\n<meta name=\"author\" content=\"Norberto Asquini\" \/>\n<meta name=\"twitter:card\" content=\"summary_large_image\" \/>\n<meta name=\"twitter:label1\" content=\"Escrito por\" \/>\n\t<meta name=\"twitter:data1\" content=\"Norberto Asquini\" \/>\n\t<meta name=\"twitter:label2\" content=\"Tiempo de lectura\" \/>\n\t<meta name=\"twitter:data2\" content=\"2 minutos\" \/>\n<script type=\"application\/ld+json\" class=\"yoast-schema-graph\">{\"@context\":\"https:\/\/schema.org\",\"@graph\":[{\"@type\":\"Article\",\"@id\":\"https:\/\/www.tcuentaslp.gob.ar\/?p=539#article\",\"isPartOf\":{\"@id\":\"https:\/\/www.tcuentaslp.gob.ar\/?p=539\"},\"author\":{\"name\":\"Norberto Asquini\",\"@id\":\"https:\/\/www.tcuentaslp.gob.ar\/#\/schema\/person\/6a478debd9d3d6faf9bc9b0029cbb15d\"},\"headline\":\"Se desarroll\u00f3 en Bariloche la Reuni\u00f3n del Secretariado de Tribunales de Cuentas\",\"datePublished\":\"2017-10-24T11:54:04+00:00\",\"dateModified\":\"2017-11-24T11:56:40+00:00\",\"mainEntityOfPage\":{\"@id\":\"https:\/\/www.tcuentaslp.gob.ar\/?p=539\"},\"wordCount\":332,\"publisher\":{\"@id\":\"https:\/\/www.tcuentaslp.gob.ar\/#organization\"},\"keywords\":[\"eventos\",\"Jos\u00e9 Carlos Moslares\",\"SIGEN\"],\"articleSection\":[\"Noticias\"],\"inLanguage\":\"es-AR\"},{\"@type\":\"WebPage\",\"@id\":\"https:\/\/www.tcuentaslp.gob.ar\/?p=539\",\"url\":\"https:\/\/www.tcuentaslp.gob.ar\/?p=539\",\"name\":\"Se desarroll\u00f3 en Bariloche la Reuni\u00f3n del Secretariado de Tribunales de Cuentas -\",\"isPartOf\":{\"@id\":\"https:\/\/www.tcuentaslp.gob.ar\/#website\"},\"datePublished\":\"2017-10-24T11:54:04+00:00\",\"dateModified\":\"2017-11-24T11:56:40+00:00\",\"breadcrumb\":{\"@id\":\"https:\/\/www.tcuentaslp.gob.ar\/?p=539#breadcrumb\"},\"inLanguage\":\"es-AR\",\"potentialAction\":[{\"@type\":\"ReadAction\",\"target\":[\"https:\/\/www.tcuentaslp.gob.ar\/?p=539\"]}]},{\"@type\":\"BreadcrumbList\",\"@id\":\"https:\/\/www.tcuentaslp.gob.ar\/?p=539#breadcrumb\",\"itemListElement\":[{\"@type\":\"ListItem\",\"position\":1,\"name\":\"Inicio\",\"item\":\"https:\/\/www.tcuentaslp.gob.ar\/\"},{\"@type\":\"ListItem\",\"position\":2,\"name\":\"Se desarroll\u00f3 en Bariloche la Reuni\u00f3n del Secretariado de Tribunales de Cuentas\"}]},{\"@type\":\"WebSite\",\"@id\":\"https:\/\/www.tcuentaslp.gob.ar\/#website\",\"url\":\"https:\/\/www.tcuentaslp.gob.ar\/\",\"name\":\"Tribunal de Cuentas de La Pampa\",\"description\":\"\",\"publisher\":{\"@id\":\"https:\/\/www.tcuentaslp.gob.ar\/#organization\"},\"potentialAction\":[{\"@type\":\"SearchAction\",\"target\":{\"@type\":\"EntryPoint\",\"urlTemplate\":\"https:\/\/www.tcuentaslp.gob.ar\/?s={search_term_string}\"},\"query-input\":\"required name=search_term_string\"}],\"inLanguage\":\"es-AR\"},{\"@type\":\"Organization\",\"@id\":\"https:\/\/www.tcuentaslp.gob.ar\/#organization\",\"name\":\"Tribunal de Cuentas de La Pampa\",\"url\":\"https:\/\/www.tcuentaslp.gob.ar\/\",\"logo\":{\"@type\":\"ImageObject\",\"inLanguage\":\"es-AR\",\"@id\":\"https:\/\/www.tcuentaslp.gob.ar\/#\/schema\/logo\/image\/\",\"url\":\"http:\/\/www.tcuentaslp.gob.ar\/wp-content\/uploads\/2017\/10\/logo_tribunal.png\",\"contentUrl\":\"http:\/\/www.tcuentaslp.gob.ar\/wp-content\/uploads\/2017\/10\/logo_tribunal.png\",\"width\":200,\"height\":204,\"caption\":\"Tribunal de Cuentas de La Pampa\"},\"image\":{\"@id\":\"https:\/\/www.tcuentaslp.gob.ar\/#\/schema\/logo\/image\/\"},\"sameAs\":[\"https:\/\/es-la.facebook.com\/TdeCLaPampa\/\"]},{\"@type\":\"Person\",\"@id\":\"https:\/\/www.tcuentaslp.gob.ar\/#\/schema\/person\/6a478debd9d3d6faf9bc9b0029cbb15d\",\"name\":\"Norberto Asquini\"}]}<\/script>\n<!-- \/ Yoast SEO plugin. -->","yoast_head_json":{"title":"Se desarroll\u00f3 en Bariloche la Reuni\u00f3n del Secretariado de Tribunales de Cuentas -","robots":{"index":"index","follow":"follow","max-snippet":"max-snippet:-1","max-image-preview":"max-image-preview:large","max-video-preview":"max-video-preview:-1"},"canonical":"https:\/\/www.tcuentaslp.gob.ar\/?p=539","og_locale":"es_ES","og_type":"article","og_title":"Se desarroll\u00f3 en Bariloche la Reuni\u00f3n del Secretariado de Tribunales de Cuentas -","og_description":"El vocal del Tribunal de Cuentas de La Pampa, abogado Jos\u00e9 Carlos Moslares, particip\u00f3 de la III Reuni\u00f3n Anual del ... Leer m\u00e1s...","og_url":"https:\/\/www.tcuentaslp.gob.ar\/?p=539","article_publisher":"https:\/\/es-la.facebook.com\/TdeCLaPampa\/","article_published_time":"2017-10-24T11:54:04+00:00","article_modified_time":"2017-11-24T11:56:40+00:00","og_image":[{"width":660,"height":581,"url":"https:\/\/www.tcuentaslp.gob.ar\/wp-content\/uploads\/2017\/10\/Reuni\u00f3n-Secretariado-e1508866177109.jpg","type":"image\/jpeg"}],"author":"Norberto Asquini","twitter_card":"summary_large_image","twitter_misc":{"Escrito por":"Norberto Asquini","Tiempo de lectura":"2 minutos"},"schema":{"@context":"https:\/\/schema.org","@graph":[{"@type":"Article","@id":"https:\/\/www.tcuentaslp.gob.ar\/?p=539#article","isPartOf":{"@id":"https:\/\/www.tcuentaslp.gob.ar\/?p=539"},"author":{"name":"Norberto Asquini","@id":"https:\/\/www.tcuentaslp.gob.ar\/#\/schema\/person\/6a478debd9d3d6faf9bc9b0029cbb15d"},"headline":"Se desarroll\u00f3 en Bariloche la Reuni\u00f3n del Secretariado de Tribunales de Cuentas","datePublished":"2017-10-24T11:54:04+00:00","dateModified":"2017-11-24T11:56:40+00:00","mainEntityOfPage":{"@id":"https:\/\/www.tcuentaslp.gob.ar\/?p=539"},"wordCount":332,"publisher":{"@id":"https:\/\/www.tcuentaslp.gob.ar\/#organization"},"keywords":["eventos","Jos\u00e9 Carlos Moslares","SIGEN"],"articleSection":["Noticias"],"inLanguage":"es-AR"},{"@type":"WebPage","@id":"https:\/\/www.tcuentaslp.gob.ar\/?p=539","url":"https:\/\/www.tcuentaslp.gob.ar\/?p=539","name":"Se desarroll\u00f3 en Bariloche la Reuni\u00f3n del Secretariado de Tribunales de Cuentas -","isPartOf":{"@id":"https:\/\/www.tcuentaslp.gob.ar\/#website"},"datePublished":"2017-10-24T11:54:04+00:00","dateModified":"2017-11-24T11:56:40+00:00","breadcrumb":{"@id":"https:\/\/www.tcuentaslp.gob.ar\/?p=539#breadcrumb"},"inLanguage":"es-AR","potentialAction":[{"@type":"ReadAction","target":["https:\/\/www.tcuentaslp.gob.ar\/?p=539"]}]},{"@type":"BreadcrumbList","@id":"https:\/\/www.tcuentaslp.gob.ar\/?p=539#breadcrumb","itemListElement":[{"@type":"ListItem","position":1,"name":"Inicio","item":"https:\/\/www.tcuentaslp.gob.ar\/"},{"@type":"ListItem","position":2,"name":"Se desarroll\u00f3 en Bariloche la Reuni\u00f3n del Secretariado de Tribunales de Cuentas"}]},{"@type":"WebSite","@id":"https:\/\/www.tcuentaslp.gob.ar\/#website","url":"https:\/\/www.tcuentaslp.gob.ar\/","name":"Tribunal de Cuentas de La Pampa","description":"","publisher":{"@id":"https:\/\/www.tcuentaslp.gob.ar\/#organization"},"potentialAction":[{"@type":"SearchAction","target":{"@type":"EntryPoint","urlTemplate":"https:\/\/www.tcuentaslp.gob.ar\/?s={search_term_string}"},"query-input":"required name=search_term_string"}],"inLanguage":"es-AR"},{"@type":"Organization","@id":"https:\/\/www.tcuentaslp.gob.ar\/#organization","name":"Tribunal de Cuentas de La Pampa","url":"https:\/\/www.tcuentaslp.gob.ar\/","logo":{"@type":"ImageObject","inLanguage":"es-AR","@id":"https:\/\/www.tcuentaslp.gob.ar\/#\/schema\/logo\/image\/","url":"http:\/\/www.tcuentaslp.gob.ar\/wp-content\/uploads\/2017\/10\/logo_tribunal.png","contentUrl":"http:\/\/www.tcuentaslp.gob.ar\/wp-content\/uploads\/2017\/10\/logo_tribunal.png","width":200,"height":204,"caption":"Tribunal de Cuentas de La Pampa"},"image":{"@id":"https:\/\/www.tcuentaslp.gob.ar\/#\/schema\/logo\/image\/"},"sameAs":["https:\/\/es-la.facebook.com\/TdeCLaPampa\/"]},{"@type":"Person","@id":"https:\/\/www.tcuentaslp.gob.ar\/#\/schema\/person\/6a478debd9d3d6faf9bc9b0029cbb15d","name":"Norberto Asquini"}]}},"_links":{"self":[{"href":"https:\/\/www.tcuentaslp.gob.ar\/index.php?rest_route=\/wp\/v2\/posts\/539"}],"collection":[{"href":"https:\/\/www.tcuentaslp.gob.ar\/index.php?rest_route=\/wp\/v2\/posts"}],"about":[{"href":"https:\/\/www.tcuentaslp.gob.ar\/index.php?rest_route=\/wp\/v2\/types\/post"}],"author":[{"embeddable":true,"href":"https:\/\/www.tcuentaslp.gob.ar\/index.php?rest_route=\/wp\/v2\/users\/2"}],"replies":[{"embeddable":true,"href":"https:\/\/www.tcuentaslp.gob.ar\/index.php?rest_route=%2Fwp%2Fv2%2Fcomments&post=539"}],"version-history":[{"count":5,"href":"https:\/\/www.tcuentaslp.gob.ar\/index.php?rest_route=\/wp\/v2\/posts\/539\/revisions"}],"predecessor-version":[{"id":660,"href":"https:\/\/www.tcuentaslp.gob.ar\/index.php?rest_route=\/wp\/v2\/posts\/539\/revisions\/660"}],"wp:featuredmedia":[{"embeddable":true,"href":"https:\/\/www.tcuentaslp.gob.ar\/index.php?rest_route=\/wp\/v2\/media\/540"}],"wp:attachment":[{"href":"https:\/\/www.tcuentaslp.gob.ar\/index.php?rest_route=%2Fwp%2Fv2%2Fmedia&parent=539"}],"wp:term":[{"taxonomy":"category","embeddable":true,"href":"https:\/\/www.tcuentaslp.gob.ar\/index.php?rest_route=%2Fwp%2Fv2%2Fcategories&post=539"},{"taxonomy":"post_tag","embeddable":true,"href":"https:\/\/www.tcuentaslp.gob.ar\/index.php?rest_route=%2Fwp%2Fv2%2Ftags&post=539"}],"curies":[{"name":"wp","href":"https:\/\/api.w.org\/{rel}","templated":true}]}}