{"id":5448,"date":"2025-09-12T10:42:59","date_gmt":"2025-09-12T13:42:59","guid":{"rendered":"https:\/\/www.tcuentaslp.gob.ar\/?p=5448"},"modified":"2025-09-12T10:43:00","modified_gmt":"2025-09-12T13:43:00","slug":"el-tribunal-de-cuentas-recibio-a-representantes-ministeriales","status":"publish","type":"post","link":"https:\/\/www.tcuentaslp.gob.ar\/?p=5448","title":{"rendered":"EL TRIBUNAL DE CUENTAS RECIBI\u00d3 A REPRESENTANTES MINISTERIALES"},"content":{"rendered":"\n<p>El pasado 10 de septiembre, el Tribunal de Cuentas de la Provincia de La Pampa mantuvo una reuni\u00f3n de trabajo con representantes&nbsp; de los&nbsp; Ministerios de Gobierno y Asuntos Municipales,&nbsp;&nbsp; Producci\u00f3n y&nbsp; Educaci\u00f3n, la Secretar\u00eda de Energ\u00eda y Miner\u00eda, Subsecretar\u00eda&nbsp; de Ni\u00f1ez, Adolescencia y Familia y&nbsp; Subsecretar\u00eda de Juventud, Deportes, Recreaci\u00f3n y Turismo Social.<\/p>\n\n\n\n<p>En representaci\u00f3n del organismo de contralor participaron la Jefa de Sala I,&nbsp; Flavia Vargas y la Sub-Jefa Alejandra Mateos, la Coordinadora de Subsidios Silvana Sierra, y la Asesora Letrada In\u00e9s Gonz\u00e1lez Torroba.<\/p>\n\n\n\n<p>Durante el encuentro se trabaj\u00f3 en la optimizaci\u00f3n de los procesos renditivos correspondientes a los subsidios otorgados por el Poder Ejecutivo.<\/p>\n","protected":false},"excerpt":{"rendered":"<p>El pasado 10 de septiembre, el Tribunal de Cuentas de la Provincia de La Pampa mantuvo una reuni\u00f3n de trabajo &#8230; <a title=\"EL TRIBUNAL DE CUENTAS RECIBI\u00d3 A REPRESENTANTES MINISTERIALES\" class=\"read-more\" href=\"https:\/\/www.tcuentaslp.gob.ar\/?p=5448\">Leer m\u00e1s&#8230;<\/a><\/p>\n","protected":false},"author":5,"featured_media":5449,"comment_status":"closed","ping_status":"closed","sticky":false,"template":"","format":"standard","meta":{"generate_page_header":""},"categories":[5],"tags":[],"yoast_head":"<!-- This site is optimized with the Yoast SEO plugin v20.12 - https:\/\/yoast.com\/wordpress\/plugins\/seo\/ -->\n<title>EL TRIBUNAL DE CUENTAS RECIBI\u00d3 A REPRESENTANTES MINISTERIALES -<\/title>\n<meta name=\"robots\" content=\"index, follow, max-snippet:-1, max-image-preview:large, max-video-preview:-1\" \/>\n<link rel=\"canonical\" href=\"https:\/\/www.tcuentaslp.gob.ar\/?p=5448\" \/>\n<meta property=\"og:locale\" content=\"es_ES\" \/>\n<meta property=\"og:type\" content=\"article\" \/>\n<meta property=\"og:title\" content=\"EL TRIBUNAL DE CUENTAS RECIBI\u00d3 A REPRESENTANTES MINISTERIALES -\" \/>\n<meta property=\"og:description\" content=\"El pasado 10 de septiembre, el Tribunal de Cuentas de la Provincia de La Pampa mantuvo una reuni\u00f3n de trabajo ... Leer m\u00e1s...\" \/>\n<meta property=\"og:url\" content=\"https:\/\/www.tcuentaslp.gob.ar\/?p=5448\" \/>\n<meta property=\"article:publisher\" content=\"https:\/\/es-la.facebook.com\/TdeCLaPampa\/\" \/>\n<meta property=\"article:published_time\" content=\"2025-09-12T13:42:59+00:00\" \/>\n<meta property=\"article:modified_time\" content=\"2025-09-12T13:43:00+00:00\" \/>\n<meta property=\"og:image\" content=\"https:\/\/www.tcuentaslp.gob.ar\/wp-content\/uploads\/2025\/09\/Noticia-Jefes-de-Despacho-scaled.jpeg\" \/>\n\t<meta property=\"og:image:width\" content=\"2560\" \/>\n\t<meta property=\"og:image:height\" content=\"1280\" \/>\n\t<meta property=\"og:image:type\" content=\"image\/jpeg\" \/>\n<meta name=\"author\" content=\"tribunete\" \/>\n<meta name=\"twitter:card\" content=\"summary_large_image\" \/>\n<meta name=\"twitter:label1\" content=\"Escrito por\" \/>\n\t<meta name=\"twitter:data1\" content=\"tribunete\" \/>\n\t<meta name=\"twitter:label2\" content=\"Tiempo de lectura\" \/>\n\t<meta name=\"twitter:data2\" content=\"1 minuto\" \/>\n<script type=\"application\/ld+json\" class=\"yoast-schema-graph\">{\"@context\":\"https:\/\/schema.org\",\"@graph\":[{\"@type\":\"Article\",\"@id\":\"https:\/\/www.tcuentaslp.gob.ar\/?p=5448#article\",\"isPartOf\":{\"@id\":\"https:\/\/www.tcuentaslp.gob.ar\/?p=5448\"},\"author\":{\"name\":\"tribunete\",\"@id\":\"https:\/\/www.tcuentaslp.gob.ar\/#\/schema\/person\/2031ab0de38ed2ac42ff7d6787851a6c\"},\"headline\":\"EL TRIBUNAL DE CUENTAS RECIBI\u00d3 A REPRESENTANTES MINISTERIALES\",\"datePublished\":\"2025-09-12T13:42:59+00:00\",\"dateModified\":\"2025-09-12T13:43:00+00:00\",\"mainEntityOfPage\":{\"@id\":\"https:\/\/www.tcuentaslp.gob.ar\/?p=5448\"},\"wordCount\":136,\"publisher\":{\"@id\":\"https:\/\/www.tcuentaslp.gob.ar\/#organization\"},\"articleSection\":[\"Noticias\"],\"inLanguage\":\"es-AR\"},{\"@type\":\"WebPage\",\"@id\":\"https:\/\/www.tcuentaslp.gob.ar\/?p=5448\",\"url\":\"https:\/\/www.tcuentaslp.gob.ar\/?p=5448\",\"name\":\"EL TRIBUNAL DE CUENTAS RECIBI\u00d3 A REPRESENTANTES MINISTERIALES -\",\"isPartOf\":{\"@id\":\"https:\/\/www.tcuentaslp.gob.ar\/#website\"},\"datePublished\":\"2025-09-12T13:42:59+00:00\",\"dateModified\":\"2025-09-12T13:43:00+00:00\",\"breadcrumb\":{\"@id\":\"https:\/\/www.tcuentaslp.gob.ar\/?p=5448#breadcrumb\"},\"inLanguage\":\"es-AR\",\"potentialAction\":[{\"@type\":\"ReadAction\",\"target\":[\"https:\/\/www.tcuentaslp.gob.ar\/?p=5448\"]}]},{\"@type\":\"BreadcrumbList\",\"@id\":\"https:\/\/www.tcuentaslp.gob.ar\/?p=5448#breadcrumb\",\"itemListElement\":[{\"@type\":\"ListItem\",\"position\":1,\"name\":\"Inicio\",\"item\":\"https:\/\/www.tcuentaslp.gob.ar\/\"},{\"@type\":\"ListItem\",\"position\":2,\"name\":\"EL TRIBUNAL DE CUENTAS RECIBI\u00d3 A REPRESENTANTES MINISTERIALES\"}]},{\"@type\":\"WebSite\",\"@id\":\"https:\/\/www.tcuentaslp.gob.ar\/#website\",\"url\":\"https:\/\/www.tcuentaslp.gob.ar\/\",\"name\":\"Tribunal de Cuentas de La Pampa\",\"description\":\"\",\"publisher\":{\"@id\":\"https:\/\/www.tcuentaslp.gob.ar\/#organization\"},\"potentialAction\":[{\"@type\":\"SearchAction\",\"target\":{\"@type\":\"EntryPoint\",\"urlTemplate\":\"https:\/\/www.tcuentaslp.gob.ar\/?s={search_term_string}\"},\"query-input\":\"required name=search_term_string\"}],\"inLanguage\":\"es-AR\"},{\"@type\":\"Organization\",\"@id\":\"https:\/\/www.tcuentaslp.gob.ar\/#organization\",\"name\":\"Tribunal de Cuentas de La Pampa\",\"url\":\"https:\/\/www.tcuentaslp.gob.ar\/\",\"logo\":{\"@type\":\"ImageObject\",\"inLanguage\":\"es-AR\",\"@id\":\"https:\/\/www.tcuentaslp.gob.ar\/#\/schema\/logo\/image\/\",\"url\":\"http:\/\/www.tcuentaslp.gob.ar\/wp-content\/uploads\/2017\/10\/logo_tribunal.png\",\"contentUrl\":\"http:\/\/www.tcuentaslp.gob.ar\/wp-content\/uploads\/2017\/10\/logo_tribunal.png\",\"width\":200,\"height\":204,\"caption\":\"Tribunal de Cuentas de La Pampa\"},\"image\":{\"@id\":\"https:\/\/www.tcuentaslp.gob.ar\/#\/schema\/logo\/image\/\"},\"sameAs\":[\"https:\/\/es-la.facebook.com\/TdeCLaPampa\/\"]},{\"@type\":\"Person\",\"@id\":\"https:\/\/www.tcuentaslp.gob.ar\/#\/schema\/person\/2031ab0de38ed2ac42ff7d6787851a6c\",\"name\":\"tribunete\"}]}<\/script>\n<!-- \/ Yoast SEO plugin. -->","yoast_head_json":{"title":"EL TRIBUNAL DE CUENTAS RECIBI\u00d3 A REPRESENTANTES MINISTERIALES -","robots":{"index":"index","follow":"follow","max-snippet":"max-snippet:-1","max-image-preview":"max-image-preview:large","max-video-preview":"max-video-preview:-1"},"canonical":"https:\/\/www.tcuentaslp.gob.ar\/?p=5448","og_locale":"es_ES","og_type":"article","og_title":"EL TRIBUNAL DE CUENTAS RECIBI\u00d3 A REPRESENTANTES MINISTERIALES -","og_description":"El pasado 10 de septiembre, el Tribunal de Cuentas de la Provincia de La Pampa mantuvo una reuni\u00f3n de trabajo ... Leer m\u00e1s...","og_url":"https:\/\/www.tcuentaslp.gob.ar\/?p=5448","article_publisher":"https:\/\/es-la.facebook.com\/TdeCLaPampa\/","article_published_time":"2025-09-12T13:42:59+00:00","article_modified_time":"2025-09-12T13:43:00+00:00","og_image":[{"width":2560,"height":1280,"url":"https:\/\/www.tcuentaslp.gob.ar\/wp-content\/uploads\/2025\/09\/Noticia-Jefes-de-Despacho-scaled.jpeg","type":"image\/jpeg"}],"author":"tribunete","twitter_card":"summary_large_image","twitter_misc":{"Escrito por":"tribunete","Tiempo de lectura":"1 minuto"},"schema":{"@context":"https:\/\/schema.org","@graph":[{"@type":"Article","@id":"https:\/\/www.tcuentaslp.gob.ar\/?p=5448#article","isPartOf":{"@id":"https:\/\/www.tcuentaslp.gob.ar\/?p=5448"},"author":{"name":"tribunete","@id":"https:\/\/www.tcuentaslp.gob.ar\/#\/schema\/person\/2031ab0de38ed2ac42ff7d6787851a6c"},"headline":"EL TRIBUNAL DE CUENTAS RECIBI\u00d3 A REPRESENTANTES MINISTERIALES","datePublished":"2025-09-12T13:42:59+00:00","dateModified":"2025-09-12T13:43:00+00:00","mainEntityOfPage":{"@id":"https:\/\/www.tcuentaslp.gob.ar\/?p=5448"},"wordCount":136,"publisher":{"@id":"https:\/\/www.tcuentaslp.gob.ar\/#organization"},"articleSection":["Noticias"],"inLanguage":"es-AR"},{"@type":"WebPage","@id":"https:\/\/www.tcuentaslp.gob.ar\/?p=5448","url":"https:\/\/www.tcuentaslp.gob.ar\/?p=5448","name":"EL TRIBUNAL DE CUENTAS RECIBI\u00d3 A REPRESENTANTES MINISTERIALES -","isPartOf":{"@id":"https:\/\/www.tcuentaslp.gob.ar\/#website"},"datePublished":"2025-09-12T13:42:59+00:00","dateModified":"2025-09-12T13:43:00+00:00","breadcrumb":{"@id":"https:\/\/www.tcuentaslp.gob.ar\/?p=5448#breadcrumb"},"inLanguage":"es-AR","potentialAction":[{"@type":"ReadAction","target":["https:\/\/www.tcuentaslp.gob.ar\/?p=5448"]}]},{"@type":"BreadcrumbList","@id":"https:\/\/www.tcuentaslp.gob.ar\/?p=5448#breadcrumb","itemListElement":[{"@type":"ListItem","position":1,"name":"Inicio","item":"https:\/\/www.tcuentaslp.gob.ar\/"},{"@type":"ListItem","position":2,"name":"EL TRIBUNAL DE CUENTAS RECIBI\u00d3 A REPRESENTANTES MINISTERIALES"}]},{"@type":"WebSite","@id":"https:\/\/www.tcuentaslp.gob.ar\/#website","url":"https:\/\/www.tcuentaslp.gob.ar\/","name":"Tribunal de Cuentas de La Pampa","description":"","publisher":{"@id":"https:\/\/www.tcuentaslp.gob.ar\/#organization"},"potentialAction":[{"@type":"SearchAction","target":{"@type":"EntryPoint","urlTemplate":"https:\/\/www.tcuentaslp.gob.ar\/?s={search_term_string}"},"query-input":"required name=search_term_string"}],"inLanguage":"es-AR"},{"@type":"Organization","@id":"https:\/\/www.tcuentaslp.gob.ar\/#organization","name":"Tribunal de Cuentas de La Pampa","url":"https:\/\/www.tcuentaslp.gob.ar\/","logo":{"@type":"ImageObject","inLanguage":"es-AR","@id":"https:\/\/www.tcuentaslp.gob.ar\/#\/schema\/logo\/image\/","url":"http:\/\/www.tcuentaslp.gob.ar\/wp-content\/uploads\/2017\/10\/logo_tribunal.png","contentUrl":"http:\/\/www.tcuentaslp.gob.ar\/wp-content\/uploads\/2017\/10\/logo_tribunal.png","width":200,"height":204,"caption":"Tribunal de Cuentas de La Pampa"},"image":{"@id":"https:\/\/www.tcuentaslp.gob.ar\/#\/schema\/logo\/image\/"},"sameAs":["https:\/\/es-la.facebook.com\/TdeCLaPampa\/"]},{"@type":"Person","@id":"https:\/\/www.tcuentaslp.gob.ar\/#\/schema\/person\/2031ab0de38ed2ac42ff7d6787851a6c","name":"tribunete"}]}},"_links":{"self":[{"href":"https:\/\/www.tcuentaslp.gob.ar\/index.php?rest_route=\/wp\/v2\/posts\/5448"}],"collection":[{"href":"https:\/\/www.tcuentaslp.gob.ar\/index.php?rest_route=\/wp\/v2\/posts"}],"about":[{"href":"https:\/\/www.tcuentaslp.gob.ar\/index.php?rest_route=\/wp\/v2\/types\/post"}],"author":[{"embeddable":true,"href":"https:\/\/www.tcuentaslp.gob.ar\/index.php?rest_route=\/wp\/v2\/users\/5"}],"replies":[{"embeddable":true,"href":"https:\/\/www.tcuentaslp.gob.ar\/index.php?rest_route=%2Fwp%2Fv2%2Fcomments&post=5448"}],"version-history":[{"count":1,"href":"https:\/\/www.tcuentaslp.gob.ar\/index.php?rest_route=\/wp\/v2\/posts\/5448\/revisions"}],"predecessor-version":[{"id":5450,"href":"https:\/\/www.tcuentaslp.gob.ar\/index.php?rest_route=\/wp\/v2\/posts\/5448\/revisions\/5450"}],"wp:featuredmedia":[{"embeddable":true,"href":"https:\/\/www.tcuentaslp.gob.ar\/index.php?rest_route=\/wp\/v2\/media\/5449"}],"wp:attachment":[{"href":"https:\/\/www.tcuentaslp.gob.ar\/index.php?rest_route=%2Fwp%2Fv2%2Fmedia&parent=5448"}],"wp:term":[{"taxonomy":"category","embeddable":true,"href":"https:\/\/www.tcuentaslp.gob.ar\/index.php?rest_route=%2Fwp%2Fv2%2Fcategories&post=5448"},{"taxonomy":"post_tag","embeddable":true,"href":"https:\/\/www.tcuentaslp.gob.ar\/index.php?rest_route=%2Fwp%2Fv2%2Ftags&post=5448"}],"curies":[{"name":"wp","href":"https:\/\/api.w.org\/{rel}","templated":true}]}}