{"id":5452,"date":"2025-09-15T13:15:47","date_gmt":"2025-09-15T16:15:47","guid":{"rendered":"https:\/\/www.tcuentaslp.gob.ar\/?p=5452"},"modified":"2025-09-15T13:16:58","modified_gmt":"2025-09-15T16:16:58","slug":"el-tribunal-de-cuentas-recibio-certificados-de-capacitacion-en-auditoria-de-fondos-publicos","status":"publish","type":"post","link":"https:\/\/www.tcuentaslp.gob.ar\/?p=5452","title":{"rendered":"EL TRIBUNAL DE CUENTAS RECIBI\u00d3 CERTIFICADOS DE CAPACITACI\u00d3N EN AUDITOR\u00cdA DE FONDOS P\u00daBLICOS"},"content":{"rendered":"\n<p>El personal del Tribunal de Cuentas recibi\u00f3 los certificados que acreditan su participaci\u00f3n en las Jornadas de Formaci\u00f3n Presencial del Programa de Desarrollo de Capacidades para Auditor\u00edas SAPEM, dictada por los especialistas CPN An\u00edbal Kohlhuber y MG. Germ\u00e1n Murdolo durante el mes de julio del 2025.<\/p>\n\n\n\n<p>La capacitaci\u00f3n fue organizada en conjunto con el Instituto de Desarrollo e Investigaci\u00f3n en Auditor\u00eda y Gesti\u00f3n (IDIAG), a trav\u00e9s de la Red de Gobernanza para Argentina (REDGA).<\/p>\n\n\n\n<p>Con esta instancia de formaci\u00f3n, el Tribunal de Cuentas reafirma su compromiso con la capacitaci\u00f3n continua y mejora de las competencias t\u00e9cnicas de su equipo de trabajo, agradeciendo la predisposici\u00f3n del personal de participar en las capacitaciones que el organismo de control organiza y\/o convoca.<\/p>\n","protected":false},"excerpt":{"rendered":"<p>El personal del Tribunal de Cuentas recibi\u00f3 los certificados que acreditan su participaci\u00f3n en las Jornadas de Formaci\u00f3n Presencial del &#8230; <a title=\"EL TRIBUNAL DE CUENTAS RECIBI\u00d3 CERTIFICADOS DE CAPACITACI\u00d3N EN AUDITOR\u00cdA DE FONDOS P\u00daBLICOS\" class=\"read-more\" href=\"https:\/\/www.tcuentaslp.gob.ar\/?p=5452\">Leer m\u00e1s&#8230;<\/a><\/p>\n","protected":false},"author":4,"featured_media":5453,"comment_status":"closed","ping_status":"closed","sticky":false,"template":"","format":"standard","meta":{"generate_page_header":""},"categories":[4,5],"tags":[],"yoast_head":"<!-- This site is optimized with the Yoast SEO plugin v20.12 - https:\/\/yoast.com\/wordpress\/plugins\/seo\/ -->\n<title>EL TRIBUNAL DE CUENTAS RECIBI\u00d3 CERTIFICADOS DE CAPACITACI\u00d3N EN AUDITOR\u00cdA DE FONDOS P\u00daBLICOS -<\/title>\n<meta name=\"robots\" content=\"index, follow, max-snippet:-1, max-image-preview:large, max-video-preview:-1\" \/>\n<link rel=\"canonical\" href=\"https:\/\/www.tcuentaslp.gob.ar\/?p=5452\" \/>\n<meta property=\"og:locale\" content=\"es_ES\" \/>\n<meta property=\"og:type\" content=\"article\" \/>\n<meta property=\"og:title\" content=\"EL TRIBUNAL DE CUENTAS RECIBI\u00d3 CERTIFICADOS DE CAPACITACI\u00d3N EN AUDITOR\u00cdA DE FONDOS P\u00daBLICOS -\" \/>\n<meta property=\"og:description\" content=\"El personal del Tribunal de Cuentas recibi\u00f3 los certificados que acreditan su participaci\u00f3n en las Jornadas de Formaci\u00f3n Presencial del ... Leer m\u00e1s...\" \/>\n<meta property=\"og:url\" content=\"https:\/\/www.tcuentaslp.gob.ar\/?p=5452\" \/>\n<meta property=\"article:publisher\" content=\"https:\/\/es-la.facebook.com\/TdeCLaPampa\/\" \/>\n<meta property=\"article:published_time\" content=\"2025-09-15T16:15:47+00:00\" \/>\n<meta property=\"article:modified_time\" content=\"2025-09-15T16:16:58+00:00\" \/>\n<meta property=\"og:image\" content=\"https:\/\/www.tcuentaslp.gob.ar\/wp-content\/uploads\/2025\/09\/EL-TRIBUNAL-DE-CUENTAS-RECIBIO-CERTIFICADOS-DE-CAPACITACION-EN-AUDITORIA-DE-FONDOS-PUBLICOS.tmp_-scaled.jpg\" \/>\n\t<meta property=\"og:image:width\" content=\"2560\" \/>\n\t<meta property=\"og:image:height\" content=\"1441\" \/>\n\t<meta property=\"og:image:type\" content=\"image\/jpeg\" \/>\n<meta name=\"author\" content=\"Luc\u00eda Pedernera\" \/>\n<meta name=\"twitter:card\" content=\"summary_large_image\" \/>\n<meta name=\"twitter:label1\" content=\"Escrito por\" \/>\n\t<meta name=\"twitter:data1\" content=\"Luc\u00eda Pedernera\" \/>\n\t<meta name=\"twitter:label2\" content=\"Tiempo de lectura\" \/>\n\t<meta name=\"twitter:data2\" content=\"1 minuto\" \/>\n<script type=\"application\/ld+json\" class=\"yoast-schema-graph\">{\"@context\":\"https:\/\/schema.org\",\"@graph\":[{\"@type\":\"Article\",\"@id\":\"https:\/\/www.tcuentaslp.gob.ar\/?p=5452#article\",\"isPartOf\":{\"@id\":\"https:\/\/www.tcuentaslp.gob.ar\/?p=5452\"},\"author\":{\"name\":\"Luc\u00eda Pedernera\",\"@id\":\"https:\/\/www.tcuentaslp.gob.ar\/#\/schema\/person\/6cf21aaafea0ca377e16951cd59b6914\"},\"headline\":\"EL TRIBUNAL DE CUENTAS RECIBI\u00d3 CERTIFICADOS DE CAPACITACI\u00d3N EN AUDITOR\u00cdA DE FONDOS P\u00daBLICOS\",\"datePublished\":\"2025-09-15T16:15:47+00:00\",\"dateModified\":\"2025-09-15T16:16:58+00:00\",\"mainEntityOfPage\":{\"@id\":\"https:\/\/www.tcuentaslp.gob.ar\/?p=5452\"},\"wordCount\":149,\"publisher\":{\"@id\":\"https:\/\/www.tcuentaslp.gob.ar\/#organization\"},\"articleSection\":[\"Capacitaciones\",\"Noticias\"],\"inLanguage\":\"es-AR\"},{\"@type\":\"WebPage\",\"@id\":\"https:\/\/www.tcuentaslp.gob.ar\/?p=5452\",\"url\":\"https:\/\/www.tcuentaslp.gob.ar\/?p=5452\",\"name\":\"EL TRIBUNAL DE CUENTAS RECIBI\u00d3 CERTIFICADOS DE CAPACITACI\u00d3N EN AUDITOR\u00cdA DE FONDOS P\u00daBLICOS -\",\"isPartOf\":{\"@id\":\"https:\/\/www.tcuentaslp.gob.ar\/#website\"},\"datePublished\":\"2025-09-15T16:15:47+00:00\",\"dateModified\":\"2025-09-15T16:16:58+00:00\",\"breadcrumb\":{\"@id\":\"https:\/\/www.tcuentaslp.gob.ar\/?p=5452#breadcrumb\"},\"inLanguage\":\"es-AR\",\"potentialAction\":[{\"@type\":\"ReadAction\",\"target\":[\"https:\/\/www.tcuentaslp.gob.ar\/?p=5452\"]}]},{\"@type\":\"BreadcrumbList\",\"@id\":\"https:\/\/www.tcuentaslp.gob.ar\/?p=5452#breadcrumb\",\"itemListElement\":[{\"@type\":\"ListItem\",\"position\":1,\"name\":\"Inicio\",\"item\":\"https:\/\/www.tcuentaslp.gob.ar\/\"},{\"@type\":\"ListItem\",\"position\":2,\"name\":\"EL TRIBUNAL DE CUENTAS RECIBI\u00d3 CERTIFICADOS DE CAPACITACI\u00d3N EN AUDITOR\u00cdA DE FONDOS P\u00daBLICOS\"}]},{\"@type\":\"WebSite\",\"@id\":\"https:\/\/www.tcuentaslp.gob.ar\/#website\",\"url\":\"https:\/\/www.tcuentaslp.gob.ar\/\",\"name\":\"Tribunal de Cuentas de La Pampa\",\"description\":\"\",\"publisher\":{\"@id\":\"https:\/\/www.tcuentaslp.gob.ar\/#organization\"},\"potentialAction\":[{\"@type\":\"SearchAction\",\"target\":{\"@type\":\"EntryPoint\",\"urlTemplate\":\"https:\/\/www.tcuentaslp.gob.ar\/?s={search_term_string}\"},\"query-input\":\"required name=search_term_string\"}],\"inLanguage\":\"es-AR\"},{\"@type\":\"Organization\",\"@id\":\"https:\/\/www.tcuentaslp.gob.ar\/#organization\",\"name\":\"Tribunal de Cuentas de La Pampa\",\"url\":\"https:\/\/www.tcuentaslp.gob.ar\/\",\"logo\":{\"@type\":\"ImageObject\",\"inLanguage\":\"es-AR\",\"@id\":\"https:\/\/www.tcuentaslp.gob.ar\/#\/schema\/logo\/image\/\",\"url\":\"http:\/\/www.tcuentaslp.gob.ar\/wp-content\/uploads\/2017\/10\/logo_tribunal.png\",\"contentUrl\":\"http:\/\/www.tcuentaslp.gob.ar\/wp-content\/uploads\/2017\/10\/logo_tribunal.png\",\"width\":200,\"height\":204,\"caption\":\"Tribunal de Cuentas de La Pampa\"},\"image\":{\"@id\":\"https:\/\/www.tcuentaslp.gob.ar\/#\/schema\/logo\/image\/\"},\"sameAs\":[\"https:\/\/es-la.facebook.com\/TdeCLaPampa\/\"]},{\"@type\":\"Person\",\"@id\":\"https:\/\/www.tcuentaslp.gob.ar\/#\/schema\/person\/6cf21aaafea0ca377e16951cd59b6914\",\"name\":\"Luc\u00eda Pedernera\"}]}<\/script>\n<!-- \/ Yoast SEO plugin. -->","yoast_head_json":{"title":"EL TRIBUNAL DE CUENTAS RECIBI\u00d3 CERTIFICADOS DE CAPACITACI\u00d3N EN AUDITOR\u00cdA DE FONDOS P\u00daBLICOS -","robots":{"index":"index","follow":"follow","max-snippet":"max-snippet:-1","max-image-preview":"max-image-preview:large","max-video-preview":"max-video-preview:-1"},"canonical":"https:\/\/www.tcuentaslp.gob.ar\/?p=5452","og_locale":"es_ES","og_type":"article","og_title":"EL TRIBUNAL DE CUENTAS RECIBI\u00d3 CERTIFICADOS DE CAPACITACI\u00d3N EN AUDITOR\u00cdA DE FONDOS P\u00daBLICOS -","og_description":"El personal del Tribunal de Cuentas recibi\u00f3 los certificados que acreditan su participaci\u00f3n en las Jornadas de Formaci\u00f3n Presencial del ... Leer m\u00e1s...","og_url":"https:\/\/www.tcuentaslp.gob.ar\/?p=5452","article_publisher":"https:\/\/es-la.facebook.com\/TdeCLaPampa\/","article_published_time":"2025-09-15T16:15:47+00:00","article_modified_time":"2025-09-15T16:16:58+00:00","og_image":[{"width":2560,"height":1441,"url":"https:\/\/www.tcuentaslp.gob.ar\/wp-content\/uploads\/2025\/09\/EL-TRIBUNAL-DE-CUENTAS-RECIBIO-CERTIFICADOS-DE-CAPACITACION-EN-AUDITORIA-DE-FONDOS-PUBLICOS.tmp_-scaled.jpg","type":"image\/jpeg"}],"author":"Luc\u00eda Pedernera","twitter_card":"summary_large_image","twitter_misc":{"Escrito por":"Luc\u00eda Pedernera","Tiempo de lectura":"1 minuto"},"schema":{"@context":"https:\/\/schema.org","@graph":[{"@type":"Article","@id":"https:\/\/www.tcuentaslp.gob.ar\/?p=5452#article","isPartOf":{"@id":"https:\/\/www.tcuentaslp.gob.ar\/?p=5452"},"author":{"name":"Luc\u00eda Pedernera","@id":"https:\/\/www.tcuentaslp.gob.ar\/#\/schema\/person\/6cf21aaafea0ca377e16951cd59b6914"},"headline":"EL TRIBUNAL DE CUENTAS RECIBI\u00d3 CERTIFICADOS DE CAPACITACI\u00d3N EN AUDITOR\u00cdA DE FONDOS P\u00daBLICOS","datePublished":"2025-09-15T16:15:47+00:00","dateModified":"2025-09-15T16:16:58+00:00","mainEntityOfPage":{"@id":"https:\/\/www.tcuentaslp.gob.ar\/?p=5452"},"wordCount":149,"publisher":{"@id":"https:\/\/www.tcuentaslp.gob.ar\/#organization"},"articleSection":["Capacitaciones","Noticias"],"inLanguage":"es-AR"},{"@type":"WebPage","@id":"https:\/\/www.tcuentaslp.gob.ar\/?p=5452","url":"https:\/\/www.tcuentaslp.gob.ar\/?p=5452","name":"EL TRIBUNAL DE CUENTAS RECIBI\u00d3 CERTIFICADOS DE CAPACITACI\u00d3N EN AUDITOR\u00cdA DE FONDOS P\u00daBLICOS -","isPartOf":{"@id":"https:\/\/www.tcuentaslp.gob.ar\/#website"},"datePublished":"2025-09-15T16:15:47+00:00","dateModified":"2025-09-15T16:16:58+00:00","breadcrumb":{"@id":"https:\/\/www.tcuentaslp.gob.ar\/?p=5452#breadcrumb"},"inLanguage":"es-AR","potentialAction":[{"@type":"ReadAction","target":["https:\/\/www.tcuentaslp.gob.ar\/?p=5452"]}]},{"@type":"BreadcrumbList","@id":"https:\/\/www.tcuentaslp.gob.ar\/?p=5452#breadcrumb","itemListElement":[{"@type":"ListItem","position":1,"name":"Inicio","item":"https:\/\/www.tcuentaslp.gob.ar\/"},{"@type":"ListItem","position":2,"name":"EL TRIBUNAL DE CUENTAS RECIBI\u00d3 CERTIFICADOS DE CAPACITACI\u00d3N EN AUDITOR\u00cdA DE FONDOS P\u00daBLICOS"}]},{"@type":"WebSite","@id":"https:\/\/www.tcuentaslp.gob.ar\/#website","url":"https:\/\/www.tcuentaslp.gob.ar\/","name":"Tribunal de Cuentas de La Pampa","description":"","publisher":{"@id":"https:\/\/www.tcuentaslp.gob.ar\/#organization"},"potentialAction":[{"@type":"SearchAction","target":{"@type":"EntryPoint","urlTemplate":"https:\/\/www.tcuentaslp.gob.ar\/?s={search_term_string}"},"query-input":"required name=search_term_string"}],"inLanguage":"es-AR"},{"@type":"Organization","@id":"https:\/\/www.tcuentaslp.gob.ar\/#organization","name":"Tribunal de Cuentas de La Pampa","url":"https:\/\/www.tcuentaslp.gob.ar\/","logo":{"@type":"ImageObject","inLanguage":"es-AR","@id":"https:\/\/www.tcuentaslp.gob.ar\/#\/schema\/logo\/image\/","url":"http:\/\/www.tcuentaslp.gob.ar\/wp-content\/uploads\/2017\/10\/logo_tribunal.png","contentUrl":"http:\/\/www.tcuentaslp.gob.ar\/wp-content\/uploads\/2017\/10\/logo_tribunal.png","width":200,"height":204,"caption":"Tribunal de Cuentas de La Pampa"},"image":{"@id":"https:\/\/www.tcuentaslp.gob.ar\/#\/schema\/logo\/image\/"},"sameAs":["https:\/\/es-la.facebook.com\/TdeCLaPampa\/"]},{"@type":"Person","@id":"https:\/\/www.tcuentaslp.gob.ar\/#\/schema\/person\/6cf21aaafea0ca377e16951cd59b6914","name":"Luc\u00eda Pedernera"}]}},"_links":{"self":[{"href":"https:\/\/www.tcuentaslp.gob.ar\/index.php?rest_route=\/wp\/v2\/posts\/5452"}],"collection":[{"href":"https:\/\/www.tcuentaslp.gob.ar\/index.php?rest_route=\/wp\/v2\/posts"}],"about":[{"href":"https:\/\/www.tcuentaslp.gob.ar\/index.php?rest_route=\/wp\/v2\/types\/post"}],"author":[{"embeddable":true,"href":"https:\/\/www.tcuentaslp.gob.ar\/index.php?rest_route=\/wp\/v2\/users\/4"}],"replies":[{"embeddable":true,"href":"https:\/\/www.tcuentaslp.gob.ar\/index.php?rest_route=%2Fwp%2Fv2%2Fcomments&post=5452"}],"version-history":[{"count":1,"href":"https:\/\/www.tcuentaslp.gob.ar\/index.php?rest_route=\/wp\/v2\/posts\/5452\/revisions"}],"predecessor-version":[{"id":5454,"href":"https:\/\/www.tcuentaslp.gob.ar\/index.php?rest_route=\/wp\/v2\/posts\/5452\/revisions\/5454"}],"wp:featuredmedia":[{"embeddable":true,"href":"https:\/\/www.tcuentaslp.gob.ar\/index.php?rest_route=\/wp\/v2\/media\/5453"}],"wp:attachment":[{"href":"https:\/\/www.tcuentaslp.gob.ar\/index.php?rest_route=%2Fwp%2Fv2%2Fmedia&parent=5452"}],"wp:term":[{"taxonomy":"category","embeddable":true,"href":"https:\/\/www.tcuentaslp.gob.ar\/index.php?rest_route=%2Fwp%2Fv2%2Fcategories&post=5452"},{"taxonomy":"post_tag","embeddable":true,"href":"https:\/\/www.tcuentaslp.gob.ar\/index.php?rest_route=%2Fwp%2Fv2%2Ftags&post=5452"}],"curies":[{"name":"wp","href":"https:\/\/api.w.org\/{rel}","templated":true}]}}