{"id":5506,"date":"2025-12-11T08:44:26","date_gmt":"2025-12-11T11:44:26","guid":{"rendered":"https:\/\/www.tcuentaslp.gob.ar\/?p=5506"},"modified":"2025-12-11T08:44:26","modified_gmt":"2025-12-11T11:44:26","slug":"en-un-hecho-historico-el-tribunal-de-cuentas-convoco-a-los-diputados-provinciales-y-presento-su-informe-sobre-la-cuenta-de-inversion","status":"publish","type":"post","link":"https:\/\/www.tcuentaslp.gob.ar\/?p=5506","title":{"rendered":"EN UN HECHO HIST\u00d3RICO, EL TRIBUNAL DE CUENTAS CONVOC\u00d3 A LOS DIPUTADOS PROVINCIALES Y PRESENT\u00d3 SU INFORME SOBRE LA CUENTA DE INVERSI\u00d3N"},"content":{"rendered":"\n<p>En la sede del Tribunal de Cuentas de La Pampa se desarroll\u00f3 una jornada sin precedentes en la provincia ni en el pa\u00eds: la presentaci\u00f3n -durante m\u00e1s de tres horas- del informe detallado, desagregado y graficado num\u00e9rica, porcentual y tem\u00e1ticamente de la Cuenta de Inversi\u00f3n 2024.<\/p>\n\n\n\n<p>Cada a\u00f1o, el organismo constitucional adjunta a la Cuenta de Inversi\u00f3n de la provincia el estado de rendiciones de cuentas de los responsables, un compendio de las observaciones formuladas durante el ejercicio y toda otra informaci\u00f3n que estime conveniente sobre su gesti\u00f3n en cumplimiento del art. 81 inciso 6) de la Constituci\u00f3n Provincial y 42 de la Ley N\u00ba 3 de Contabilidad.<\/p>\n\n\n\n<p>Con el objeto de afianzar su programa de transparencia activa, este a\u00f1o el Tribunal de Cuentas confeccion\u00f3, adem\u00e1s, un informe graficado y explicado por las Jefaturas de sus \u00e1reas con la introducci\u00f3n realizada por la presidenta Mar\u00eda Alejandra Mac Allister y los vocales Jos\u00e9 Carlos Moslares (Sala I) Valeria Lis Nowak (Sala II).<\/p>\n\n\n\n<p>Habiendo invitado a la totalidad de los treinta legisladores a trav\u00e9s de la Comisi\u00f3n de Hacienda y Presupuesto, estuvieron presentes los diputados Mar\u00eda Laura Trapaglia, Enrique Juan, Mat\u00edas Traba y Lucas Lazaric del Bloque Pro-MID y Javier Torroba del Bloque UCR.<\/p>\n\n\n\n<p>Durante la exposici\u00f3n ante diputados provinciales, la presidenta del Tribunal calific\u00f3 la jornada como \u201chist\u00f3rica\u201d, se\u00f1alando que \u201cno se ha hecho en ning\u00fan lugar, no tenemos registro que se haya hecho por ning\u00fan Tribunal de Cuentas de la Rep\u00fablica Argentina\u201d. En tal sentido plante\u00f3: \u201cAs\u00ed concebimos el trabajo: pensando en la calidad institucional, en el respeto a las instituciones&#8221;. Estas acciones del Tribunal de Cuentas han sido reconocidas siempre y por eso &#8220;Al Tribunal de Cuentas de La Pampa hay que respetarlo, porque es el m\u00e1ximo \u00f3rgano que existe en la provincia que controla los fondos p\u00fablicos\u201d.<\/p>\n\n\n\n<p>La presentaci\u00f3n sirvi\u00f3 para que los diputados provinciales conozcan en detalle el informe y acciones del organismo de control respecto de la ejecuci\u00f3n presupuestaria 2024, canalizando mediante esta jornada de buena gobernanza las inquietudes de los legisladores presentes.<\/p>\n\n\n\n<p>En la presentaci\u00f3n se detallaron las ejecuciones presupuestarias del ejercicio precitado y la distribuci\u00f3n del gasto por Poderes y Organismos. Se remarc\u00f3 \u201cnosotros controlamos absolutamente todo\u201d sin muestreos, la Administraci\u00f3n P\u00fablica, organismos descentralizados, aut\u00e1rquicos, Comisiones de Fomento y por auditor\u00eda las empresas SAPEM.<\/p>\n\n\n\n<p>Despu\u00e9s de las exposiciones del equipo de trabajo y respondidas las consultas, la diputada Trapaglia indic\u00f3: \u201cme emociona escucharlos, lo comprometidos que est\u00e1n, demuestran tanta pertenencia, responsabilidad y que tienen puesta la camiseta del Tribunal\u201d.<\/p>\n","protected":false},"excerpt":{"rendered":"<p>En la sede del Tribunal de Cuentas de La Pampa se desarroll\u00f3 una jornada sin precedentes en la provincia ni &#8230; <a title=\"EN UN HECHO HIST\u00d3RICO, EL TRIBUNAL DE CUENTAS CONVOC\u00d3 A LOS DIPUTADOS PROVINCIALES Y PRESENT\u00d3 SU INFORME SOBRE LA CUENTA DE INVERSI\u00d3N\" class=\"read-more\" href=\"https:\/\/www.tcuentaslp.gob.ar\/?p=5506\">Leer m\u00e1s&#8230;<\/a><\/p>\n","protected":false},"author":4,"featured_media":5507,"comment_status":"closed","ping_status":"closed","sticky":false,"template":"","format":"standard","meta":{"generate_page_header":""},"categories":[5],"tags":[],"yoast_head":"<!-- This site is optimized with the Yoast SEO plugin v20.12 - https:\/\/yoast.com\/wordpress\/plugins\/seo\/ -->\n<title>EN UN HECHO HIST\u00d3RICO, EL TRIBUNAL DE CUENTAS CONVOC\u00d3 A LOS DIPUTADOS PROVINCIALES Y PRESENT\u00d3 SU INFORME SOBRE LA CUENTA DE INVERSI\u00d3N -<\/title>\n<meta name=\"robots\" content=\"index, follow, max-snippet:-1, max-image-preview:large, max-video-preview:-1\" \/>\n<link rel=\"canonical\" href=\"https:\/\/www.tcuentaslp.gob.ar\/?p=5506\" \/>\n<meta property=\"og:locale\" content=\"es_ES\" \/>\n<meta property=\"og:type\" content=\"article\" \/>\n<meta property=\"og:title\" content=\"EN UN HECHO HIST\u00d3RICO, EL TRIBUNAL DE CUENTAS CONVOC\u00d3 A LOS DIPUTADOS PROVINCIALES Y PRESENT\u00d3 SU INFORME SOBRE LA CUENTA DE INVERSI\u00d3N -\" \/>\n<meta property=\"og:description\" content=\"En la sede del Tribunal de Cuentas de La Pampa se desarroll\u00f3 una jornada sin precedentes en la provincia ni ... Leer m\u00e1s...\" \/>\n<meta property=\"og:url\" content=\"https:\/\/www.tcuentaslp.gob.ar\/?p=5506\" \/>\n<meta property=\"article:publisher\" content=\"https:\/\/es-la.facebook.com\/TdeCLaPampa\/\" \/>\n<meta property=\"article:published_time\" content=\"2025-12-11T11:44:26+00:00\" \/>\n<meta property=\"og:image\" content=\"https:\/\/www.tcuentaslp.gob.ar\/wp-content\/uploads\/2025\/12\/EN-UN-HECHO-HISTORICO-EL-TRIBUNAL-DE-CUENTAS-CONVOCO-A-LOS-DIPUTADOS-PROVINCIALES-Y-PRESENTO-SU-INFORME-SOBRE-LA-CUENTA-DE-INVERSION.tmp_.jpg\" \/>\n\t<meta property=\"og:image:width\" content=\"1464\" \/>\n\t<meta property=\"og:image:height\" content=\"870\" \/>\n\t<meta property=\"og:image:type\" content=\"image\/jpeg\" \/>\n<meta name=\"author\" content=\"Luc\u00eda Pedernera\" \/>\n<meta name=\"twitter:card\" content=\"summary_large_image\" \/>\n<meta name=\"twitter:label1\" content=\"Escrito por\" \/>\n\t<meta name=\"twitter:data1\" content=\"Luc\u00eda Pedernera\" \/>\n\t<meta name=\"twitter:label2\" content=\"Tiempo de lectura\" \/>\n\t<meta name=\"twitter:data2\" content=\"2 minutos\" \/>\n<script type=\"application\/ld+json\" class=\"yoast-schema-graph\">{\"@context\":\"https:\/\/schema.org\",\"@graph\":[{\"@type\":\"Article\",\"@id\":\"https:\/\/www.tcuentaslp.gob.ar\/?p=5506#article\",\"isPartOf\":{\"@id\":\"https:\/\/www.tcuentaslp.gob.ar\/?p=5506\"},\"author\":{\"name\":\"Luc\u00eda Pedernera\",\"@id\":\"https:\/\/www.tcuentaslp.gob.ar\/#\/schema\/person\/6cf21aaafea0ca377e16951cd59b6914\"},\"headline\":\"EN UN HECHO HIST\u00d3RICO, EL TRIBUNAL DE CUENTAS CONVOC\u00d3 A LOS DIPUTADOS PROVINCIALES Y PRESENT\u00d3 SU INFORME SOBRE LA CUENTA DE INVERSI\u00d3N\",\"datePublished\":\"2025-12-11T11:44:26+00:00\",\"dateModified\":\"2025-12-11T11:44:26+00:00\",\"mainEntityOfPage\":{\"@id\":\"https:\/\/www.tcuentaslp.gob.ar\/?p=5506\"},\"wordCount\":470,\"publisher\":{\"@id\":\"https:\/\/www.tcuentaslp.gob.ar\/#organization\"},\"articleSection\":[\"Noticias\"],\"inLanguage\":\"es-AR\"},{\"@type\":\"WebPage\",\"@id\":\"https:\/\/www.tcuentaslp.gob.ar\/?p=5506\",\"url\":\"https:\/\/www.tcuentaslp.gob.ar\/?p=5506\",\"name\":\"EN UN HECHO HIST\u00d3RICO, EL TRIBUNAL DE CUENTAS CONVOC\u00d3 A LOS DIPUTADOS PROVINCIALES Y PRESENT\u00d3 SU INFORME SOBRE LA CUENTA DE INVERSI\u00d3N -\",\"isPartOf\":{\"@id\":\"https:\/\/www.tcuentaslp.gob.ar\/#website\"},\"datePublished\":\"2025-12-11T11:44:26+00:00\",\"dateModified\":\"2025-12-11T11:44:26+00:00\",\"breadcrumb\":{\"@id\":\"https:\/\/www.tcuentaslp.gob.ar\/?p=5506#breadcrumb\"},\"inLanguage\":\"es-AR\",\"potentialAction\":[{\"@type\":\"ReadAction\",\"target\":[\"https:\/\/www.tcuentaslp.gob.ar\/?p=5506\"]}]},{\"@type\":\"BreadcrumbList\",\"@id\":\"https:\/\/www.tcuentaslp.gob.ar\/?p=5506#breadcrumb\",\"itemListElement\":[{\"@type\":\"ListItem\",\"position\":1,\"name\":\"Inicio\",\"item\":\"https:\/\/www.tcuentaslp.gob.ar\/\"},{\"@type\":\"ListItem\",\"position\":2,\"name\":\"EN UN HECHO HIST\u00d3RICO, EL TRIBUNAL DE CUENTAS CONVOC\u00d3 A LOS DIPUTADOS PROVINCIALES Y PRESENT\u00d3 SU INFORME SOBRE LA CUENTA DE INVERSI\u00d3N\"}]},{\"@type\":\"WebSite\",\"@id\":\"https:\/\/www.tcuentaslp.gob.ar\/#website\",\"url\":\"https:\/\/www.tcuentaslp.gob.ar\/\",\"name\":\"Tribunal de Cuentas de La Pampa\",\"description\":\"\",\"publisher\":{\"@id\":\"https:\/\/www.tcuentaslp.gob.ar\/#organization\"},\"potentialAction\":[{\"@type\":\"SearchAction\",\"target\":{\"@type\":\"EntryPoint\",\"urlTemplate\":\"https:\/\/www.tcuentaslp.gob.ar\/?s={search_term_string}\"},\"query-input\":\"required name=search_term_string\"}],\"inLanguage\":\"es-AR\"},{\"@type\":\"Organization\",\"@id\":\"https:\/\/www.tcuentaslp.gob.ar\/#organization\",\"name\":\"Tribunal de Cuentas de La Pampa\",\"url\":\"https:\/\/www.tcuentaslp.gob.ar\/\",\"logo\":{\"@type\":\"ImageObject\",\"inLanguage\":\"es-AR\",\"@id\":\"https:\/\/www.tcuentaslp.gob.ar\/#\/schema\/logo\/image\/\",\"url\":\"http:\/\/www.tcuentaslp.gob.ar\/wp-content\/uploads\/2017\/10\/logo_tribunal.png\",\"contentUrl\":\"http:\/\/www.tcuentaslp.gob.ar\/wp-content\/uploads\/2017\/10\/logo_tribunal.png\",\"width\":200,\"height\":204,\"caption\":\"Tribunal de Cuentas de La Pampa\"},\"image\":{\"@id\":\"https:\/\/www.tcuentaslp.gob.ar\/#\/schema\/logo\/image\/\"},\"sameAs\":[\"https:\/\/es-la.facebook.com\/TdeCLaPampa\/\"]},{\"@type\":\"Person\",\"@id\":\"https:\/\/www.tcuentaslp.gob.ar\/#\/schema\/person\/6cf21aaafea0ca377e16951cd59b6914\",\"name\":\"Luc\u00eda Pedernera\"}]}<\/script>\n<!-- \/ Yoast SEO plugin. -->","yoast_head_json":{"title":"EN UN HECHO HIST\u00d3RICO, EL TRIBUNAL DE CUENTAS CONVOC\u00d3 A LOS DIPUTADOS PROVINCIALES Y PRESENT\u00d3 SU INFORME SOBRE LA CUENTA DE INVERSI\u00d3N -","robots":{"index":"index","follow":"follow","max-snippet":"max-snippet:-1","max-image-preview":"max-image-preview:large","max-video-preview":"max-video-preview:-1"},"canonical":"https:\/\/www.tcuentaslp.gob.ar\/?p=5506","og_locale":"es_ES","og_type":"article","og_title":"EN UN HECHO HIST\u00d3RICO, EL TRIBUNAL DE CUENTAS CONVOC\u00d3 A LOS DIPUTADOS PROVINCIALES Y PRESENT\u00d3 SU INFORME SOBRE LA CUENTA DE INVERSI\u00d3N -","og_description":"En la sede del Tribunal de Cuentas de La Pampa se desarroll\u00f3 una jornada sin precedentes en la provincia ni ... Leer m\u00e1s...","og_url":"https:\/\/www.tcuentaslp.gob.ar\/?p=5506","article_publisher":"https:\/\/es-la.facebook.com\/TdeCLaPampa\/","article_published_time":"2025-12-11T11:44:26+00:00","og_image":[{"width":1464,"height":870,"url":"https:\/\/www.tcuentaslp.gob.ar\/wp-content\/uploads\/2025\/12\/EN-UN-HECHO-HISTORICO-EL-TRIBUNAL-DE-CUENTAS-CONVOCO-A-LOS-DIPUTADOS-PROVINCIALES-Y-PRESENTO-SU-INFORME-SOBRE-LA-CUENTA-DE-INVERSION.tmp_.jpg","type":"image\/jpeg"}],"author":"Luc\u00eda Pedernera","twitter_card":"summary_large_image","twitter_misc":{"Escrito por":"Luc\u00eda Pedernera","Tiempo de lectura":"2 minutos"},"schema":{"@context":"https:\/\/schema.org","@graph":[{"@type":"Article","@id":"https:\/\/www.tcuentaslp.gob.ar\/?p=5506#article","isPartOf":{"@id":"https:\/\/www.tcuentaslp.gob.ar\/?p=5506"},"author":{"name":"Luc\u00eda Pedernera","@id":"https:\/\/www.tcuentaslp.gob.ar\/#\/schema\/person\/6cf21aaafea0ca377e16951cd59b6914"},"headline":"EN UN HECHO HIST\u00d3RICO, EL TRIBUNAL DE CUENTAS CONVOC\u00d3 A LOS DIPUTADOS PROVINCIALES Y PRESENT\u00d3 SU INFORME SOBRE LA CUENTA DE INVERSI\u00d3N","datePublished":"2025-12-11T11:44:26+00:00","dateModified":"2025-12-11T11:44:26+00:00","mainEntityOfPage":{"@id":"https:\/\/www.tcuentaslp.gob.ar\/?p=5506"},"wordCount":470,"publisher":{"@id":"https:\/\/www.tcuentaslp.gob.ar\/#organization"},"articleSection":["Noticias"],"inLanguage":"es-AR"},{"@type":"WebPage","@id":"https:\/\/www.tcuentaslp.gob.ar\/?p=5506","url":"https:\/\/www.tcuentaslp.gob.ar\/?p=5506","name":"EN UN HECHO HIST\u00d3RICO, EL TRIBUNAL DE CUENTAS CONVOC\u00d3 A LOS DIPUTADOS PROVINCIALES Y PRESENT\u00d3 SU INFORME SOBRE LA CUENTA DE INVERSI\u00d3N -","isPartOf":{"@id":"https:\/\/www.tcuentaslp.gob.ar\/#website"},"datePublished":"2025-12-11T11:44:26+00:00","dateModified":"2025-12-11T11:44:26+00:00","breadcrumb":{"@id":"https:\/\/www.tcuentaslp.gob.ar\/?p=5506#breadcrumb"},"inLanguage":"es-AR","potentialAction":[{"@type":"ReadAction","target":["https:\/\/www.tcuentaslp.gob.ar\/?p=5506"]}]},{"@type":"BreadcrumbList","@id":"https:\/\/www.tcuentaslp.gob.ar\/?p=5506#breadcrumb","itemListElement":[{"@type":"ListItem","position":1,"name":"Inicio","item":"https:\/\/www.tcuentaslp.gob.ar\/"},{"@type":"ListItem","position":2,"name":"EN UN HECHO HIST\u00d3RICO, EL TRIBUNAL DE CUENTAS CONVOC\u00d3 A LOS DIPUTADOS PROVINCIALES Y PRESENT\u00d3 SU INFORME SOBRE LA CUENTA DE INVERSI\u00d3N"}]},{"@type":"WebSite","@id":"https:\/\/www.tcuentaslp.gob.ar\/#website","url":"https:\/\/www.tcuentaslp.gob.ar\/","name":"Tribunal de Cuentas de La Pampa","description":"","publisher":{"@id":"https:\/\/www.tcuentaslp.gob.ar\/#organization"},"potentialAction":[{"@type":"SearchAction","target":{"@type":"EntryPoint","urlTemplate":"https:\/\/www.tcuentaslp.gob.ar\/?s={search_term_string}"},"query-input":"required name=search_term_string"}],"inLanguage":"es-AR"},{"@type":"Organization","@id":"https:\/\/www.tcuentaslp.gob.ar\/#organization","name":"Tribunal de Cuentas de La Pampa","url":"https:\/\/www.tcuentaslp.gob.ar\/","logo":{"@type":"ImageObject","inLanguage":"es-AR","@id":"https:\/\/www.tcuentaslp.gob.ar\/#\/schema\/logo\/image\/","url":"http:\/\/www.tcuentaslp.gob.ar\/wp-content\/uploads\/2017\/10\/logo_tribunal.png","contentUrl":"http:\/\/www.tcuentaslp.gob.ar\/wp-content\/uploads\/2017\/10\/logo_tribunal.png","width":200,"height":204,"caption":"Tribunal de Cuentas de La Pampa"},"image":{"@id":"https:\/\/www.tcuentaslp.gob.ar\/#\/schema\/logo\/image\/"},"sameAs":["https:\/\/es-la.facebook.com\/TdeCLaPampa\/"]},{"@type":"Person","@id":"https:\/\/www.tcuentaslp.gob.ar\/#\/schema\/person\/6cf21aaafea0ca377e16951cd59b6914","name":"Luc\u00eda Pedernera"}]}},"_links":{"self":[{"href":"https:\/\/www.tcuentaslp.gob.ar\/index.php?rest_route=\/wp\/v2\/posts\/5506"}],"collection":[{"href":"https:\/\/www.tcuentaslp.gob.ar\/index.php?rest_route=\/wp\/v2\/posts"}],"about":[{"href":"https:\/\/www.tcuentaslp.gob.ar\/index.php?rest_route=\/wp\/v2\/types\/post"}],"author":[{"embeddable":true,"href":"https:\/\/www.tcuentaslp.gob.ar\/index.php?rest_route=\/wp\/v2\/users\/4"}],"replies":[{"embeddable":true,"href":"https:\/\/www.tcuentaslp.gob.ar\/index.php?rest_route=%2Fwp%2Fv2%2Fcomments&post=5506"}],"version-history":[{"count":1,"href":"https:\/\/www.tcuentaslp.gob.ar\/index.php?rest_route=\/wp\/v2\/posts\/5506\/revisions"}],"predecessor-version":[{"id":5508,"href":"https:\/\/www.tcuentaslp.gob.ar\/index.php?rest_route=\/wp\/v2\/posts\/5506\/revisions\/5508"}],"wp:featuredmedia":[{"embeddable":true,"href":"https:\/\/www.tcuentaslp.gob.ar\/index.php?rest_route=\/wp\/v2\/media\/5507"}],"wp:attachment":[{"href":"https:\/\/www.tcuentaslp.gob.ar\/index.php?rest_route=%2Fwp%2Fv2%2Fmedia&parent=5506"}],"wp:term":[{"taxonomy":"category","embeddable":true,"href":"https:\/\/www.tcuentaslp.gob.ar\/index.php?rest_route=%2Fwp%2Fv2%2Fcategories&post=5506"},{"taxonomy":"post_tag","embeddable":true,"href":"https:\/\/www.tcuentaslp.gob.ar\/index.php?rest_route=%2Fwp%2Fv2%2Ftags&post=5506"}],"curies":[{"name":"wp","href":"https:\/\/api.w.org\/{rel}","templated":true}]}}