{"id":656,"date":"2017-11-24T08:55:26","date_gmt":"2017-11-24T11:55:26","guid":{"rendered":"http:\/\/www.tcuentaslp.gob.ar\/?p=656"},"modified":"2017-11-24T08:55:26","modified_gmt":"2017-11-24T11:55:26","slug":"la-titular-del-tdec-fue-designada-como-secretaria-en-asociacion-de-control-del-mercosur","status":"publish","type":"post","link":"https:\/\/www.tcuentaslp.gob.ar\/?p=656","title":{"rendered":"La titular del TdeC fue designada como Secretaria en asociaci\u00f3n de control del Mercosur"},"content":{"rendered":"<p>La presidente del Tribunal de Cuentas de La Pampa, Mar\u00eda Alejandra Mac Allister, fue designada como Secretaria de Relaciones Institucionales de la Asociaci\u00f3n de Entidades Oficiales de Control P\u00fablico del MERCOSUR (ASUR).<\/p>\n<p>Mac Allister junto a los vocales Jos\u00e9 Carlos Moslares y Francisco Garc\u00eda, particip\u00f3 en Posadas, Misiones, del XXIV Congreso de Tribunales de Cuentas de la Rep\u00fablica Argentina, un encuentro que reuni\u00f3 a unos trescientos profesionales, funcionarios y especialistas de organismos de control que representaron a las 23 jurisdicciones de Argentina. Al mismo tiempo, se llev\u00f3 a cabo la IV Reuni\u00f3n Anual del Secretariado Permanente de Tribunales de Cuentas, \u00d3rganos y Organismos P\u00fablicos de Control Externo, que renov\u00f3 autoridades. El Secretariado es una asociaci\u00f3n civil, constituida por los TdeC provinciales, municipales y por los organismos p\u00fablicos de control externo.<\/p>\n<p>Durante el Congreso se presentaron 38 ponencias de los trabajos aprobados de todo el pa\u00eds. En tanto, los secretarios se reunieron con los funcionarios de la Sindicatura General de la Naci\u00f3n (SIGEN).<\/p>\n<p>Los titulares de los Tribunales de Cuentas y Auditor\u00edas del pa\u00eds tambi\u00e9n se convocaron en la reuni\u00f3n de la Asociaci\u00f3n de Asociaci\u00f3n de Entidades Oficiales de Control P\u00fablico del MERCOSUR (ASUR), en la que se eligieron autoridades pro t\u00e9mpore para el periodo siguiente. Uno de los cargos recay\u00f3 en la titular del Tribunal pampeano. La ASUR est\u00e1 integrada por las Entidades P\u00fablicas de Control Externo de los pa\u00edses signatarios del MERCOSUR.<\/p>\n","protected":false},"excerpt":{"rendered":"<p>La presidente del Tribunal de Cuentas de La Pampa, Mar\u00eda Alejandra Mac Allister, fue designada como Secretaria de Relaciones Institucionales &#8230; <a title=\"La titular del TdeC fue designada como Secretaria en asociaci\u00f3n de control del Mercosur\" class=\"read-more\" href=\"https:\/\/www.tcuentaslp.gob.ar\/?p=656\">Leer m\u00e1s&#8230;<\/a><\/p>\n","protected":false},"author":2,"featured_media":657,"comment_status":"closed","ping_status":"closed","sticky":false,"template":"","format":"standard","meta":{"generate_page_header":""},"categories":[5],"tags":[37,53,54],"yoast_head":"<!-- This site is optimized with the Yoast SEO plugin v20.12 - https:\/\/yoast.com\/wordpress\/plugins\/seo\/ -->\n<title>La titular del TdeC fue designada como Secretaria en asociaci\u00f3n de control del Mercosur -<\/title>\n<meta name=\"robots\" content=\"index, follow, max-snippet:-1, max-image-preview:large, max-video-preview:-1\" \/>\n<link rel=\"canonical\" href=\"https:\/\/www.tcuentaslp.gob.ar\/?p=656\" \/>\n<meta property=\"og:locale\" content=\"es_ES\" \/>\n<meta property=\"og:type\" content=\"article\" \/>\n<meta property=\"og:title\" content=\"La titular del TdeC fue designada como Secretaria en asociaci\u00f3n de control del Mercosur -\" \/>\n<meta property=\"og:description\" content=\"La presidente del Tribunal de Cuentas de La Pampa, Mar\u00eda Alejandra Mac Allister, fue designada como Secretaria de Relaciones Institucionales ... Leer m\u00e1s...\" \/>\n<meta property=\"og:url\" content=\"https:\/\/www.tcuentaslp.gob.ar\/?p=656\" \/>\n<meta property=\"article:publisher\" content=\"https:\/\/es-la.facebook.com\/TdeCLaPampa\/\" \/>\n<meta property=\"article:published_time\" content=\"2017-11-24T11:55:26+00:00\" \/>\n<meta property=\"og:image\" content=\"https:\/\/www.tcuentaslp.gob.ar\/wp-content\/uploads\/2017\/11\/Congreso-Misiones-1-e1511524505990.jpg\" \/>\n\t<meta property=\"og:image:width\" content=\"660\" \/>\n\t<meta property=\"og:image:height\" content=\"538\" \/>\n\t<meta property=\"og:image:type\" content=\"image\/jpeg\" \/>\n<meta name=\"author\" content=\"Norberto Asquini\" \/>\n<meta name=\"twitter:card\" content=\"summary_large_image\" \/>\n<meta name=\"twitter:label1\" content=\"Escrito por\" \/>\n\t<meta name=\"twitter:data1\" content=\"Norberto Asquini\" \/>\n\t<meta name=\"twitter:label2\" content=\"Tiempo de lectura\" \/>\n\t<meta name=\"twitter:data2\" content=\"1 minuto\" \/>\n<script type=\"application\/ld+json\" class=\"yoast-schema-graph\">{\"@context\":\"https:\/\/schema.org\",\"@graph\":[{\"@type\":\"Article\",\"@id\":\"https:\/\/www.tcuentaslp.gob.ar\/?p=656#article\",\"isPartOf\":{\"@id\":\"https:\/\/www.tcuentaslp.gob.ar\/?p=656\"},\"author\":{\"name\":\"Norberto Asquini\",\"@id\":\"https:\/\/www.tcuentaslp.gob.ar\/#\/schema\/person\/6a478debd9d3d6faf9bc9b0029cbb15d\"},\"headline\":\"La titular del TdeC fue designada como Secretaria en asociaci\u00f3n de control del Mercosur\",\"datePublished\":\"2017-11-24T11:55:26+00:00\",\"dateModified\":\"2017-11-24T11:55:26+00:00\",\"mainEntityOfPage\":{\"@id\":\"https:\/\/www.tcuentaslp.gob.ar\/?p=656\"},\"wordCount\":267,\"publisher\":{\"@id\":\"https:\/\/www.tcuentaslp.gob.ar\/#organization\"},\"keywords\":[\"eventos\",\"Mac Allister\",\"Mercosur\"],\"articleSection\":[\"Noticias\"],\"inLanguage\":\"es-AR\"},{\"@type\":\"WebPage\",\"@id\":\"https:\/\/www.tcuentaslp.gob.ar\/?p=656\",\"url\":\"https:\/\/www.tcuentaslp.gob.ar\/?p=656\",\"name\":\"La titular del TdeC fue designada como Secretaria en asociaci\u00f3n de control del Mercosur -\",\"isPartOf\":{\"@id\":\"https:\/\/www.tcuentaslp.gob.ar\/#website\"},\"datePublished\":\"2017-11-24T11:55:26+00:00\",\"dateModified\":\"2017-11-24T11:55:26+00:00\",\"breadcrumb\":{\"@id\":\"https:\/\/www.tcuentaslp.gob.ar\/?p=656#breadcrumb\"},\"inLanguage\":\"es-AR\",\"potentialAction\":[{\"@type\":\"ReadAction\",\"target\":[\"https:\/\/www.tcuentaslp.gob.ar\/?p=656\"]}]},{\"@type\":\"BreadcrumbList\",\"@id\":\"https:\/\/www.tcuentaslp.gob.ar\/?p=656#breadcrumb\",\"itemListElement\":[{\"@type\":\"ListItem\",\"position\":1,\"name\":\"Inicio\",\"item\":\"https:\/\/www.tcuentaslp.gob.ar\/\"},{\"@type\":\"ListItem\",\"position\":2,\"name\":\"La titular del TdeC fue designada como Secretaria en asociaci\u00f3n de control del Mercosur\"}]},{\"@type\":\"WebSite\",\"@id\":\"https:\/\/www.tcuentaslp.gob.ar\/#website\",\"url\":\"https:\/\/www.tcuentaslp.gob.ar\/\",\"name\":\"Tribunal de Cuentas de La Pampa\",\"description\":\"\",\"publisher\":{\"@id\":\"https:\/\/www.tcuentaslp.gob.ar\/#organization\"},\"potentialAction\":[{\"@type\":\"SearchAction\",\"target\":{\"@type\":\"EntryPoint\",\"urlTemplate\":\"https:\/\/www.tcuentaslp.gob.ar\/?s={search_term_string}\"},\"query-input\":\"required name=search_term_string\"}],\"inLanguage\":\"es-AR\"},{\"@type\":\"Organization\",\"@id\":\"https:\/\/www.tcuentaslp.gob.ar\/#organization\",\"name\":\"Tribunal de Cuentas de La Pampa\",\"url\":\"https:\/\/www.tcuentaslp.gob.ar\/\",\"logo\":{\"@type\":\"ImageObject\",\"inLanguage\":\"es-AR\",\"@id\":\"https:\/\/www.tcuentaslp.gob.ar\/#\/schema\/logo\/image\/\",\"url\":\"http:\/\/www.tcuentaslp.gob.ar\/wp-content\/uploads\/2017\/10\/logo_tribunal.png\",\"contentUrl\":\"http:\/\/www.tcuentaslp.gob.ar\/wp-content\/uploads\/2017\/10\/logo_tribunal.png\",\"width\":200,\"height\":204,\"caption\":\"Tribunal de Cuentas de La Pampa\"},\"image\":{\"@id\":\"https:\/\/www.tcuentaslp.gob.ar\/#\/schema\/logo\/image\/\"},\"sameAs\":[\"https:\/\/es-la.facebook.com\/TdeCLaPampa\/\"]},{\"@type\":\"Person\",\"@id\":\"https:\/\/www.tcuentaslp.gob.ar\/#\/schema\/person\/6a478debd9d3d6faf9bc9b0029cbb15d\",\"name\":\"Norberto Asquini\"}]}<\/script>\n<!-- \/ Yoast SEO plugin. -->","yoast_head_json":{"title":"La titular del TdeC fue designada como Secretaria en asociaci\u00f3n de control del Mercosur -","robots":{"index":"index","follow":"follow","max-snippet":"max-snippet:-1","max-image-preview":"max-image-preview:large","max-video-preview":"max-video-preview:-1"},"canonical":"https:\/\/www.tcuentaslp.gob.ar\/?p=656","og_locale":"es_ES","og_type":"article","og_title":"La titular del TdeC fue designada como Secretaria en asociaci\u00f3n de control del Mercosur -","og_description":"La presidente del Tribunal de Cuentas de La Pampa, Mar\u00eda Alejandra Mac Allister, fue designada como Secretaria de Relaciones Institucionales ... Leer m\u00e1s...","og_url":"https:\/\/www.tcuentaslp.gob.ar\/?p=656","article_publisher":"https:\/\/es-la.facebook.com\/TdeCLaPampa\/","article_published_time":"2017-11-24T11:55:26+00:00","og_image":[{"width":660,"height":538,"url":"https:\/\/www.tcuentaslp.gob.ar\/wp-content\/uploads\/2017\/11\/Congreso-Misiones-1-e1511524505990.jpg","type":"image\/jpeg"}],"author":"Norberto Asquini","twitter_card":"summary_large_image","twitter_misc":{"Escrito por":"Norberto Asquini","Tiempo de lectura":"1 minuto"},"schema":{"@context":"https:\/\/schema.org","@graph":[{"@type":"Article","@id":"https:\/\/www.tcuentaslp.gob.ar\/?p=656#article","isPartOf":{"@id":"https:\/\/www.tcuentaslp.gob.ar\/?p=656"},"author":{"name":"Norberto Asquini","@id":"https:\/\/www.tcuentaslp.gob.ar\/#\/schema\/person\/6a478debd9d3d6faf9bc9b0029cbb15d"},"headline":"La titular del TdeC fue designada como Secretaria en asociaci\u00f3n de control del Mercosur","datePublished":"2017-11-24T11:55:26+00:00","dateModified":"2017-11-24T11:55:26+00:00","mainEntityOfPage":{"@id":"https:\/\/www.tcuentaslp.gob.ar\/?p=656"},"wordCount":267,"publisher":{"@id":"https:\/\/www.tcuentaslp.gob.ar\/#organization"},"keywords":["eventos","Mac Allister","Mercosur"],"articleSection":["Noticias"],"inLanguage":"es-AR"},{"@type":"WebPage","@id":"https:\/\/www.tcuentaslp.gob.ar\/?p=656","url":"https:\/\/www.tcuentaslp.gob.ar\/?p=656","name":"La titular del TdeC fue designada como Secretaria en asociaci\u00f3n de control del Mercosur -","isPartOf":{"@id":"https:\/\/www.tcuentaslp.gob.ar\/#website"},"datePublished":"2017-11-24T11:55:26+00:00","dateModified":"2017-11-24T11:55:26+00:00","breadcrumb":{"@id":"https:\/\/www.tcuentaslp.gob.ar\/?p=656#breadcrumb"},"inLanguage":"es-AR","potentialAction":[{"@type":"ReadAction","target":["https:\/\/www.tcuentaslp.gob.ar\/?p=656"]}]},{"@type":"BreadcrumbList","@id":"https:\/\/www.tcuentaslp.gob.ar\/?p=656#breadcrumb","itemListElement":[{"@type":"ListItem","position":1,"name":"Inicio","item":"https:\/\/www.tcuentaslp.gob.ar\/"},{"@type":"ListItem","position":2,"name":"La titular del TdeC fue designada como Secretaria en asociaci\u00f3n de control del Mercosur"}]},{"@type":"WebSite","@id":"https:\/\/www.tcuentaslp.gob.ar\/#website","url":"https:\/\/www.tcuentaslp.gob.ar\/","name":"Tribunal de Cuentas de La Pampa","description":"","publisher":{"@id":"https:\/\/www.tcuentaslp.gob.ar\/#organization"},"potentialAction":[{"@type":"SearchAction","target":{"@type":"EntryPoint","urlTemplate":"https:\/\/www.tcuentaslp.gob.ar\/?s={search_term_string}"},"query-input":"required name=search_term_string"}],"inLanguage":"es-AR"},{"@type":"Organization","@id":"https:\/\/www.tcuentaslp.gob.ar\/#organization","name":"Tribunal de Cuentas de La Pampa","url":"https:\/\/www.tcuentaslp.gob.ar\/","logo":{"@type":"ImageObject","inLanguage":"es-AR","@id":"https:\/\/www.tcuentaslp.gob.ar\/#\/schema\/logo\/image\/","url":"http:\/\/www.tcuentaslp.gob.ar\/wp-content\/uploads\/2017\/10\/logo_tribunal.png","contentUrl":"http:\/\/www.tcuentaslp.gob.ar\/wp-content\/uploads\/2017\/10\/logo_tribunal.png","width":200,"height":204,"caption":"Tribunal de Cuentas de La Pampa"},"image":{"@id":"https:\/\/www.tcuentaslp.gob.ar\/#\/schema\/logo\/image\/"},"sameAs":["https:\/\/es-la.facebook.com\/TdeCLaPampa\/"]},{"@type":"Person","@id":"https:\/\/www.tcuentaslp.gob.ar\/#\/schema\/person\/6a478debd9d3d6faf9bc9b0029cbb15d","name":"Norberto Asquini"}]}},"_links":{"self":[{"href":"https:\/\/www.tcuentaslp.gob.ar\/index.php?rest_route=\/wp\/v2\/posts\/656"}],"collection":[{"href":"https:\/\/www.tcuentaslp.gob.ar\/index.php?rest_route=\/wp\/v2\/posts"}],"about":[{"href":"https:\/\/www.tcuentaslp.gob.ar\/index.php?rest_route=\/wp\/v2\/types\/post"}],"author":[{"embeddable":true,"href":"https:\/\/www.tcuentaslp.gob.ar\/index.php?rest_route=\/wp\/v2\/users\/2"}],"replies":[{"embeddable":true,"href":"https:\/\/www.tcuentaslp.gob.ar\/index.php?rest_route=%2Fwp%2Fv2%2Fcomments&post=656"}],"version-history":[{"count":1,"href":"https:\/\/www.tcuentaslp.gob.ar\/index.php?rest_route=\/wp\/v2\/posts\/656\/revisions"}],"predecessor-version":[{"id":658,"href":"https:\/\/www.tcuentaslp.gob.ar\/index.php?rest_route=\/wp\/v2\/posts\/656\/revisions\/658"}],"wp:featuredmedia":[{"embeddable":true,"href":"https:\/\/www.tcuentaslp.gob.ar\/index.php?rest_route=\/wp\/v2\/media\/657"}],"wp:attachment":[{"href":"https:\/\/www.tcuentaslp.gob.ar\/index.php?rest_route=%2Fwp%2Fv2%2Fmedia&parent=656"}],"wp:term":[{"taxonomy":"category","embeddable":true,"href":"https:\/\/www.tcuentaslp.gob.ar\/index.php?rest_route=%2Fwp%2Fv2%2Fcategories&post=656"},{"taxonomy":"post_tag","embeddable":true,"href":"https:\/\/www.tcuentaslp.gob.ar\/index.php?rest_route=%2Fwp%2Fv2%2Ftags&post=656"}],"curies":[{"name":"wp","href":"https:\/\/api.w.org\/{rel}","templated":true}]}}