{"id":662,"date":"2017-11-24T08:59:59","date_gmt":"2017-11-24T11:59:59","guid":{"rendered":"http:\/\/www.tcuentaslp.gob.ar\/?p=662"},"modified":"2017-11-24T13:45:19","modified_gmt":"2017-11-24T16:45:19","slug":"traslado-del-tribunal-se-suspenden-plazos-de-presentaciones-por-una-semana","status":"publish","type":"post","link":"https:\/\/www.tcuentaslp.gob.ar\/?p=662","title":{"rendered":"Traslado del Tribunal: se suspenden plazos de presentaciones por una semana"},"content":{"rendered":"<p>El Tribunal de Cuentas de La Pampa informa que entre los d\u00edas 28 de noviembre y 1\u00ba de diciembre se suspender\u00e1n los plazos establecidos en el Decreto Ley N\u00ba 513\/69 para las presentaciones de los organismos e instituciones controladas, ya que las dependencias del TdeC se mudar\u00e1n a su nueva sede.<\/p>\n<p>El Tribunal consider\u00f3 mediante la Resoluci\u00f3n N\u00ba 238 que esta mudanza demandar\u00e1 que el personal se aboque al traslado de los bienes a la nueva sede, a la reubicaci\u00f3n de las oficinas y a la conexi\u00f3n de los sistemas inform\u00e1ticos necesarios para su funcionamiento. Por eso se decidi\u00f3 suspender durante la pr\u00f3xima semana los plazos de presentaciones de documentaci\u00f3n. Durante ese lapso no se atender\u00e1 al p\u00fablico.<\/p>\n<p>El nuevo edificio del Tribunal de Cuentas de La Pampa cuenta con 2.300 metros cuadrados y est\u00e1 ubicado en el predio del Centro C\u00edvico de Santa Rosa, cercano a la calle Padre Buodo y Belgrano. De esta manera dejar\u00e1 las oficinas que ocupa desde hace a\u00f1os en la avenida San Mart\u00edn 359, primer piso.<\/p>\n<p>Contar con una sede propia para el TdeC implica un avance en el marco de un desarrollo eficaz de las funciones de control constitucionalmente asignadas y otorgar\u00e1 a la planta de m\u00e1s de cien empleados entre propios y adscriptos una mayor comodidad para el desarrollo de las tareas cotidianas de control.<\/p>\n<p>&nbsp;<\/p>\n","protected":false},"excerpt":{"rendered":"<p>El Tribunal de Cuentas de La Pampa informa que entre los d\u00edas 28 de noviembre y 1\u00ba de diciembre se &#8230; <a title=\"Traslado del Tribunal: se suspenden plazos de presentaciones por una semana\" class=\"read-more\" href=\"https:\/\/www.tcuentaslp.gob.ar\/?p=662\">Leer m\u00e1s&#8230;<\/a><\/p>\n","protected":false},"author":2,"featured_media":664,"comment_status":"closed","ping_status":"closed","sticky":false,"template":"","format":"standard","meta":{"generate_page_header":""},"categories":[5],"tags":[56,55,57],"yoast_head":"<!-- This site is optimized with the Yoast SEO plugin v20.12 - https:\/\/yoast.com\/wordpress\/plugins\/seo\/ -->\n<title>Traslado del Tribunal: se suspenden plazos de presentaciones por una semana -<\/title>\n<meta name=\"robots\" content=\"index, follow, max-snippet:-1, max-image-preview:large, max-video-preview:-1\" \/>\n<link rel=\"canonical\" href=\"https:\/\/www.tcuentaslp.gob.ar\/?p=662\" \/>\n<meta property=\"og:locale\" content=\"es_ES\" \/>\n<meta property=\"og:type\" content=\"article\" \/>\n<meta property=\"og:title\" content=\"Traslado del Tribunal: se suspenden plazos de presentaciones por una semana -\" \/>\n<meta property=\"og:description\" content=\"El Tribunal de Cuentas de La Pampa informa que entre los d\u00edas 28 de noviembre y 1\u00ba de diciembre se ... Leer m\u00e1s...\" \/>\n<meta property=\"og:url\" content=\"https:\/\/www.tcuentaslp.gob.ar\/?p=662\" \/>\n<meta property=\"article:publisher\" content=\"https:\/\/es-la.facebook.com\/TdeCLaPampa\/\" \/>\n<meta property=\"article:published_time\" content=\"2017-11-24T11:59:59+00:00\" \/>\n<meta property=\"article:modified_time\" content=\"2017-11-24T16:45:19+00:00\" \/>\n<meta property=\"og:image\" content=\"https:\/\/www.tcuentaslp.gob.ar\/wp-content\/uploads\/2017\/11\/Frente-tribunal-diciembre.jpg\" \/>\n\t<meta property=\"og:image:width\" content=\"1106\" \/>\n\t<meta property=\"og:image:height\" content=\"668\" \/>\n\t<meta property=\"og:image:type\" content=\"image\/jpeg\" \/>\n<meta name=\"author\" content=\"Norberto Asquini\" \/>\n<meta name=\"twitter:card\" content=\"summary_large_image\" \/>\n<meta name=\"twitter:label1\" content=\"Escrito por\" \/>\n\t<meta name=\"twitter:data1\" content=\"Norberto Asquini\" \/>\n\t<meta name=\"twitter:label2\" content=\"Tiempo de lectura\" \/>\n\t<meta name=\"twitter:data2\" content=\"1 minuto\" \/>\n<script type=\"application\/ld+json\" class=\"yoast-schema-graph\">{\"@context\":\"https:\/\/schema.org\",\"@graph\":[{\"@type\":\"Article\",\"@id\":\"https:\/\/www.tcuentaslp.gob.ar\/?p=662#article\",\"isPartOf\":{\"@id\":\"https:\/\/www.tcuentaslp.gob.ar\/?p=662\"},\"author\":{\"name\":\"Norberto Asquini\",\"@id\":\"https:\/\/www.tcuentaslp.gob.ar\/#\/schema\/person\/6a478debd9d3d6faf9bc9b0029cbb15d\"},\"headline\":\"Traslado del Tribunal: se suspenden plazos de presentaciones por una semana\",\"datePublished\":\"2017-11-24T11:59:59+00:00\",\"dateModified\":\"2017-11-24T16:45:19+00:00\",\"mainEntityOfPage\":{\"@id\":\"https:\/\/www.tcuentaslp.gob.ar\/?p=662\"},\"wordCount\":243,\"publisher\":{\"@id\":\"https:\/\/www.tcuentaslp.gob.ar\/#organization\"},\"keywords\":[\"avisos\",\"Plazos\",\"Traslado\"],\"articleSection\":[\"Noticias\"],\"inLanguage\":\"es-AR\"},{\"@type\":\"WebPage\",\"@id\":\"https:\/\/www.tcuentaslp.gob.ar\/?p=662\",\"url\":\"https:\/\/www.tcuentaslp.gob.ar\/?p=662\",\"name\":\"Traslado del Tribunal: se suspenden plazos de presentaciones por una semana -\",\"isPartOf\":{\"@id\":\"https:\/\/www.tcuentaslp.gob.ar\/#website\"},\"datePublished\":\"2017-11-24T11:59:59+00:00\",\"dateModified\":\"2017-11-24T16:45:19+00:00\",\"breadcrumb\":{\"@id\":\"https:\/\/www.tcuentaslp.gob.ar\/?p=662#breadcrumb\"},\"inLanguage\":\"es-AR\",\"potentialAction\":[{\"@type\":\"ReadAction\",\"target\":[\"https:\/\/www.tcuentaslp.gob.ar\/?p=662\"]}]},{\"@type\":\"BreadcrumbList\",\"@id\":\"https:\/\/www.tcuentaslp.gob.ar\/?p=662#breadcrumb\",\"itemListElement\":[{\"@type\":\"ListItem\",\"position\":1,\"name\":\"Inicio\",\"item\":\"https:\/\/www.tcuentaslp.gob.ar\/\"},{\"@type\":\"ListItem\",\"position\":2,\"name\":\"Traslado del Tribunal: se suspenden plazos de presentaciones por una semana\"}]},{\"@type\":\"WebSite\",\"@id\":\"https:\/\/www.tcuentaslp.gob.ar\/#website\",\"url\":\"https:\/\/www.tcuentaslp.gob.ar\/\",\"name\":\"Tribunal de Cuentas de La Pampa\",\"description\":\"\",\"publisher\":{\"@id\":\"https:\/\/www.tcuentaslp.gob.ar\/#organization\"},\"potentialAction\":[{\"@type\":\"SearchAction\",\"target\":{\"@type\":\"EntryPoint\",\"urlTemplate\":\"https:\/\/www.tcuentaslp.gob.ar\/?s={search_term_string}\"},\"query-input\":\"required name=search_term_string\"}],\"inLanguage\":\"es-AR\"},{\"@type\":\"Organization\",\"@id\":\"https:\/\/www.tcuentaslp.gob.ar\/#organization\",\"name\":\"Tribunal de Cuentas de La Pampa\",\"url\":\"https:\/\/www.tcuentaslp.gob.ar\/\",\"logo\":{\"@type\":\"ImageObject\",\"inLanguage\":\"es-AR\",\"@id\":\"https:\/\/www.tcuentaslp.gob.ar\/#\/schema\/logo\/image\/\",\"url\":\"http:\/\/www.tcuentaslp.gob.ar\/wp-content\/uploads\/2017\/10\/logo_tribunal.png\",\"contentUrl\":\"http:\/\/www.tcuentaslp.gob.ar\/wp-content\/uploads\/2017\/10\/logo_tribunal.png\",\"width\":200,\"height\":204,\"caption\":\"Tribunal de Cuentas de La Pampa\"},\"image\":{\"@id\":\"https:\/\/www.tcuentaslp.gob.ar\/#\/schema\/logo\/image\/\"},\"sameAs\":[\"https:\/\/es-la.facebook.com\/TdeCLaPampa\/\"]},{\"@type\":\"Person\",\"@id\":\"https:\/\/www.tcuentaslp.gob.ar\/#\/schema\/person\/6a478debd9d3d6faf9bc9b0029cbb15d\",\"name\":\"Norberto Asquini\"}]}<\/script>\n<!-- \/ Yoast SEO plugin. -->","yoast_head_json":{"title":"Traslado del Tribunal: se suspenden plazos de presentaciones por una semana -","robots":{"index":"index","follow":"follow","max-snippet":"max-snippet:-1","max-image-preview":"max-image-preview:large","max-video-preview":"max-video-preview:-1"},"canonical":"https:\/\/www.tcuentaslp.gob.ar\/?p=662","og_locale":"es_ES","og_type":"article","og_title":"Traslado del Tribunal: se suspenden plazos de presentaciones por una semana -","og_description":"El Tribunal de Cuentas de La Pampa informa que entre los d\u00edas 28 de noviembre y 1\u00ba de diciembre se ... Leer m\u00e1s...","og_url":"https:\/\/www.tcuentaslp.gob.ar\/?p=662","article_publisher":"https:\/\/es-la.facebook.com\/TdeCLaPampa\/","article_published_time":"2017-11-24T11:59:59+00:00","article_modified_time":"2017-11-24T16:45:19+00:00","og_image":[{"width":1106,"height":668,"url":"https:\/\/www.tcuentaslp.gob.ar\/wp-content\/uploads\/2017\/11\/Frente-tribunal-diciembre.jpg","type":"image\/jpeg"}],"author":"Norberto Asquini","twitter_card":"summary_large_image","twitter_misc":{"Escrito por":"Norberto Asquini","Tiempo de lectura":"1 minuto"},"schema":{"@context":"https:\/\/schema.org","@graph":[{"@type":"Article","@id":"https:\/\/www.tcuentaslp.gob.ar\/?p=662#article","isPartOf":{"@id":"https:\/\/www.tcuentaslp.gob.ar\/?p=662"},"author":{"name":"Norberto Asquini","@id":"https:\/\/www.tcuentaslp.gob.ar\/#\/schema\/person\/6a478debd9d3d6faf9bc9b0029cbb15d"},"headline":"Traslado del Tribunal: se suspenden plazos de presentaciones por una semana","datePublished":"2017-11-24T11:59:59+00:00","dateModified":"2017-11-24T16:45:19+00:00","mainEntityOfPage":{"@id":"https:\/\/www.tcuentaslp.gob.ar\/?p=662"},"wordCount":243,"publisher":{"@id":"https:\/\/www.tcuentaslp.gob.ar\/#organization"},"keywords":["avisos","Plazos","Traslado"],"articleSection":["Noticias"],"inLanguage":"es-AR"},{"@type":"WebPage","@id":"https:\/\/www.tcuentaslp.gob.ar\/?p=662","url":"https:\/\/www.tcuentaslp.gob.ar\/?p=662","name":"Traslado del Tribunal: se suspenden plazos de presentaciones por una semana -","isPartOf":{"@id":"https:\/\/www.tcuentaslp.gob.ar\/#website"},"datePublished":"2017-11-24T11:59:59+00:00","dateModified":"2017-11-24T16:45:19+00:00","breadcrumb":{"@id":"https:\/\/www.tcuentaslp.gob.ar\/?p=662#breadcrumb"},"inLanguage":"es-AR","potentialAction":[{"@type":"ReadAction","target":["https:\/\/www.tcuentaslp.gob.ar\/?p=662"]}]},{"@type":"BreadcrumbList","@id":"https:\/\/www.tcuentaslp.gob.ar\/?p=662#breadcrumb","itemListElement":[{"@type":"ListItem","position":1,"name":"Inicio","item":"https:\/\/www.tcuentaslp.gob.ar\/"},{"@type":"ListItem","position":2,"name":"Traslado del Tribunal: se suspenden plazos de presentaciones por una semana"}]},{"@type":"WebSite","@id":"https:\/\/www.tcuentaslp.gob.ar\/#website","url":"https:\/\/www.tcuentaslp.gob.ar\/","name":"Tribunal de Cuentas de La Pampa","description":"","publisher":{"@id":"https:\/\/www.tcuentaslp.gob.ar\/#organization"},"potentialAction":[{"@type":"SearchAction","target":{"@type":"EntryPoint","urlTemplate":"https:\/\/www.tcuentaslp.gob.ar\/?s={search_term_string}"},"query-input":"required name=search_term_string"}],"inLanguage":"es-AR"},{"@type":"Organization","@id":"https:\/\/www.tcuentaslp.gob.ar\/#organization","name":"Tribunal de Cuentas de La Pampa","url":"https:\/\/www.tcuentaslp.gob.ar\/","logo":{"@type":"ImageObject","inLanguage":"es-AR","@id":"https:\/\/www.tcuentaslp.gob.ar\/#\/schema\/logo\/image\/","url":"http:\/\/www.tcuentaslp.gob.ar\/wp-content\/uploads\/2017\/10\/logo_tribunal.png","contentUrl":"http:\/\/www.tcuentaslp.gob.ar\/wp-content\/uploads\/2017\/10\/logo_tribunal.png","width":200,"height":204,"caption":"Tribunal de Cuentas de La Pampa"},"image":{"@id":"https:\/\/www.tcuentaslp.gob.ar\/#\/schema\/logo\/image\/"},"sameAs":["https:\/\/es-la.facebook.com\/TdeCLaPampa\/"]},{"@type":"Person","@id":"https:\/\/www.tcuentaslp.gob.ar\/#\/schema\/person\/6a478debd9d3d6faf9bc9b0029cbb15d","name":"Norberto Asquini"}]}},"_links":{"self":[{"href":"https:\/\/www.tcuentaslp.gob.ar\/index.php?rest_route=\/wp\/v2\/posts\/662"}],"collection":[{"href":"https:\/\/www.tcuentaslp.gob.ar\/index.php?rest_route=\/wp\/v2\/posts"}],"about":[{"href":"https:\/\/www.tcuentaslp.gob.ar\/index.php?rest_route=\/wp\/v2\/types\/post"}],"author":[{"embeddable":true,"href":"https:\/\/www.tcuentaslp.gob.ar\/index.php?rest_route=\/wp\/v2\/users\/2"}],"replies":[{"embeddable":true,"href":"https:\/\/www.tcuentaslp.gob.ar\/index.php?rest_route=%2Fwp%2Fv2%2Fcomments&post=662"}],"version-history":[{"count":1,"href":"https:\/\/www.tcuentaslp.gob.ar\/index.php?rest_route=\/wp\/v2\/posts\/662\/revisions"}],"predecessor-version":[{"id":663,"href":"https:\/\/www.tcuentaslp.gob.ar\/index.php?rest_route=\/wp\/v2\/posts\/662\/revisions\/663"}],"wp:featuredmedia":[{"embeddable":true,"href":"https:\/\/www.tcuentaslp.gob.ar\/index.php?rest_route=\/wp\/v2\/media\/664"}],"wp:attachment":[{"href":"https:\/\/www.tcuentaslp.gob.ar\/index.php?rest_route=%2Fwp%2Fv2%2Fmedia&parent=662"}],"wp:term":[{"taxonomy":"category","embeddable":true,"href":"https:\/\/www.tcuentaslp.gob.ar\/index.php?rest_route=%2Fwp%2Fv2%2Fcategories&post=662"},{"taxonomy":"post_tag","embeddable":true,"href":"https:\/\/www.tcuentaslp.gob.ar\/index.php?rest_route=%2Fwp%2Fv2%2Ftags&post=662"}],"curies":[{"name":"wp","href":"https:\/\/api.w.org\/{rel}","templated":true}]}}