{"id":666,"date":"2017-12-06T10:40:03","date_gmt":"2017-12-06T13:40:03","guid":{"rendered":"http:\/\/www.tcuentaslp.gob.ar\/?p=666"},"modified":"2017-12-06T10:40:53","modified_gmt":"2017-12-06T13:40:53","slug":"el-tribunal-ya-atiende-en-su-nueva-sede-ubicada-en-el-centro-civico","status":"publish","type":"post","link":"https:\/\/www.tcuentaslp.gob.ar\/?p=666","title":{"rendered":"El Tribunal de Cuentas ya atiende en su nueva sede ubicada en el Centro C\u00edvico"},"content":{"rendered":"<p>A partir del lunes 4 de diciembre el Tribunal de Cuentas comenz\u00f3 su atenci\u00f3n habitual en la nueva sede ubicada en el Centro C\u00edvico de Santa Rosa, sobre Pasaje Superior Tribunal y Padre Buodo.<\/p>\n<p>Durante la semana previa los m\u00e1s de cien empleados estuvieron abocados a la mudanza, por lo que los plazos establecidos en el Decreto Ley N\u00ba 513\/69 para las presentaciones de los organismos e instituciones controlados fueron suspendidos durante ese lapso. Cabe destacar la rapidez en la puesta en funcionamiento del Tribunal en su nuevo edificio, que demand\u00f3 la reubicaci\u00f3n de todas las oficinas y la conexi\u00f3n de los sistemas inform\u00e1ticos necesarios para su trabajo. De hecho, si bien no se atendi\u00f3 al p\u00fablico, no se frenaron los expedientes en marcha sino que se retomaron de inmediato para evitar demoras y complicaciones.<\/p>\n<p>El Tribunal adem\u00e1s informa que en los pr\u00f3ximos d\u00edas se dar\u00e1 a conocer la fecha oficial de inauguraci\u00f3n de la nueva sede que ser\u00e1 antes de fin de a\u00f1o. Una vez finalizada la entrega de la obra, se podr\u00e1 definir el d\u00eda y horario para su apertura oficial.<\/p>\n<p>Contar con una sede propia implica para el TdeC un avance en el marco de un desarrollo eficaz de las funciones de control constitucionalmente asignadas y otorgar\u00e1 a la planta de m\u00e1s de cien empleados entre propios y adscriptos una mayor comodidad para el desarrollo de las tareas cotidianas de control.<\/p>\n","protected":false},"excerpt":{"rendered":"<p>A partir del lunes 4 de diciembre el Tribunal de Cuentas comenz\u00f3 su atenci\u00f3n habitual en la nueva sede ubicada &#8230; <a title=\"El Tribunal de Cuentas ya atiende en su nueva sede ubicada en el Centro C\u00edvico\" class=\"read-more\" href=\"https:\/\/www.tcuentaslp.gob.ar\/?p=666\">Leer m\u00e1s&#8230;<\/a><\/p>\n","protected":false},"author":2,"featured_media":667,"comment_status":"closed","ping_status":"closed","sticky":false,"template":"","format":"standard","meta":{"generate_page_header":""},"categories":[5],"tags":[59,58],"yoast_head":"<!-- This site is optimized with the Yoast SEO plugin v20.12 - https:\/\/yoast.com\/wordpress\/plugins\/seo\/ -->\n<title>El Tribunal de Cuentas ya atiende en su nueva sede ubicada en el Centro C\u00edvico -<\/title>\n<meta name=\"robots\" content=\"index, follow, max-snippet:-1, max-image-preview:large, max-video-preview:-1\" \/>\n<link rel=\"canonical\" href=\"https:\/\/www.tcuentaslp.gob.ar\/?p=666\" \/>\n<meta property=\"og:locale\" content=\"es_ES\" \/>\n<meta property=\"og:type\" content=\"article\" \/>\n<meta property=\"og:title\" content=\"El Tribunal de Cuentas ya atiende en su nueva sede ubicada en el Centro C\u00edvico -\" \/>\n<meta property=\"og:description\" content=\"A partir del lunes 4 de diciembre el Tribunal de Cuentas comenz\u00f3 su atenci\u00f3n habitual en la nueva sede ubicada ... Leer m\u00e1s...\" \/>\n<meta property=\"og:url\" content=\"https:\/\/www.tcuentaslp.gob.ar\/?p=666\" \/>\n<meta property=\"article:publisher\" content=\"https:\/\/es-la.facebook.com\/TdeCLaPampa\/\" \/>\n<meta property=\"article:published_time\" content=\"2017-12-06T13:40:03+00:00\" \/>\n<meta property=\"article:modified_time\" content=\"2017-12-06T13:40:53+00:00\" \/>\n<meta property=\"og:image\" content=\"https:\/\/www.tcuentaslp.gob.ar\/wp-content\/uploads\/2017\/12\/Nueva-sede-3-e1512567578887.jpg\" \/>\n\t<meta property=\"og:image:width\" content=\"660\" \/>\n\t<meta property=\"og:image:height\" content=\"413\" \/>\n\t<meta property=\"og:image:type\" content=\"image\/jpeg\" \/>\n<meta name=\"author\" content=\"Norberto Asquini\" \/>\n<meta name=\"twitter:card\" content=\"summary_large_image\" \/>\n<meta name=\"twitter:label1\" content=\"Escrito por\" \/>\n\t<meta name=\"twitter:data1\" content=\"Norberto Asquini\" \/>\n\t<meta name=\"twitter:label2\" content=\"Tiempo de lectura\" \/>\n\t<meta name=\"twitter:data2\" content=\"1 minuto\" \/>\n<script type=\"application\/ld+json\" class=\"yoast-schema-graph\">{\"@context\":\"https:\/\/schema.org\",\"@graph\":[{\"@type\":\"Article\",\"@id\":\"https:\/\/www.tcuentaslp.gob.ar\/?p=666#article\",\"isPartOf\":{\"@id\":\"https:\/\/www.tcuentaslp.gob.ar\/?p=666\"},\"author\":{\"name\":\"Norberto Asquini\",\"@id\":\"https:\/\/www.tcuentaslp.gob.ar\/#\/schema\/person\/6a478debd9d3d6faf9bc9b0029cbb15d\"},\"headline\":\"El Tribunal de Cuentas ya atiende en su nueva sede ubicada en el Centro C\u00edvico\",\"datePublished\":\"2017-12-06T13:40:03+00:00\",\"dateModified\":\"2017-12-06T13:40:53+00:00\",\"mainEntityOfPage\":{\"@id\":\"https:\/\/www.tcuentaslp.gob.ar\/?p=666\"},\"wordCount\":262,\"publisher\":{\"@id\":\"https:\/\/www.tcuentaslp.gob.ar\/#organization\"},\"keywords\":[\"atenci\u00f3n\",\"Sede\"],\"articleSection\":[\"Noticias\"],\"inLanguage\":\"es-AR\"},{\"@type\":\"WebPage\",\"@id\":\"https:\/\/www.tcuentaslp.gob.ar\/?p=666\",\"url\":\"https:\/\/www.tcuentaslp.gob.ar\/?p=666\",\"name\":\"El Tribunal de Cuentas ya atiende en su nueva sede ubicada en el Centro C\u00edvico -\",\"isPartOf\":{\"@id\":\"https:\/\/www.tcuentaslp.gob.ar\/#website\"},\"datePublished\":\"2017-12-06T13:40:03+00:00\",\"dateModified\":\"2017-12-06T13:40:53+00:00\",\"breadcrumb\":{\"@id\":\"https:\/\/www.tcuentaslp.gob.ar\/?p=666#breadcrumb\"},\"inLanguage\":\"es-AR\",\"potentialAction\":[{\"@type\":\"ReadAction\",\"target\":[\"https:\/\/www.tcuentaslp.gob.ar\/?p=666\"]}]},{\"@type\":\"BreadcrumbList\",\"@id\":\"https:\/\/www.tcuentaslp.gob.ar\/?p=666#breadcrumb\",\"itemListElement\":[{\"@type\":\"ListItem\",\"position\":1,\"name\":\"Inicio\",\"item\":\"https:\/\/www.tcuentaslp.gob.ar\/\"},{\"@type\":\"ListItem\",\"position\":2,\"name\":\"El Tribunal de Cuentas ya atiende en su nueva sede ubicada en el Centro C\u00edvico\"}]},{\"@type\":\"WebSite\",\"@id\":\"https:\/\/www.tcuentaslp.gob.ar\/#website\",\"url\":\"https:\/\/www.tcuentaslp.gob.ar\/\",\"name\":\"Tribunal de Cuentas de La Pampa\",\"description\":\"\",\"publisher\":{\"@id\":\"https:\/\/www.tcuentaslp.gob.ar\/#organization\"},\"potentialAction\":[{\"@type\":\"SearchAction\",\"target\":{\"@type\":\"EntryPoint\",\"urlTemplate\":\"https:\/\/www.tcuentaslp.gob.ar\/?s={search_term_string}\"},\"query-input\":\"required name=search_term_string\"}],\"inLanguage\":\"es-AR\"},{\"@type\":\"Organization\",\"@id\":\"https:\/\/www.tcuentaslp.gob.ar\/#organization\",\"name\":\"Tribunal de Cuentas de La Pampa\",\"url\":\"https:\/\/www.tcuentaslp.gob.ar\/\",\"logo\":{\"@type\":\"ImageObject\",\"inLanguage\":\"es-AR\",\"@id\":\"https:\/\/www.tcuentaslp.gob.ar\/#\/schema\/logo\/image\/\",\"url\":\"http:\/\/www.tcuentaslp.gob.ar\/wp-content\/uploads\/2017\/10\/logo_tribunal.png\",\"contentUrl\":\"http:\/\/www.tcuentaslp.gob.ar\/wp-content\/uploads\/2017\/10\/logo_tribunal.png\",\"width\":200,\"height\":204,\"caption\":\"Tribunal de Cuentas de La Pampa\"},\"image\":{\"@id\":\"https:\/\/www.tcuentaslp.gob.ar\/#\/schema\/logo\/image\/\"},\"sameAs\":[\"https:\/\/es-la.facebook.com\/TdeCLaPampa\/\"]},{\"@type\":\"Person\",\"@id\":\"https:\/\/www.tcuentaslp.gob.ar\/#\/schema\/person\/6a478debd9d3d6faf9bc9b0029cbb15d\",\"name\":\"Norberto Asquini\"}]}<\/script>\n<!-- \/ Yoast SEO plugin. -->","yoast_head_json":{"title":"El Tribunal de Cuentas ya atiende en su nueva sede ubicada en el Centro C\u00edvico -","robots":{"index":"index","follow":"follow","max-snippet":"max-snippet:-1","max-image-preview":"max-image-preview:large","max-video-preview":"max-video-preview:-1"},"canonical":"https:\/\/www.tcuentaslp.gob.ar\/?p=666","og_locale":"es_ES","og_type":"article","og_title":"El Tribunal de Cuentas ya atiende en su nueva sede ubicada en el Centro C\u00edvico -","og_description":"A partir del lunes 4 de diciembre el Tribunal de Cuentas comenz\u00f3 su atenci\u00f3n habitual en la nueva sede ubicada ... Leer m\u00e1s...","og_url":"https:\/\/www.tcuentaslp.gob.ar\/?p=666","article_publisher":"https:\/\/es-la.facebook.com\/TdeCLaPampa\/","article_published_time":"2017-12-06T13:40:03+00:00","article_modified_time":"2017-12-06T13:40:53+00:00","og_image":[{"width":660,"height":413,"url":"https:\/\/www.tcuentaslp.gob.ar\/wp-content\/uploads\/2017\/12\/Nueva-sede-3-e1512567578887.jpg","type":"image\/jpeg"}],"author":"Norberto Asquini","twitter_card":"summary_large_image","twitter_misc":{"Escrito por":"Norberto Asquini","Tiempo de lectura":"1 minuto"},"schema":{"@context":"https:\/\/schema.org","@graph":[{"@type":"Article","@id":"https:\/\/www.tcuentaslp.gob.ar\/?p=666#article","isPartOf":{"@id":"https:\/\/www.tcuentaslp.gob.ar\/?p=666"},"author":{"name":"Norberto Asquini","@id":"https:\/\/www.tcuentaslp.gob.ar\/#\/schema\/person\/6a478debd9d3d6faf9bc9b0029cbb15d"},"headline":"El Tribunal de Cuentas ya atiende en su nueva sede ubicada en el Centro C\u00edvico","datePublished":"2017-12-06T13:40:03+00:00","dateModified":"2017-12-06T13:40:53+00:00","mainEntityOfPage":{"@id":"https:\/\/www.tcuentaslp.gob.ar\/?p=666"},"wordCount":262,"publisher":{"@id":"https:\/\/www.tcuentaslp.gob.ar\/#organization"},"keywords":["atenci\u00f3n","Sede"],"articleSection":["Noticias"],"inLanguage":"es-AR"},{"@type":"WebPage","@id":"https:\/\/www.tcuentaslp.gob.ar\/?p=666","url":"https:\/\/www.tcuentaslp.gob.ar\/?p=666","name":"El Tribunal de Cuentas ya atiende en su nueva sede ubicada en el Centro C\u00edvico -","isPartOf":{"@id":"https:\/\/www.tcuentaslp.gob.ar\/#website"},"datePublished":"2017-12-06T13:40:03+00:00","dateModified":"2017-12-06T13:40:53+00:00","breadcrumb":{"@id":"https:\/\/www.tcuentaslp.gob.ar\/?p=666#breadcrumb"},"inLanguage":"es-AR","potentialAction":[{"@type":"ReadAction","target":["https:\/\/www.tcuentaslp.gob.ar\/?p=666"]}]},{"@type":"BreadcrumbList","@id":"https:\/\/www.tcuentaslp.gob.ar\/?p=666#breadcrumb","itemListElement":[{"@type":"ListItem","position":1,"name":"Inicio","item":"https:\/\/www.tcuentaslp.gob.ar\/"},{"@type":"ListItem","position":2,"name":"El Tribunal de Cuentas ya atiende en su nueva sede ubicada en el Centro C\u00edvico"}]},{"@type":"WebSite","@id":"https:\/\/www.tcuentaslp.gob.ar\/#website","url":"https:\/\/www.tcuentaslp.gob.ar\/","name":"Tribunal de Cuentas de La Pampa","description":"","publisher":{"@id":"https:\/\/www.tcuentaslp.gob.ar\/#organization"},"potentialAction":[{"@type":"SearchAction","target":{"@type":"EntryPoint","urlTemplate":"https:\/\/www.tcuentaslp.gob.ar\/?s={search_term_string}"},"query-input":"required name=search_term_string"}],"inLanguage":"es-AR"},{"@type":"Organization","@id":"https:\/\/www.tcuentaslp.gob.ar\/#organization","name":"Tribunal de Cuentas de La Pampa","url":"https:\/\/www.tcuentaslp.gob.ar\/","logo":{"@type":"ImageObject","inLanguage":"es-AR","@id":"https:\/\/www.tcuentaslp.gob.ar\/#\/schema\/logo\/image\/","url":"http:\/\/www.tcuentaslp.gob.ar\/wp-content\/uploads\/2017\/10\/logo_tribunal.png","contentUrl":"http:\/\/www.tcuentaslp.gob.ar\/wp-content\/uploads\/2017\/10\/logo_tribunal.png","width":200,"height":204,"caption":"Tribunal de Cuentas de La Pampa"},"image":{"@id":"https:\/\/www.tcuentaslp.gob.ar\/#\/schema\/logo\/image\/"},"sameAs":["https:\/\/es-la.facebook.com\/TdeCLaPampa\/"]},{"@type":"Person","@id":"https:\/\/www.tcuentaslp.gob.ar\/#\/schema\/person\/6a478debd9d3d6faf9bc9b0029cbb15d","name":"Norberto Asquini"}]}},"_links":{"self":[{"href":"https:\/\/www.tcuentaslp.gob.ar\/index.php?rest_route=\/wp\/v2\/posts\/666"}],"collection":[{"href":"https:\/\/www.tcuentaslp.gob.ar\/index.php?rest_route=\/wp\/v2\/posts"}],"about":[{"href":"https:\/\/www.tcuentaslp.gob.ar\/index.php?rest_route=\/wp\/v2\/types\/post"}],"author":[{"embeddable":true,"href":"https:\/\/www.tcuentaslp.gob.ar\/index.php?rest_route=\/wp\/v2\/users\/2"}],"replies":[{"embeddable":true,"href":"https:\/\/www.tcuentaslp.gob.ar\/index.php?rest_route=%2Fwp%2Fv2%2Fcomments&post=666"}],"version-history":[{"count":2,"href":"https:\/\/www.tcuentaslp.gob.ar\/index.php?rest_route=\/wp\/v2\/posts\/666\/revisions"}],"predecessor-version":[{"id":669,"href":"https:\/\/www.tcuentaslp.gob.ar\/index.php?rest_route=\/wp\/v2\/posts\/666\/revisions\/669"}],"wp:featuredmedia":[{"embeddable":true,"href":"https:\/\/www.tcuentaslp.gob.ar\/index.php?rest_route=\/wp\/v2\/media\/667"}],"wp:attachment":[{"href":"https:\/\/www.tcuentaslp.gob.ar\/index.php?rest_route=%2Fwp%2Fv2%2Fmedia&parent=666"}],"wp:term":[{"taxonomy":"category","embeddable":true,"href":"https:\/\/www.tcuentaslp.gob.ar\/index.php?rest_route=%2Fwp%2Fv2%2Fcategories&post=666"},{"taxonomy":"post_tag","embeddable":true,"href":"https:\/\/www.tcuentaslp.gob.ar\/index.php?rest_route=%2Fwp%2Fv2%2Ftags&post=666"}],"curies":[{"name":"wp","href":"https:\/\/api.w.org\/{rel}","templated":true}]}}